{"id":100538,"date":"2021-09-20T10:29:39","date_gmt":"2021-09-20T13:29:39","guid":{"rendered":"https:\/\/portalv1.com.br\/?p=100538"},"modified":"2021-09-20T10:31:43","modified_gmt":"2021-09-20T13:31:43","slug":"jovem-e-preso-suspeito-de-matar-homem-a-tiros-apos-discussao-em-bar-de-pimenteiras","status":"publish","type":"post","link":"https:\/\/portalv1.com.br\/jovem-e-preso-suspeito-de-matar-homem-a-tiros-apos-discussao-em-bar-de-pimenteiras\/","title":{"rendered":"Jovem \u00e9 preso suspeito de matar homem a tiros ap\u00f3s discuss\u00e3o em bar de Pimenteiras"},"content":{"rendered":"<div class=\"mc-column content-text active-extra-styles \" data-block-type=\"unstyled\" data-block-weight=\"43\" data-block-id=\"2\">\n<p class=\"content-text__container \" data-track-category=\"Link no Texto\" data-track-links=\"\"><a href=\"https:\/\/portalv1.com.br\/app\/wp-content\/uploads\/2021\/09\/POLICIA.jpeg\"><img loading=\"lazy\" decoding=\"async\" class=\"aligncenter size-large wp-image-100539\" src=\"https:\/\/portalv1.com.br\/app\/wp-content\/uploads\/2021\/09\/POLICIA-640x480.jpeg\" alt=\"\" width=\"600\" height=\"450\" srcset=\"https:\/\/portalv1.com.br\/app\/wp-content\/uploads\/2021\/09\/POLICIA-640x480.jpeg 640w, https:\/\/portalv1.com.br\/app\/wp-content\/uploads\/2021\/09\/POLICIA-300x225.jpeg 300w, https:\/\/portalv1.com.br\/app\/wp-content\/uploads\/2021\/09\/POLICIA-768x576.jpeg 768w, https:\/\/portalv1.com.br\/app\/wp-content\/uploads\/2021\/09\/POLICIA.jpeg 984w\" sizes=\"auto, (max-width: 600px) 100vw, 600px\" \/><\/a>Um homem identificado como Ant\u00f4nio Wesley Ferreira de Sousa, de 21 anos, foi preso neste domingo (19) pela Pol\u00edcia Militar suspeito de matar a tiros Israel Alves Santos, de 26 anos. O crime aconteceu em um bar na cidade de&nbsp;Pimenteiras, no Piau\u00ed.<\/p>\n<\/div>\n<div class=\"wall protected-content\">\n<div class=\"mc-column content-text active-extra-styles \" data-block-type=\"unstyled\" data-block-weight=\"33\" data-block-id=\"3\">\n<p class=\"content-text__container \" data-track-category=\"Link no Texto\" data-track-links=\"\">Segundo a Pol\u00edcia Militar, a v\u00edtima e o suspeito estavam no bar quando come\u00e7aram a discutir. Durante a briga, o suspeito teria sacado uma pistola e atirado em Israel, que faleceu no local.<\/p>\n<\/div>\n<div class=\"mc-column content-text active-extra-styles \" data-block-type=\"unstyled\" data-block-weight=\"47\" data-block-id=\"4\">\n<p class=\"content-text__container \" data-track-category=\"Link no Texto\" data-track-links=\"\">O suspeito fugiu do local e a Pol\u00edcia Militar foi acionada. Logo os policiais foram informados que parentes do suspeito moravam em um s\u00edtio na localidade Serra dos Rodrigues, na zona rural de Parambu, munic\u00edpio do Cear\u00e1 que fica na divisa entre o Piau\u00ed e o Cear\u00e1.<\/p>\n<\/div>\n<div class=\"mc-column content-text active-extra-styles \" data-block-type=\"unstyled\" data-block-weight=\"40\" data-block-id=\"5\">\n<p class=\"content-text__container \" data-track-category=\"Link no Texto\" data-track-links=\"\">Os policiais foram at\u00e9 o s\u00edtio e encontraram o suspeito. No local tamb\u00e9m foi encontrada a arma de fogo utilizada no crime. Ant\u00f4nio Wesley foi preso e levado para a Delegacia de Valen\u00e7a do Piau\u00ed, que deve investigar o caso.<\/p>\n<p data-track-category=\"Link no Texto\" data-track-links=\"\">Fonte: G1<\/p>\n<\/div>\n<\/div>\n","protected":false},"excerpt":{"rendered":"<p>Um homem identificado como Ant\u00f4nio Wesley Ferreira de Sousa, de 21 anos, foi preso neste domingo (19) pela Pol\u00edcia Militar suspeito de matar a tiros Israel Alves Santos, de 26&#8230;<\/p>\n","protected":false},"author":1,"featured_media":100539,"comment_status":"open","ping_status":"open","sticky":false,"template":"","format":"standard","meta":{"ngg_post_thumbnail":0,"footnotes":""},"categories":[243],"tags":[],"class_list":["post-100538","post","type-post","status-publish","format-standard","has-post-thumbnail","hentry","category-geral"],"views":1982,"meta_data":{"thumb":"https:\/\/portalv1.com.br\/app\/wp-content\/uploads\/2021\/09\/POLICIA.jpeg","imagem":{"fullsize":{"url":"https:\/\/portalv1.com.br\/app\/wp-content\/uploads\/2021\/09\/POLICIA.jpeg","width":984,"height":738},"medium":{"url":"https:\/\/portalv1.com.br\/app\/wp-content\/uploads\/2021\/09\/POLICIA-300x225.jpeg","width":300,"height":225},"large":{"url":"https:\/\/portalv1.com.br\/app\/wp-content\/uploads\/2021\/09\/POLICIA-640x480.jpeg","width":640,"height":480},"thumbnail":{"url":"https:\/\/portalv1.com.br\/app\/wp-content\/uploads\/2021\/09\/POLICIA-100x100.jpeg","width":100,"height":100},"medium_large":{"url":"https:\/\/portalv1.com.br\/app\/wp-content\/uploads\/2021\/09\/POLICIA-768x576.jpeg","width":768,"height":576}},"data":{"simple":"20\/09\/2021","date_time":"20\/09\/2021 07:29:39","date":"h\u00e1 5 anos"},"chapeu":"Saiba Detalhes ","source":"m_destacada"},"_links":{"self":[{"href":"https:\/\/portalv1.com.br\/api\/wp\/v2\/posts\/100538","targetHints":{"allow":["GET"]}}],"collection":[{"href":"https:\/\/portalv1.com.br\/api\/wp\/v2\/posts"}],"about":[{"href":"https:\/\/portalv1.com.br\/api\/wp\/v2\/types\/post"}],"author":[{"embeddable":true,"href":"https:\/\/portalv1.com.br\/api\/wp\/v2\/users\/1"}],"replies":[{"embeddable":true,"href":"https:\/\/portalv1.com.br\/api\/wp\/v2\/comments?post=100538"}],"version-history":[{"count":0,"href":"https:\/\/portalv1.com.br\/api\/wp\/v2\/posts\/100538\/revisions"}],"wp:featuredmedia":[{"embeddable":true,"href":"https:\/\/portalv1.com.br\/api\/wp\/v2\/media\/100539"}],"wp:attachment":[{"href":"https:\/\/portalv1.com.br\/api\/wp\/v2\/media?parent=100538"}],"wp:term":[{"taxonomy":"category","embeddable":true,"href":"https:\/\/portalv1.com.br\/api\/wp\/v2\/categories?post=100538"},{"taxonomy":"post_tag","embeddable":true,"href":"https:\/\/portalv1.com.br\/api\/wp\/v2\/tags?post=100538"}],"curies":[{"name":"wp","href":"https:\/\/api.w.org\/{rel}","templated":true}]}}