{"id":10144,"date":"2011-09-06T10:07:11","date_gmt":"2011-09-06T13:07:11","guid":{"rendered":"https:\/\/portalv1.com.br\/?p=10144"},"modified":"2011-09-08T10:05:36","modified_gmt":"2011-09-08T13:05:36","slug":"eliseu-franca-lider-critica-gestao-do-prefeito-alcantara","status":"publish","type":"post","link":"https:\/\/portalv1.com.br\/eliseu-franca-lider-critica-gestao-do-prefeito-alcantara\/","title":{"rendered":"Eliseu Fran\u00e7a: L\u00edder critica gest\u00e3o do prefeito Alc\u00e2ntara"},"content":{"rendered":"<figure id=\"attachment_3233\" aria-describedby=\"caption-attachment-3233\" style=\"width: 300px\" class=\"wp-caption alignright\"><a href=\"https:\/\/portalv1.com.br\/app\/wp-content\/uploads\/2010\/03\/eliseufran\u00e7a.jpg\"><img loading=\"lazy\" decoding=\"async\" class=\"size-full wp-image-3233\" title=\"eliseufran\u00e7a\" src=\"https:\/\/portalv1.com.br\/app\/wp-content\/uploads\/2010\/03\/eliseufran\u00e7a.jpg\" alt=\"\" width=\"300\" height=\"183\" \/><\/a><figcaption id=\"caption-attachment-3233\" class=\"wp-caption-text\">vereador Eliseu Fran\u00e7a <\/figcaption><\/figure>\n<p>O vereador Eliseu Fran\u00e7a l\u00edder do prefeito na c\u00e2mara fez um desabafo na sess\u00e3o desta segunda-feira (05) sobre o preconceito que o prefeito Alc\u00e2ntara vem tendo com os moradores do bairro conhecido popularmente de Poeir\u00e3o. O vereador disse que pediu atrav\u00e9s de requerimentos e pessoalmente que a prefeitura beneficie a popula\u00e7\u00e3o do bairro com pavimenta\u00e7\u00e3o poli\u00e9drica e at\u00e9 agora n\u00e3o foi feito nada.<\/p>\n<p>O vereador disse que na semana passada esteve no local e se sentiu envergonhado diante das cobran\u00e7as dos moradores, que n\u00e3o acreditam mais na solu\u00e7\u00e3o do problema nessa administra\u00e7\u00e3o. O vereador disse que o mais desagrad\u00e1vel \u00e9 que a prefeitura chegou a colocar pedras, areia e fez at\u00e9 o meio fio, mais depois o arrancou e levou todo o material sem nenhuma justificativa.<\/p>\n<p>Eliseu Fran\u00e7a que tem sete mandatos criticou ainda a maneira que a prefeitura vem adotando na hora de pavimentar a cidade, ou seja, ao inv\u00e9s de beneficiar uma rua por completo a prefeitura constr\u00f3i um peda\u00e7o aqui e outro ali o que na opini\u00e3o do l\u00edder do prefeito \u00e9 totalmente errada. Ele defendeu que o cal\u00e7amento seja constru\u00eddo de forma continua.<\/p>\n<p>O grande problema segundo o vereador \u00e9 que no per\u00edodo chuvoso a popula\u00e7\u00e3o passa por muitas dificuldades devido o estado das ruas. O vereador disse que sempre foi fiel ao prefeito e por isso n\u00e3o entende o motivo da exclus\u00e3o desse seu pedido que vem desde o mandato anterior. O vereador revelou que o prefeito prometeu construir a obra at\u00e9 mesmo com recursos pr\u00f3prios caso n\u00e3o conseguisse emendas.<\/p>\n<p>O desabafo do vereador atingiu at\u00e9 mesmo os deputados Julio Cezar e Wilson Brand\u00e3o votados pelo prefeito e pelo vereador que segundo o mesmo tamb\u00e9m estiveram visitando o local prometendo a obra e at\u00e9 o momento nada foi feito.<\/p>\n<p>Ou\u00e7a parte do pronunciamento do vereador<br \/>\n<div class=\"content-iframe\" data-content-width=\"600\"><embed width=\"420\" height=\"250\" src=\"http:\/\/www.4shared.com\/embed\/770501509\/2d274859\" allowfullscreen=\"true\" allowscriptaccess=\"always\"><\/embed><\/div><\/p>\n","protected":false},"excerpt":{"rendered":"<p>O vereador Eliseu Fran\u00e7a l\u00edder do prefeito na c\u00e2mara fez um desabafo na sess\u00e3o desta segunda-feira (05) sobre o preconceito que o prefeito Alc\u00e2ntara vem tendo com os moradores do&#8230;<\/p>\n","protected":false},"author":1,"featured_media":0,"comment_status":"open","ping_status":"open","sticky":false,"template":"","format":"standard","meta":{"ngg_post_thumbnail":0,"footnotes":""},"categories":[12],"tags":[],"class_list":["post-10144","post","type-post","status-publish","format-standard","hentry","category-valenca-news"],"views":798,"meta_data":{"thumb":"https:\/\/portalv1.com.br\/app\/wp-content\/uploads\/2010\/03\/eliseufran\u00e7a.jpg","data":{"simple":"06\/09\/2011","date_time":"06\/09\/2011 07:07:11","date":"h\u00e1 15 anos"},"chapeu":"","source":""},"_links":{"self":[{"href":"https:\/\/portalv1.com.br\/api\/wp\/v2\/posts\/10144","targetHints":{"allow":["GET"]}}],"collection":[{"href":"https:\/\/portalv1.com.br\/api\/wp\/v2\/posts"}],"about":[{"href":"https:\/\/portalv1.com.br\/api\/wp\/v2\/types\/post"}],"author":[{"embeddable":true,"href":"https:\/\/portalv1.com.br\/api\/wp\/v2\/users\/1"}],"replies":[{"embeddable":true,"href":"https:\/\/portalv1.com.br\/api\/wp\/v2\/comments?post=10144"}],"version-history":[{"count":0,"href":"https:\/\/portalv1.com.br\/api\/wp\/v2\/posts\/10144\/revisions"}],"wp:attachment":[{"href":"https:\/\/portalv1.com.br\/api\/wp\/v2\/media?parent=10144"}],"wp:term":[{"taxonomy":"category","embeddable":true,"href":"https:\/\/portalv1.com.br\/api\/wp\/v2\/categories?post=10144"},{"taxonomy":"post_tag","embeddable":true,"href":"https:\/\/portalv1.com.br\/api\/wp\/v2\/tags?post=10144"}],"curies":[{"name":"wp","href":"https:\/\/api.w.org\/{rel}","templated":true}]}}