{"id":10148,"date":"2011-09-06T18:10:06","date_gmt":"2011-09-06T21:10:06","guid":{"rendered":"https:\/\/portalv1.com.br\/?p=10148"},"modified":"2011-09-06T18:10:06","modified_gmt":"2011-09-06T21:10:06","slug":"rubens-alencar-podera-ser-candidato-diz-o-tribunal-regional-eleitoral","status":"publish","type":"post","link":"https:\/\/portalv1.com.br\/rubens-alencar-podera-ser-candidato-diz-o-tribunal-regional-eleitoral\/","title":{"rendered":"Rubens Alencar poder\u00e1 ser candidato diz o Tribunal Regional Eleitoral"},"content":{"rendered":"<figure id=\"attachment_4733\" aria-describedby=\"caption-attachment-4733\" style=\"width: 300px\" class=\"wp-caption alignright\"><a href=\"https:\/\/portalv1.com.br\/app\/wp-content\/uploads\/2010\/07\/rubensmargarete.jpg\"><img loading=\"lazy\" decoding=\"async\" class=\"size-full wp-image-4733\" title=\"rubensmargarete\" src=\"https:\/\/portalv1.com.br\/app\/wp-content\/uploads\/2010\/07\/rubensmargarete.jpg\" alt=\"\" width=\"300\" height=\"183\" \/><\/a><figcaption id=\"caption-attachment-4733\" class=\"wp-caption-text\">Rubens Alencar e Margarete Coelho deputada estadual eleita<\/figcaption><\/figure>\n<p>O Tribunal Regional Eleitoral anulou totalmente nesta segunda-feira (05), o processo contra o ex-candidato a prefeito de Valen\u00e7a do Piaui Rubens Alencar. Com a decis\u00e3o, o ex-candidato poder\u00e1 ser candidato nas pr\u00f3ximas elei\u00e7\u00f5es, caso viabilize junto aos demais partidos. A noticia foi anunciada pela advogada Margarete Coelho no Jornal da Horizonte desta ter\u00e7a-feira (06).<\/p>\n<p>A advogada que tamb\u00e9m \u00e9 deputada estadual afirmou que n\u00e3o tinha duvidas sobre o resultado, uma vez, que o processo estava errado desde sua origem. Margarete Coelho afirmou que o pedido de anula\u00e7\u00e3o tamb\u00e9m foi sugerido pelo pr\u00f3prio Minist\u00e9rio Publico. Rubens Alencar tamb\u00e9m em entrevista ao Jornal da Horizonte disse est\u00e1 tranq\u00fcilo com a decis\u00e3o, que veio confirmar a fragilidade do processo que serviu apenas para animar seus advers\u00e1rios, que tentam a todo custo evitar um confronto no pr\u00f3ximo ano.<\/p>\n<p>Sobre a sucess\u00e3o do pr\u00f3ximo ano ele disse que seu nome est\u00e1 \u00e0 disposi\u00e7\u00e3o, assim como os dos vereadores Ielva Mel\u00e3o, Joaquim Filho, Tico Adriano, Gilmar Barbosa e de todos os que queiram tirar Valen\u00e7a desse modelo administrativo, que segundo o mesmo beneficia apenas algumas pessoas em detrimento da popula\u00e7\u00e3o.<\/p>\n","protected":false},"excerpt":{"rendered":"<p>O Tribunal Regional Eleitoral anulou totalmente nesta segunda-feira (05), o processo contra o ex-candidato a prefeito de Valen\u00e7a do Piaui Rubens Alencar. Com a decis\u00e3o, o ex-candidato poder\u00e1 ser candidato&#8230;<\/p>\n","protected":false},"author":1,"featured_media":0,"comment_status":"open","ping_status":"open","sticky":false,"template":"","format":"standard","meta":{"ngg_post_thumbnail":0,"footnotes":""},"categories":[243],"tags":[],"class_list":["post-10148","post","type-post","status-publish","format-standard","hentry","category-geral"],"views":1092,"meta_data":{"thumb":"https:\/\/portalv1.com.br\/app\/wp-content\/uploads\/2010\/07\/rubensmargarete.jpg","data":{"simple":"06\/09\/2011","date_time":"06\/09\/2011 15:10:06","date":"h\u00e1 15 anos"},"chapeu":"","source":""},"_links":{"self":[{"href":"https:\/\/portalv1.com.br\/api\/wp\/v2\/posts\/10148","targetHints":{"allow":["GET"]}}],"collection":[{"href":"https:\/\/portalv1.com.br\/api\/wp\/v2\/posts"}],"about":[{"href":"https:\/\/portalv1.com.br\/api\/wp\/v2\/types\/post"}],"author":[{"embeddable":true,"href":"https:\/\/portalv1.com.br\/api\/wp\/v2\/users\/1"}],"replies":[{"embeddable":true,"href":"https:\/\/portalv1.com.br\/api\/wp\/v2\/comments?post=10148"}],"version-history":[{"count":0,"href":"https:\/\/portalv1.com.br\/api\/wp\/v2\/posts\/10148\/revisions"}],"wp:attachment":[{"href":"https:\/\/portalv1.com.br\/api\/wp\/v2\/media?parent=10148"}],"wp:term":[{"taxonomy":"category","embeddable":true,"href":"https:\/\/portalv1.com.br\/api\/wp\/v2\/categories?post=10148"},{"taxonomy":"post_tag","embeddable":true,"href":"https:\/\/portalv1.com.br\/api\/wp\/v2\/tags?post=10148"}],"curies":[{"name":"wp","href":"https:\/\/api.w.org\/{rel}","templated":true}]}}