{"id":101820,"date":"2021-09-29T15:15:53","date_gmt":"2021-09-29T18:15:53","guid":{"rendered":"https:\/\/portalv1.com.br\/?p=101820"},"modified":"2021-10-01T12:28:51","modified_gmt":"2021-10-01T15:28:51","slug":"valenca-publica-decreto-com-novas-medidas-para-eventos-e-declara-feriado-municipal-no-dia-04-de-outubro","status":"publish","type":"post","link":"https:\/\/portalv1.com.br\/valenca-publica-decreto-com-novas-medidas-para-eventos-e-declara-feriado-municipal-no-dia-04-de-outubro\/","title":{"rendered":"Valen\u00e7a publica Decreto com novas medidas para eventos e declara feriado municipal no dia 04 de outubro"},"content":{"rendered":"<figure id=\"attachment_86100\" aria-describedby=\"caption-attachment-86100\" style=\"width: 640px\" class=\"wp-caption aligncenter\"><img loading=\"lazy\" decoding=\"async\" class=\"wp-image-86100 size-full\" src=\"https:\/\/portalv1.com.br\/app\/wp-content\/uploads\/2020\/05\/WhatsApp-Image-2020-05-18-at-11.26.42-Copy.jpeg\" alt=\"\" width=\"640\" height=\"360\" srcset=\"https:\/\/portalv1.com.br\/app\/wp-content\/uploads\/2020\/05\/WhatsApp-Image-2020-05-18-at-11.26.42-Copy.jpeg 640w, https:\/\/portalv1.com.br\/app\/wp-content\/uploads\/2020\/05\/WhatsApp-Image-2020-05-18-at-11.26.42-Copy-300x169.jpeg 300w\" sizes=\"auto, (max-width: 640px) 100vw, 640px\" \/><figcaption id=\"caption-attachment-86100\" class=\"wp-caption-text\">Valen\u00e7a do Piaui<\/figcaption><\/figure>\n<p>A Prefeitura Municipal de Valen\u00e7a do Piau\u00ed, publicou nesta quarta-feira, 29 de setembro, o Decreto de n\u00ba 054\/2021 com medidas restritivas que visam conter o aumento de casos de COVID-19 no munic\u00edpio.<\/p>\n<p>O novo decreto reduz o hor\u00e1rio de eventos: lives e similares e a quantidade de p\u00fablico presente, ficando condicionados ao hor\u00e1rio das 16h \u00e0s 01h, com p\u00fablico m\u00e1ximo de 150 pessoas. O p\u00fablico participante presencialmente ainda deve apresenta o cart\u00e3o de vacina para comprovar que est\u00e1 imunizado contra COVID-19 e poder ter acesso ao evento.<\/p>\n<p>Para realiza\u00e7\u00e3o de eventos a organiza\u00e7\u00e3o precisa ter autoriza\u00e7\u00e3o pelo \u00f3rg\u00e3o competente, podendo passar por fiscaliza\u00e7\u00e3o do Poder Executivo e da Vigil\u00e2ncia Sanit\u00e1ria do Munic\u00edpio de Valen\u00e7a do Piau\u00ed.<\/p>\n<p>Caso seja descumprido alguma das regras contidas no artigo, o respons\u00e1vel al\u00e9m de ter o evento cancelado, poder\u00e1 ainda responder por crime de desobedi\u00eancia e multado no valor de 01 \u00e0 10 sal\u00e1rios m\u00ednimos.<\/p>\n<p>O decreto tamb\u00e9m declara o dia 04 de outubro, feriado municipal pela festividade religiosa em honra ao padroeiro da Par\u00f3quia de S\u00e3o Francisco de Assis.<\/p>\n<p>O decreto municipal est\u00e1 em vigor at\u00e9 o dia 15 de outubro de 2021, onde novas altera\u00e7\u00f5es podem ser realizadas.<\/p>\n<p>Veja o decreto na integra<\/p>\n<p><strong>DECRETO N\u00b0 054\/2021-GAB<\/strong>&nbsp;&nbsp;&nbsp; &nbsp;&nbsp;&nbsp;&nbsp;&nbsp;&nbsp;&nbsp;&nbsp;&nbsp;&nbsp;&nbsp;&nbsp;&nbsp;&nbsp;&nbsp;Valen\u00e7a do Piau\u00ed-PI, 29 de setembro de 2021.<\/p>\n<p>&nbsp;<\/p>\n<p><strong><em>\u201cDisp\u00f5es sobre a realiza\u00e7\u00e3o de festas e eventos, funcionamento do com\u00e9rcio local, as medidas sanit\u00e1rias excepcionais a serem adotadas para o enfrentamento da COVID-19, feriado<\/em><\/strong><em> <strong>municipal dia 04 de outubro de 2021 em<\/strong><\/em><strong><em> Louva\u00e7\u00e3o a S\u00e3o Francisco de Assis<\/em><\/strong> <strong><em>e d\u00e1 outras providencias.\u201d<\/em><\/strong><\/p>\n<p>&nbsp;<\/p>\n<p><strong>O PREFEITO MUNICIPAL DO MUNIC\u00cdPIO DE VALEN\u00c7A DO PIAU\u00cd, ESTADO DO PIAU\u00cd<\/strong>, no uso da compet\u00eancia privativa que lhe confere a Art. 70, inciso VI da Lei Org\u00e2nica de Valen\u00e7a do Piau\u00ed.<\/p>\n<p>&nbsp;<\/p>\n<p><strong>CONSIDERANDO<\/strong> a grave crise de sa\u00fade p\u00fablica em decorr\u00eancia da pandemia da covid-19 e o seu car\u00e1ter absolutamente excepcional a impor medidas de combate \u00e0 dissemina\u00e7\u00e3o do surto pand\u00eamico;<\/p>\n<p><strong>CONSIDERANDO <\/strong>o aumento no n\u00famero de casos nos \u00faltimos dias na cidade de Valen\u00e7a do Piau\u00ed \u2013 Piau\u00ed;<\/p>\n<p><strong>CONSIDERANDO <\/strong>a avalia\u00e7\u00e3o epidemiol\u00f3gica e as recomenda\u00e7\u00f5es apresentadas pelo Comit\u00ea Gestor de medidas de enfrentamento da pandemia coronav\u00edrus covid-19;<\/p>\n<p><strong>CONSIDERANDO<\/strong> a necessidade de intensificar as medidas de conten\u00e7\u00e3o da propaga\u00e7\u00e3o do novo coronav\u00edrus e preservar a presta\u00e7\u00e3o de servi\u00e7os das atividades essenciais;<\/p>\n<p><strong>CONSIDERANDO<\/strong> o Considerando as medidas e a\u00e7\u00f5es recomendadas pela Organiza\u00e7\u00e3o Mundial de Sa\u00fade (OMS), Minist\u00e9rio da Sa\u00fade (MS) e Ag\u00eancia Nacional de Vigil\u00e2ncia Sanit\u00e1ria (ANVISA) diante dos cen\u00e1rios de pandemia, emerg\u00eancia em Sa\u00fade P\u00fablica a n\u00edvel internacional (Lei Federal N\u00ba 13.979\/2020) e munic\u00edpios brasileiros\/piauienses, em decorr\u00eancia da infec\u00e7\u00e3o humana pelo Novo Coronav\u00edrus: SARS-CoV-2, agente causador da doen\u00e7a COVID-19.<\/p>\n<p><strong>&nbsp;<\/strong><\/p>\n<p><strong>DECRETA:<\/strong><\/p>\n<p>&nbsp;<\/p>\n<p>Art. 1\u00b0 &#8211; Eventos, live e similares, s\u00f3 poder\u00e3o serem realizados das 16 horas \u00e0 01 hora, com p\u00fablico no m\u00e1ximo de <strong>150 (cento e cinquenta) pessoas<\/strong>, ficando condicionado a autoriza\u00e7\u00e3o e fiscaliza\u00e7\u00e3o do Poder Executivo, bem como autoriza\u00e7\u00e3o da Vigil\u00e2ncia Sanit\u00e1ria do Munic\u00edpio de Valen\u00e7a do Piau\u00ed, mediante documenta\u00e7\u00e3o emitida por este \u00f3rg\u00e3o, contendo as regras a serem obedecidas, seguindo os protocolos de medidas higienicossanit\u00e1rias.<\/p>\n<p>1\u00ba As pessoas que estar\u00e3o no evento, dever\u00e3o estarem vacinadas contra a COVID-19, SENDO OBRIGAT\u00d3RIO A APRESENTA\u00c7\u00c3O DO CART\u00c3O DE VACINA na entrada do evento;2\u00ba O respons\u00e1vel pelo evento que descumprir as regras contidas neste artigo, al\u00e9m da suspens\u00e3o do evento, poder\u00e1 responder por crime de desobedi\u00eancia, bem como no arbitramento de multa no importe de 01(um) \u00e0 10 (dez) sal\u00e1rios m\u00ednimos.<\/p>\n<p>Art. 2\u00ba Al\u00e9m do disposto no art. 1\u00ba deste Decreto, fica determinada a ado\u00e7\u00e3o das seguintes medidas:<\/p>\n<p>I &#8211; restaurantes e estabelecimentos similares s\u00f3 poder\u00e3o funcionar 08 horas at\u00e9 as 00 horas, condicionada \u00e0 estrita obedi\u00eancia aos protocolos espec\u00edficos de medidas higienicossanit\u00e1rias;<\/p>\n<p>II \u2013 bares e estabelecimentos similares, bem como lojas de conveni\u00eancia e dep\u00f3sitos de bebidas, s\u00f3 poder\u00e3o funcionar de segunda \u00e0 quinta-feira das 08 horas at\u00e9 as 00 horas, e sexta-feira, s\u00e1bado e domingo somente nas modalidade DELIVERY at\u00e9 as 22 horas, ficando VEDADO o uso de qualquer tipo de SOM EM VIAS P\u00daBLICAS ou qualquer atividade que gere aglomera\u00e7\u00e3o, seja no estabelecimento, seja no seu entorno;<\/p>\n<p>III &#8211; o com\u00e9rcio em geral poder\u00e1 funcionar de segunda \u00e0 sexta-feira das 07 horas at\u00e9 as 18 horas, e aos s\u00e1bados das 07 horas at\u00e9 as 12 horas;<\/p>\n<p>IV &#8211; feira ao ar livre, s\u00f3 poder\u00e1 funcionar no s\u00e1bado das 05 horas at\u00e9 as 12 horas;<\/p>\n<p>V &#8211; os supermercados, mercadinhos, frigor\u00edficos, sacol\u00e3o e estabelecimentos similares, somente poder\u00e3o funcionar de segunda \u00e0 s\u00e1bado das 07 horas at\u00e9 as 19 horas;<\/p>\n<p>VI- as farm\u00e1cias s\u00f3 poder\u00e3o funcionar das 07 horas at\u00e9 as 22 horas;<\/p>\n<p>VII &#8211; as academias e locais de atividades f\u00edsicas, somente poder\u00e3o funcionar de segunda \u00e0 sexta-feira das 05 horas at\u00e9 as 21 horas, com p\u00fablico limitado a 50% (cinquenta por cento) da capacidade com espa\u00e7amento m\u00ednimo entre pessoas de 2 metros, sendo obrigat\u00f3rio o uso de mascar\u00e1s;<\/p>\n<p>VIII &#8211; postos de combust\u00edveis, distribuidores de g\u00e1s e borracharias, s\u00f3 poder\u00e3o funcionar das 05 horas at\u00e9 as 23 horas;<\/p>\n<p>IX &#8211; atividades religiosas, com p\u00fablico limitado a 50% (cinquenta por cento) da capacidade de templos e igrejas;<\/p>\n<p>X &#8211; sal\u00e3o de beleza e estabelecimentos similares, s\u00f3 poder\u00e3o funcionar por agendamento de segunda-feira \u00e0 s\u00e1bado das 08 horas at\u00e9 as 20 horas;<\/p>\n<p>XI &#8211; trailers, padarias, sorveterias e lanchonetes s\u00f3 poder\u00e3o funcionar das 07 horas at\u00e9 as 23 horas;<\/p>\n<p>XII &#8211; as aulas presenciais na rede municipal de ensino privado, somente poder\u00e3o ocorrer com a quantidade de alunos limitado a 50% (cinquenta por cento);<\/p>\n<p>XIII- clubes, balne\u00e1rios e estabelecimentos similares, somente poder\u00e3o funcionar das 08 horas at\u00e9 as 21 horas, com p\u00fablico limitado a 30% (trinta por cento) da capacidade.<\/p>\n<p>1\u00ba os propriet\u00e1rios e respons\u00e1veis pelos estabelecimentos e atividades em funcionamento, dever\u00e3o seguir os protocolos de medidas higienicossanit\u00e1rias, tais como: a higieniza\u00e7\u00e3o das m\u00e3os com \u00e1lcool em gel e lavat\u00f3rio; o aferimento da temperatura corporal; e o controle do fluxo de pessoas de modo a impedir aglomera\u00e7\u00f5es;<\/p>\n<p>2\u00ba nos estabelecimentos dos incisos I, II e XI deste artigo, os clientes dever\u00e3o permanecer devidamente sentados e acomodados em mesas para at\u00e9 04 (quatro) pessoas, respeitando o distanciamento m\u00ednimo de 02 (dois) metros entre as mesas e as demais medidas, como uso de \u00e1lcool em gel e m\u00e1scara de prote\u00e7\u00e3o facial, em conformidade com as medidas higienicossanit\u00e1rias.<\/p>\n<p>Art. 3\u00b0 &#8211; O atendimento nas reparti\u00e7\u00f5es p\u00fablicas municipais ser\u00e1 por agendamento, com hor\u00e1rio de funcionamento das 08 horas \u00e0s 13 horas, com exce\u00e7\u00e3o dos servi\u00e7os da sa\u00fade municipal, que poder\u00e3o funcionar das 07 horas \u00e0s 18 horas.<\/p>\n<p>Art. 4\u00ba &#8211; Fica vedada, no hor\u00e1rio compreendido entre 02 horas e \u00e0s 05 horas, a circula\u00e7\u00e3o de pessoas em espa\u00e7os e vias p\u00fablicas, ou em espa\u00e7os e vias privadas equiparadas a vias p\u00fablicas, ressalvados os deslocamentos de extrema necessidade referentes:<\/p>\n<p>I &#8211; a unidades de sa\u00fade para atendimento m\u00e9dico, no caso de necessidade de atendimento presencial, a unidades policial ou judici\u00e1ria;<\/p>\n<p>II &#8211; ao trabalho em atividades essenciais ou estabelecimentos autorizados a funcionar na forma da legisla\u00e7\u00e3o;<\/p>\n<p>III &#8211; a entrega de bens essenciais a pessoas do grupo de risco;<\/p>\n<p>IV- as outras atividades de natureza an\u00e1loga ou por outros motivos de for\u00e7a maior ou necessidade impreter\u00edvel, desde que devidamente justificados.<\/p>\n<p>Art. 5\u00ba &#8211; O descumprimento do disposto no presente Decreto Municipal, poder\u00e1 sujeitar o estabelecimento comercial ser interditado, ter o Alvar\u00e1 de funcionamento cassado, sujeitando tamb\u00e9m o propriet\u00e1rio ou respons\u00e1vel responder por crime de desobedi\u00eancia, bem como no arbitramento de multa no importe de 01(um) \u00e0 10 (dez) sal\u00e1rios m\u00ednimos.<\/p>\n<p>Art. 6\u00b0 &#8211; A fiscaliza\u00e7\u00e3o das medidas determinadas deste Decreto ser\u00e1 exercida pela Vigil\u00e2ncia Sanit\u00e1ria Municipal, em articula\u00e7\u00e3o com os servi\u00e7os de Vigil\u00e2ncia Sanit\u00e1ria Estadual, e com o apoio das Pol\u00edcias Civis e Militar.<\/p>\n<p>Art. 7<strong>\u00b0<\/strong> &#8211; Fica decretado <strong>feriado<\/strong> municipal em todo territ\u00f3rio do Munic\u00edpio de Valen\u00e7a do Piau\u00ed &#8211; PI, no dia 04 (quatro) do m\u00eas de outubro de 2021, em<strong> Louva\u00e7\u00e3o a S\u00e3o Francisco de Assis, <\/strong>conforme a Lei n\u00b0 1.142\/2010 de 03 de dezembro de 2010.<\/p>\n<p>Art.8\u00b0 &#8211; Este Decreto entra em vigor na data de sua publica\u00e7\u00e3o, at\u00e9 a data do dia 15 de outubro de 2021, revogadas disposi\u00e7\u00f5es em contr\u00e1rias.<\/p>\n<p>&nbsp;<\/p>\n<p>Gabinete do Prefeito Municipal de Valen\u00e7a do Piau\u00ed &#8211; PI, 29 de setembro de 2021.<\/p>\n<p>&nbsp;<\/p>\n<p>____________________________________<\/p>\n<p><strong>MARCELO COSTA E SILVA<\/strong><\/p>\n<p><strong>PREFEITO MUNICIPAL<\/strong><\/p>\n<p>&nbsp;<\/p>\n","protected":false},"excerpt":{"rendered":"<p>A Prefeitura Municipal de Valen\u00e7a do Piau\u00ed, publicou nesta quarta-feira, 29 de setembro, o Decreto de n\u00ba 054\/2021 com medidas restritivas que visam conter o aumento de casos de COVID-19&#8230;<\/p>\n","protected":false},"author":16,"featured_media":86100,"comment_status":"open","ping_status":"open","sticky":false,"template":"","format":"standard","meta":{"ngg_post_thumbnail":0,"footnotes":""},"categories":[243],"tags":[],"class_list":["post-101820","post","type-post","status-publish","format-standard","has-post-thumbnail","hentry","category-geral"],"views":1006,"meta_data":{"thumb":"https:\/\/portalv1.com.br\/app\/wp-content\/uploads\/2020\/05\/WhatsApp-Image-2020-05-18-at-11.26.42-Copy.jpeg","imagem":{"fullsize":{"url":"https:\/\/portalv1.com.br\/app\/wp-content\/uploads\/2020\/05\/WhatsApp-Image-2020-05-18-at-11.26.42-Copy.jpeg","width":640,"height":360},"medium":{"url":"https:\/\/portalv1.com.br\/app\/wp-content\/uploads\/2020\/05\/WhatsApp-Image-2020-05-18-at-11.26.42-Copy-300x169.jpeg","width":300,"height":169},"thumbnail":{"url":"https:\/\/portalv1.com.br\/app\/wp-content\/uploads\/2020\/05\/WhatsApp-Image-2020-05-18-at-11.26.42-Copy-100x100.jpeg","width":100,"height":100}},"data":{"simple":"29\/09\/2021","date_time":"29\/09\/2021 12:15:53","date":"h\u00e1 5 anos"},"chapeu":"MEDIDAS RESTRITIVAS","source":"slide"},"_links":{"self":[{"href":"https:\/\/portalv1.com.br\/api\/wp\/v2\/posts\/101820","targetHints":{"allow":["GET"]}}],"collection":[{"href":"https:\/\/portalv1.com.br\/api\/wp\/v2\/posts"}],"about":[{"href":"https:\/\/portalv1.com.br\/api\/wp\/v2\/types\/post"}],"author":[{"embeddable":true,"href":"https:\/\/portalv1.com.br\/api\/wp\/v2\/users\/16"}],"replies":[{"embeddable":true,"href":"https:\/\/portalv1.com.br\/api\/wp\/v2\/comments?post=101820"}],"version-history":[{"count":0,"href":"https:\/\/portalv1.com.br\/api\/wp\/v2\/posts\/101820\/revisions"}],"wp:featuredmedia":[{"embeddable":true,"href":"https:\/\/portalv1.com.br\/api\/wp\/v2\/media\/86100"}],"wp:attachment":[{"href":"https:\/\/portalv1.com.br\/api\/wp\/v2\/media?parent=101820"}],"wp:term":[{"taxonomy":"category","embeddable":true,"href":"https:\/\/portalv1.com.br\/api\/wp\/v2\/categories?post=101820"},{"taxonomy":"post_tag","embeddable":true,"href":"https:\/\/portalv1.com.br\/api\/wp\/v2\/tags?post=101820"}],"curies":[{"name":"wp","href":"https:\/\/api.w.org\/{rel}","templated":true}]}}