{"id":10199,"date":"2011-09-12T08:35:45","date_gmt":"2011-09-12T11:35:45","guid":{"rendered":"https:\/\/portalv1.com.br\/?p=10199"},"modified":"2011-09-14T00:41:12","modified_gmt":"2011-09-14T03:41:12","slug":"qual-sua-opiniao-sobre-a-cidade-de-valenca-do-piaui","status":"publish","type":"post","link":"https:\/\/portalv1.com.br\/qual-sua-opiniao-sobre-a-cidade-de-valenca-do-piaui\/","title":{"rendered":"Qual sua opini\u00e3o sobre a cidade de Valen\u00e7a do Piaui?"},"content":{"rendered":"<figure id=\"attachment_1929\" aria-describedby=\"caption-attachment-1929\" style=\"width: 300px\" class=\"wp-caption alignright\"><a href=\"https:\/\/portalv1.com.br\/app\/wp-content\/uploads\/2009\/12\/vista-valen\u00e7a.bmp\"><img loading=\"lazy\" decoding=\"async\" class=\"size-full wp-image-1929\" title=\"vista valen\u00e7a\" src=\"https:\/\/portalv1.com.br\/app\/wp-content\/uploads\/2009\/12\/vista-valen\u00e7a.bmp\" alt=\"\" width=\"300\" height=\"183\" \/><\/a><figcaption id=\"caption-attachment-1929\" class=\"wp-caption-text\">No dia 20 de setembro Valen\u00e7a do Piaui completar\u00e1 249 anos<\/figcaption><\/figure>\n<p>Nos dias em que Valen\u00e7a do Piaui comemora 249 anos, o portalv1 abre um espa\u00e7o para seus internautas comentarem sobre suas perspectivas, curiosidades, historias, agradecimentos etc. Queremos com esse espa\u00e7o ouvir o sentimento do povo valenciano em mais um ano de nossa cidade, uma das primeiras do estado do Piaui.<\/p>\n<p>Sua mensagem deve ser inscritas sem limites de linhas no nosso espa\u00e7o de coment\u00e1rios do portalv1. Queremos saber a opini\u00e3o de valencianos que residem aqui e em qualquer parte do mundo. De pessoas comuns e de autoridades, enfim queremos saber o significado dos 249 anos de Valen\u00e7a na sua valiosa opini\u00e3o.<\/p>\n","protected":false},"excerpt":{"rendered":"<p>Nos dias em que Valen\u00e7a do Piaui comemora 249 anos, o portalv1 abre um espa\u00e7o para seus internautas comentarem sobre suas perspectivas, curiosidades, historias, agradecimentos etc. Queremos com esse espa\u00e7o&#8230;<\/p>\n","protected":false},"author":1,"featured_media":0,"comment_status":"open","ping_status":"open","sticky":false,"template":"","format":"standard","meta":{"ngg_post_thumbnail":0,"footnotes":""},"categories":[245,12],"tags":[],"class_list":["post-10199","post","type-post","status-publish","format-standard","hentry","category-entretenimento","category-valenca-news"],"views":5312,"meta_data":{"thumb":"https:\/\/portalv1.com.br\/app\/wp-content\/uploads\/2009\/12\/vista-valen\u00e7a.bmp","data":{"simple":"12\/09\/2011","date_time":"12\/09\/2011 05:35:45","date":"h\u00e1 15 anos"},"chapeu":"","source":""},"_links":{"self":[{"href":"https:\/\/portalv1.com.br\/api\/wp\/v2\/posts\/10199","targetHints":{"allow":["GET"]}}],"collection":[{"href":"https:\/\/portalv1.com.br\/api\/wp\/v2\/posts"}],"about":[{"href":"https:\/\/portalv1.com.br\/api\/wp\/v2\/types\/post"}],"author":[{"embeddable":true,"href":"https:\/\/portalv1.com.br\/api\/wp\/v2\/users\/1"}],"replies":[{"embeddable":true,"href":"https:\/\/portalv1.com.br\/api\/wp\/v2\/comments?post=10199"}],"version-history":[{"count":0,"href":"https:\/\/portalv1.com.br\/api\/wp\/v2\/posts\/10199\/revisions"}],"wp:attachment":[{"href":"https:\/\/portalv1.com.br\/api\/wp\/v2\/media?parent=10199"}],"wp:term":[{"taxonomy":"category","embeddable":true,"href":"https:\/\/portalv1.com.br\/api\/wp\/v2\/categories?post=10199"},{"taxonomy":"post_tag","embeddable":true,"href":"https:\/\/portalv1.com.br\/api\/wp\/v2\/tags?post=10199"}],"curies":[{"name":"wp","href":"https:\/\/api.w.org\/{rel}","templated":true}]}}