{"id":102056,"date":"2021-10-01T14:27:30","date_gmt":"2021-10-01T17:27:30","guid":{"rendered":"https:\/\/portalv1.com.br\/?p=102056"},"modified":"2021-10-01T17:35:39","modified_gmt":"2021-10-01T20:35:39","slug":"cesv-comemora-1-ano-de-implantacao-em-valenca-do-piaui","status":"publish","type":"post","link":"https:\/\/portalv1.com.br\/cesv-comemora-1-ano-de-implantacao-em-valenca-do-piaui\/","title":{"rendered":"CESV comemora 1 ano de implanta\u00e7\u00e3o em Valen\u00e7a do Piau\u00ed"},"content":{"rendered":"<p>O Centro de Ensino do Vale do Sambito (CESV), comemorou nesta quinta-feira 30 de setembro, o 1\u00ba ano de atua\u00e7\u00e3o na cidade de Valen\u00e7a do Piau\u00ed. Dentro da programa\u00e7\u00e3o de comemora\u00e7\u00e3o, o centro de ensino ainda realizou o I\u00ba Encontro de Contadores e Administradores do CESV\/Polo UNIBTA Digital.<\/p>\n<p>Participaram da data festiva professores e acad\u00eamicos da institui\u00e7\u00e3o, al\u00e9m de convidados. O evento foi marcado pela ben\u00e7\u00e3o das instala\u00e7\u00f5es do CESV feita pelo Di\u00e1cono Rog\u00e9rio Carvalho, e na sequ\u00eancia uma mesa redonda foi realizada com o tema, \u201cA Mulher Gestora do S\u00e9culo XXI: Contadoras e Administradoras em A\u00e7\u00e3o\u201d.<\/p>\n<p>A propriet\u00e1ria e diretora do CESV, Mauricelia Sousa, conta da satisfa\u00e7\u00e3o em celebrar essa data especial da institui\u00e7\u00e3o.<\/p>\n<p>&#8220;Eu estou muito feliz porque n\u00f3s estamos comemorando esse primeiro 1\u00ba ano, e nesse primeiro 1 ano n\u00f3s tivemos muitas dificuldades, mas como eu sempre digo Deus tem sido sempre a frente e nos guiando para que a gente possa alavancar a Educa\u00e7\u00e3o no Vale do Sambito&#8221;, ressaltou Mauricelia.<\/p>\n<p>A diretora do CESV fala do campo de atua\u00e7\u00e3o do centro de ensino e a inova\u00e7\u00e3o para oferecida para os profissionais da \u00e1rea de licenciatura que desejam conseguir a gradua\u00e7\u00e3o de bacharel.<\/p>\n<p>&#8220;O CESV tem uma proposta na \u00e1rea educacional de desenvolver tanto na \u00e1rea profissionalizante, na \u00e1rea t\u00e9cnica, na gradua\u00e7\u00e3o, como tamb\u00e9m na \u00e1rea da p\u00f3s gradua\u00e7\u00e3o, a gente tamb\u00e9m tem uma inova\u00e7\u00e3o que \u00e9 a segunda gradua\u00e7\u00e3o, ou seja, hoje por exemplo o conselho de educa\u00e7\u00e3o f\u00edsica, ele n\u00e3o aceita que os licenciados em Educa\u00e7\u00e3o F\u00edsica possam atuar em academias, se voc\u00ea tem esse interesse de transformar sua gradua\u00e7\u00e3o de licenciatura em bacharelado, voc\u00ea faz isso em um ano, ent\u00e3o, o CESV traz toda essa oportunidade para todos os mercados&#8221;, afirma Mauricelia Sousa.<\/p>\n<p>O Centro de Ensino do Vale do Sambito (CESV), fica localizado na rua Areolino de Abreu, 820, Centro, Valen\u00e7a do Piau\u00ed\/PI.<\/p>\n<p>Assista a entrevista completa da propriet\u00e1ria Mauricelia Sousa, concedida ao Portal V1.<\/p>\n<p><div class=\"content-iframe\" data-content-width=\"600\"><iframe loading=\"lazy\" title=\"YouTube video player\" src=\"https:\/\/www.youtube.com\/embed\/bF27SijuD1Y\" width=\"560\" height=\"315\" frameborder=\"0\" allowfullscreen=\"allowfullscreen\"><\/iframe><\/div>&nbsp;<\/p>\n<div class=\"ngg-galleryoverview\" id=\"1\">\n                    <div data-widget=\"Galeria\" data-props=\"{&quot;galeria&quot;:{&quot;max_page&quot;:2,&quot;total&quot;:25,&quot;gallery_id&quot;:1,&quot;images&quot;:[{&quot;thumbcode&quot;:&quot;https:\\\/\\\/portalv1.com.br\\\/app\\\/wp-content\\\/uploads\\\/2021\\\/10\\\/WhatsApp-Image-2021-10-01-at-12.52.13-1-400x250.jpeg&quot;,&quot;imageURL&quot;:&quot;https:\\\/\\\/portalv1.com.br\\\/app\\\/wp-content\\\/uploads\\\/2021\\\/10\\\/WhatsApp-Image-2021-10-01-at-12.52.13-1.jpeg&quot;,&quot;pid&quot;:102057,&quot;galleryid&quot;:1,&quot;description&quot;:&quot;&quot;,&quot;alttext&quot;:&quot;CESV comemora 1 ano de implanta\\u00e7\\u00e3o em Valen\\u00e7a do Piau\\u00ed&quot;,&quot;thumbnailURL&quot;:&quot;https:\\\/\\\/portalv1.com.br\\\/app\\\/wp-content\\\/uploads\\\/2021\\\/10\\\/WhatsApp-Image-2021-10-01-at-12.52.13-1-400x250.jpeg&quot;,&quot;style&quot;:&quot;&quot;},{&quot;thumbcode&quot;:&quot;https:\\\/\\\/portalv1.com.br\\\/app\\\/wp-content\\\/uploads\\\/2021\\\/10\\\/WhatsApp-Image-2021-10-01-at-12.52.13-2-400x250.jpeg&quot;,&quot;imageURL&quot;:&quot;https:\\\/\\\/portalv1.com.br\\\/app\\\/wp-content\\\/uploads\\\/2021\\\/10\\\/WhatsApp-Image-2021-10-01-at-12.52.13-2.jpeg&quot;,&quot;pid&quot;:102058,&quot;galleryid&quot;:1,&quot;description&quot;:&quot;&quot;,&quot;alttext&quot;:&quot;CESV comemora 1 ano de implanta\\u00e7\\u00e3o em Valen\\u00e7a do Piau\\u00ed&quot;,&quot;thumbnailURL&quot;:&quot;https:\\\/\\\/portalv1.com.br\\\/app\\\/wp-content\\\/uploads\\\/2021\\\/10\\\/WhatsApp-Image-2021-10-01-at-12.52.13-2-400x250.jpeg&quot;,&quot;style&quot;:&quot;&quot;},{&quot;thumbcode&quot;:&quot;https:\\\/\\\/portalv1.com.br\\\/app\\\/wp-content\\\/uploads\\\/2021\\\/10\\\/WhatsApp-Image-2021-10-01-at-12.52.13-3-400x250.jpeg&quot;,&quot;imageURL&quot;:&quot;https:\\\/\\\/portalv1.com.br\\\/app\\\/wp-content\\\/uploads\\\/2021\\\/10\\\/WhatsApp-Image-2021-10-01-at-12.52.13-3.jpeg&quot;,&quot;pid&quot;:102059,&quot;galleryid&quot;:1,&quot;description&quot;:&quot;&quot;,&quot;alttext&quot;:&quot;CESV comemora 1 ano de implanta\\u00e7\\u00e3o em Valen\\u00e7a do Piau\\u00ed&quot;,&quot;thumbnailURL&quot;:&quot;https:\\\/\\\/portalv1.com.br\\\/app\\\/wp-content\\\/uploads\\\/2021\\\/10\\\/WhatsApp-Image-2021-10-01-at-12.52.13-3-400x250.jpeg&quot;,&quot;style&quot;:&quot;&quot;},{&quot;thumbcode&quot;:&quot;https:\\\/\\\/portalv1.com.br\\\/app\\\/wp-content\\\/uploads\\\/2021\\\/10\\\/WhatsApp-Image-2021-10-01-at-12.52.13-4-400x250.jpeg&quot;,&quot;imageURL&quot;:&quot;https:\\\/\\\/portalv1.com.br\\\/app\\\/wp-content\\\/uploads\\\/2021\\\/10\\\/WhatsApp-Image-2021-10-01-at-12.52.13-4.jpeg&quot;,&quot;pid&quot;:102060,&quot;galleryid&quot;:1,&quot;description&quot;:&quot;&quot;,&quot;alttext&quot;:&quot;CESV comemora 1 ano de implanta\\u00e7\\u00e3o em Valen\\u00e7a do Piau\\u00ed&quot;,&quot;thumbnailURL&quot;:&quot;https:\\\/\\\/portalv1.com.br\\\/app\\\/wp-content\\\/uploads\\\/2021\\\/10\\\/WhatsApp-Image-2021-10-01-at-12.52.13-4-400x250.jpeg&quot;,&quot;style&quot;:&quot;&quot;},{&quot;thumbcode&quot;:&quot;https:\\\/\\\/portalv1.com.br\\\/app\\\/wp-content\\\/uploads\\\/2021\\\/10\\\/WhatsApp-Image-2021-10-01-at-12.52.13-5-400x250.jpeg&quot;,&quot;imageURL&quot;:&quot;https:\\\/\\\/portalv1.com.br\\\/app\\\/wp-content\\\/uploads\\\/2021\\\/10\\\/WhatsApp-Image-2021-10-01-at-12.52.13-5.jpeg&quot;,&quot;pid&quot;:102061,&quot;galleryid&quot;:1,&quot;description&quot;:&quot;&quot;,&quot;alttext&quot;:&quot;CESV comemora 1 ano de implanta\\u00e7\\u00e3o em Valen\\u00e7a do Piau\\u00ed&quot;,&quot;thumbnailURL&quot;:&quot;https:\\\/\\\/portalv1.com.br\\\/app\\\/wp-content\\\/uploads\\\/2021\\\/10\\\/WhatsApp-Image-2021-10-01-at-12.52.13-5-400x250.jpeg&quot;,&quot;style&quot;:&quot;&quot;},{&quot;thumbcode&quot;:&quot;https:\\\/\\\/portalv1.com.br\\\/app\\\/wp-content\\\/uploads\\\/2021\\\/10\\\/WhatsApp-Image-2021-10-01-at-12.52.13-400x250.jpeg&quot;,&quot;imageURL&quot;:&quot;https:\\\/\\\/portalv1.com.br\\\/app\\\/wp-content\\\/uploads\\\/2021\\\/10\\\/WhatsApp-Image-2021-10-01-at-12.52.13.jpeg&quot;,&quot;pid&quot;:102062,&quot;galleryid&quot;:1,&quot;description&quot;:&quot;&quot;,&quot;alttext&quot;:&quot;CESV comemora 1 ano de implanta\\u00e7\\u00e3o em Valen\\u00e7a do Piau\\u00ed&quot;,&quot;thumbnailURL&quot;:&quot;https:\\\/\\\/portalv1.com.br\\\/app\\\/wp-content\\\/uploads\\\/2021\\\/10\\\/WhatsApp-Image-2021-10-01-at-12.52.13-400x250.jpeg&quot;,&quot;style&quot;:&quot;&quot;},{&quot;thumbcode&quot;:&quot;https:\\\/\\\/portalv1.com.br\\\/app\\\/wp-content\\\/uploads\\\/2021\\\/10\\\/WhatsApp-Image-2021-10-01-at-12.52.14-1-400x250.jpeg&quot;,&quot;imageURL&quot;:&quot;https:\\\/\\\/portalv1.com.br\\\/app\\\/wp-content\\\/uploads\\\/2021\\\/10\\\/WhatsApp-Image-2021-10-01-at-12.52.14-1.jpeg&quot;,&quot;pid&quot;:102063,&quot;galleryid&quot;:1,&quot;description&quot;:&quot;&quot;,&quot;alttext&quot;:&quot;CESV comemora 1 ano de implanta\\u00e7\\u00e3o em Valen\\u00e7a do Piau\\u00ed&quot;,&quot;thumbnailURL&quot;:&quot;https:\\\/\\\/portalv1.com.br\\\/app\\\/wp-content\\\/uploads\\\/2021\\\/10\\\/WhatsApp-Image-2021-10-01-at-12.52.14-1-400x250.jpeg&quot;,&quot;style&quot;:&quot;&quot;},{&quot;thumbcode&quot;:&quot;https:\\\/\\\/portalv1.com.br\\\/app\\\/wp-content\\\/uploads\\\/2021\\\/10\\\/WhatsApp-Image-2021-10-01-at-12.52.14-2-400x250.jpeg&quot;,&quot;imageURL&quot;:&quot;https:\\\/\\\/portalv1.com.br\\\/app\\\/wp-content\\\/uploads\\\/2021\\\/10\\\/WhatsApp-Image-2021-10-01-at-12.52.14-2.jpeg&quot;,&quot;pid&quot;:102064,&quot;galleryid&quot;:1,&quot;description&quot;:&quot;&quot;,&quot;alttext&quot;:&quot;CESV comemora 1 ano de implanta\\u00e7\\u00e3o em Valen\\u00e7a do Piau\\u00ed&quot;,&quot;thumbnailURL&quot;:&quot;https:\\\/\\\/portalv1.com.br\\\/app\\\/wp-content\\\/uploads\\\/2021\\\/10\\\/WhatsApp-Image-2021-10-01-at-12.52.14-2-400x250.jpeg&quot;,&quot;style&quot;:&quot;&quot;},{&quot;thumbcode&quot;:&quot;https:\\\/\\\/portalv1.com.br\\\/app\\\/wp-content\\\/uploads\\\/2021\\\/10\\\/WhatsApp-Image-2021-10-01-at-12.52.14-3-400x250.jpeg&quot;,&quot;imageURL&quot;:&quot;https:\\\/\\\/portalv1.com.br\\\/app\\\/wp-content\\\/uploads\\\/2021\\\/10\\\/WhatsApp-Image-2021-10-01-at-12.52.14-3.jpeg&quot;,&quot;pid&quot;:102065,&quot;galleryid&quot;:1,&quot;description&quot;:&quot;&quot;,&quot;alttext&quot;:&quot;CESV comemora 1 ano de implanta\\u00e7\\u00e3o em Valen\\u00e7a do Piau\\u00ed&quot;,&quot;thumbnailURL&quot;:&quot;https:\\\/\\\/portalv1.com.br\\\/app\\\/wp-content\\\/uploads\\\/2021\\\/10\\\/WhatsApp-Image-2021-10-01-at-12.52.14-3-400x250.jpeg&quot;,&quot;style&quot;:&quot;&quot;},{&quot;thumbcode&quot;:&quot;https:\\\/\\\/portalv1.com.br\\\/app\\\/wp-content\\\/uploads\\\/2021\\\/10\\\/WhatsApp-Image-2021-10-01-at-12.52.14-4-400x250.jpeg&quot;,&quot;imageURL&quot;:&quot;https:\\\/\\\/portalv1.com.br\\\/app\\\/wp-content\\\/uploads\\\/2021\\\/10\\\/WhatsApp-Image-2021-10-01-at-12.52.14-4.jpeg&quot;,&quot;pid&quot;:102066,&quot;galleryid&quot;:1,&quot;description&quot;:&quot;&quot;,&quot;alttext&quot;:&quot;CESV comemora 1 ano de implanta\\u00e7\\u00e3o em Valen\\u00e7a do Piau\\u00ed&quot;,&quot;thumbnailURL&quot;:&quot;https:\\\/\\\/portalv1.com.br\\\/app\\\/wp-content\\\/uploads\\\/2021\\\/10\\\/WhatsApp-Image-2021-10-01-at-12.52.14-4-400x250.jpeg&quot;,&quot;style&quot;:&quot;&quot;},{&quot;thumbcode&quot;:&quot;https:\\\/\\\/portalv1.com.br\\\/app\\\/wp-content\\\/uploads\\\/2021\\\/10\\\/WhatsApp-Image-2021-10-01-at-12.52.14-5-400x250.jpeg&quot;,&quot;imageURL&quot;:&quot;https:\\\/\\\/portalv1.com.br\\\/app\\\/wp-content\\\/uploads\\\/2021\\\/10\\\/WhatsApp-Image-2021-10-01-at-12.52.14-5.jpeg&quot;,&quot;pid&quot;:102067,&quot;galleryid&quot;:1,&quot;description&quot;:&quot;&quot;,&quot;alttext&quot;:&quot;CESV comemora 1 ano de implanta\\u00e7\\u00e3o em Valen\\u00e7a do Piau\\u00ed&quot;,&quot;thumbnailURL&quot;:&quot;https:\\\/\\\/portalv1.com.br\\\/app\\\/wp-content\\\/uploads\\\/2021\\\/10\\\/WhatsApp-Image-2021-10-01-at-12.52.14-5-400x250.jpeg&quot;,&quot;style&quot;:&quot;&quot;},{&quot;thumbcode&quot;:&quot;https:\\\/\\\/portalv1.com.br\\\/app\\\/wp-content\\\/uploads\\\/2021\\\/10\\\/WhatsApp-Image-2021-10-01-at-12.52.14-400x250.jpeg&quot;,&quot;imageURL&quot;:&quot;https:\\\/\\\/portalv1.com.br\\\/app\\\/wp-content\\\/uploads\\\/2021\\\/10\\\/WhatsApp-Image-2021-10-01-at-12.52.14.jpeg&quot;,&quot;pid&quot;:102068,&quot;galleryid&quot;:1,&quot;description&quot;:&quot;&quot;,&quot;alttext&quot;:&quot;CESV comemora 1 ano de implanta\\u00e7\\u00e3o em Valen\\u00e7a do Piau\\u00ed&quot;,&quot;thumbnailURL&quot;:&quot;https:\\\/\\\/portalv1.com.br\\\/app\\\/wp-content\\\/uploads\\\/2021\\\/10\\\/WhatsApp-Image-2021-10-01-at-12.52.14-400x250.jpeg&quot;,&quot;style&quot;:&quot;&quot;},{&quot;thumbcode&quot;:&quot;https:\\\/\\\/portalv1.com.br\\\/app\\\/wp-content\\\/uploads\\\/2021\\\/10\\\/WhatsApp-Image-2021-10-01-at-12.52.15-1-400x250.jpeg&quot;,&quot;imageURL&quot;:&quot;https:\\\/\\\/portalv1.com.br\\\/app\\\/wp-content\\\/uploads\\\/2021\\\/10\\\/WhatsApp-Image-2021-10-01-at-12.52.15-1.jpeg&quot;,&quot;pid&quot;:102069,&quot;galleryid&quot;:1,&quot;description&quot;:&quot;&quot;,&quot;alttext&quot;:&quot;CESV comemora 1 ano de implanta\\u00e7\\u00e3o em Valen\\u00e7a do Piau\\u00ed&quot;,&quot;thumbnailURL&quot;:&quot;https:\\\/\\\/portalv1.com.br\\\/app\\\/wp-content\\\/uploads\\\/2021\\\/10\\\/WhatsApp-Image-2021-10-01-at-12.52.15-1-400x250.jpeg&quot;,&quot;style&quot;:&quot;&quot;},{&quot;thumbcode&quot;:&quot;https:\\\/\\\/portalv1.com.br\\\/app\\\/wp-content\\\/uploads\\\/2021\\\/10\\\/WhatsApp-Image-2021-10-01-at-12.52.15-2-400x250.jpeg&quot;,&quot;imageURL&quot;:&quot;https:\\\/\\\/portalv1.com.br\\\/app\\\/wp-content\\\/uploads\\\/2021\\\/10\\\/WhatsApp-Image-2021-10-01-at-12.52.15-2.jpeg&quot;,&quot;pid&quot;:102070,&quot;galleryid&quot;:1,&quot;description&quot;:&quot;&quot;,&quot;alttext&quot;:&quot;CESV comemora 1 ano de implanta\\u00e7\\u00e3o em Valen\\u00e7a do Piau\\u00ed&quot;,&quot;thumbnailURL&quot;:&quot;https:\\\/\\\/portalv1.com.br\\\/app\\\/wp-content\\\/uploads\\\/2021\\\/10\\\/WhatsApp-Image-2021-10-01-at-12.52.15-2-400x250.jpeg&quot;,&quot;style&quot;:&quot;&quot;},{&quot;thumbcode&quot;:&quot;https:\\\/\\\/portalv1.com.br\\\/app\\\/wp-content\\\/uploads\\\/2021\\\/10\\\/WhatsApp-Image-2021-10-01-at-12.52.15-3-400x250.jpeg&quot;,&quot;imageURL&quot;:&quot;https:\\\/\\\/portalv1.com.br\\\/app\\\/wp-content\\\/uploads\\\/2021\\\/10\\\/WhatsApp-Image-2021-10-01-at-12.52.15-3.jpeg&quot;,&quot;pid&quot;:102071,&quot;galleryid&quot;:1,&quot;description&quot;:&quot;&quot;,&quot;alttext&quot;:&quot;CESV comemora 1 ano de implanta\\u00e7\\u00e3o em Valen\\u00e7a do Piau\\u00ed&quot;,&quot;thumbnailURL&quot;:&quot;https:\\\/\\\/portalv1.com.br\\\/app\\\/wp-content\\\/uploads\\\/2021\\\/10\\\/WhatsApp-Image-2021-10-01-at-12.52.15-3-400x250.jpeg&quot;,&quot;style&quot;:&quot;&quot;},{&quot;thumbcode&quot;:&quot;https:\\\/\\\/portalv1.com.br\\\/app\\\/wp-content\\\/uploads\\\/2021\\\/10\\\/WhatsApp-Image-2021-10-01-at-12.52.15-4-400x250.jpeg&quot;,&quot;imageURL&quot;:&quot;https:\\\/\\\/portalv1.com.br\\\/app\\\/wp-content\\\/uploads\\\/2021\\\/10\\\/WhatsApp-Image-2021-10-01-at-12.52.15-4.jpeg&quot;,&quot;pid&quot;:102072,&quot;galleryid&quot;:1,&quot;description&quot;:&quot;&quot;,&quot;alttext&quot;:&quot;CESV comemora 1 ano de implanta\\u00e7\\u00e3o em Valen\\u00e7a do Piau\\u00ed&quot;,&quot;thumbnailURL&quot;:&quot;https:\\\/\\\/portalv1.com.br\\\/app\\\/wp-content\\\/uploads\\\/2021\\\/10\\\/WhatsApp-Image-2021-10-01-at-12.52.15-4-400x250.jpeg&quot;,&quot;style&quot;:&quot;&quot;},{&quot;thumbcode&quot;:&quot;https:\\\/\\\/portalv1.com.br\\\/app\\\/wp-content\\\/uploads\\\/2021\\\/10\\\/WhatsApp-Image-2021-10-01-at-12.52.15-5-400x250.jpeg&quot;,&quot;imageURL&quot;:&quot;https:\\\/\\\/portalv1.com.br\\\/app\\\/wp-content\\\/uploads\\\/2021\\\/10\\\/WhatsApp-Image-2021-10-01-at-12.52.15-5.jpeg&quot;,&quot;pid&quot;:102073,&quot;galleryid&quot;:1,&quot;description&quot;:&quot;&quot;,&quot;alttext&quot;:&quot;CESV comemora 1 ano de implanta\\u00e7\\u00e3o em Valen\\u00e7a do Piau\\u00ed&quot;,&quot;thumbnailURL&quot;:&quot;https:\\\/\\\/portalv1.com.br\\\/app\\\/wp-content\\\/uploads\\\/2021\\\/10\\\/WhatsApp-Image-2021-10-01-at-12.52.15-5-400x250.jpeg&quot;,&quot;style&quot;:&quot;&quot;},{&quot;thumbcode&quot;:&quot;https:\\\/\\\/portalv1.com.br\\\/app\\\/wp-content\\\/uploads\\\/2021\\\/10\\\/WhatsApp-Image-2021-10-01-at-12.52.15-400x250.jpeg&quot;,&quot;imageURL&quot;:&quot;https:\\\/\\\/portalv1.com.br\\\/app\\\/wp-content\\\/uploads\\\/2021\\\/10\\\/WhatsApp-Image-2021-10-01-at-12.52.15.jpeg&quot;,&quot;pid&quot;:102074,&quot;galleryid&quot;:1,&quot;description&quot;:&quot;&quot;,&quot;alttext&quot;:&quot;CESV comemora 1 ano de implanta\\u00e7\\u00e3o em Valen\\u00e7a do Piau\\u00ed&quot;,&quot;thumbnailURL&quot;:&quot;https:\\\/\\\/portalv1.com.br\\\/app\\\/wp-content\\\/uploads\\\/2021\\\/10\\\/WhatsApp-Image-2021-10-01-at-12.52.15-400x250.jpeg&quot;,&quot;style&quot;:&quot;&quot;},{&quot;thumbcode&quot;:&quot;https:\\\/\\\/portalv1.com.br\\\/app\\\/wp-content\\\/uploads\\\/2021\\\/10\\\/WhatsApp-Image-2021-10-01-at-12.52.16-1-400x250.jpeg&quot;,&quot;imageURL&quot;:&quot;https:\\\/\\\/portalv1.com.br\\\/app\\\/wp-content\\\/uploads\\\/2021\\\/10\\\/WhatsApp-Image-2021-10-01-at-12.52.16-1.jpeg&quot;,&quot;pid&quot;:102075,&quot;galleryid&quot;:1,&quot;description&quot;:&quot;&quot;,&quot;alttext&quot;:&quot;CESV comemora 1 ano de implanta\\u00e7\\u00e3o em Valen\\u00e7a do Piau\\u00ed&quot;,&quot;thumbnailURL&quot;:&quot;https:\\\/\\\/portalv1.com.br\\\/app\\\/wp-content\\\/uploads\\\/2021\\\/10\\\/WhatsApp-Image-2021-10-01-at-12.52.16-1-400x250.jpeg&quot;,&quot;style&quot;:&quot;&quot;},{&quot;thumbcode&quot;:&quot;https:\\\/\\\/portalv1.com.br\\\/app\\\/wp-content\\\/uploads\\\/2021\\\/10\\\/WhatsApp-Image-2021-10-01-at-12.52.16-2-400x250.jpeg&quot;,&quot;imageURL&quot;:&quot;https:\\\/\\\/portalv1.com.br\\\/app\\\/wp-content\\\/uploads\\\/2021\\\/10\\\/WhatsApp-Image-2021-10-01-at-12.52.16-2.jpeg&quot;,&quot;pid&quot;:102076,&quot;galleryid&quot;:1,&quot;description&quot;:&quot;&quot;,&quot;alttext&quot;:&quot;CESV comemora 1 ano de implanta\\u00e7\\u00e3o em Valen\\u00e7a do Piau\\u00ed&quot;,&quot;thumbnailURL&quot;:&quot;https:\\\/\\\/portalv1.com.br\\\/app\\\/wp-content\\\/uploads\\\/2021\\\/10\\\/WhatsApp-Image-2021-10-01-at-12.52.16-2-400x250.jpeg&quot;,&quot;style&quot;:&quot;&quot;},{&quot;thumbcode&quot;:&quot;https:\\\/\\\/portalv1.com.br\\\/app\\\/wp-content\\\/uploads\\\/2021\\\/10\\\/WhatsApp-Image-2021-10-01-at-12.52.16-3-400x250.jpeg&quot;,&quot;imageURL&quot;:&quot;https:\\\/\\\/portalv1.com.br\\\/app\\\/wp-content\\\/uploads\\\/2021\\\/10\\\/WhatsApp-Image-2021-10-01-at-12.52.16-3.jpeg&quot;,&quot;pid&quot;:102077,&quot;galleryid&quot;:1,&quot;description&quot;:&quot;&quot;,&quot;alttext&quot;:&quot;CESV comemora 1 ano de implanta\\u00e7\\u00e3o em Valen\\u00e7a do Piau\\u00ed&quot;,&quot;thumbnailURL&quot;:&quot;https:\\\/\\\/portalv1.com.br\\\/app\\\/wp-content\\\/uploads\\\/2021\\\/10\\\/WhatsApp-Image-2021-10-01-at-12.52.16-3-400x250.jpeg&quot;,&quot;style&quot;:&quot;&quot;},{&quot;thumbcode&quot;:&quot;https:\\\/\\\/portalv1.com.br\\\/app\\\/wp-content\\\/uploads\\\/2021\\\/10\\\/WhatsApp-Image-2021-10-01-at-12.52.16-4-400x250.jpeg&quot;,&quot;imageURL&quot;:&quot;https:\\\/\\\/portalv1.com.br\\\/app\\\/wp-content\\\/uploads\\\/2021\\\/10\\\/WhatsApp-Image-2021-10-01-at-12.52.16-4.jpeg&quot;,&quot;pid&quot;:102078,&quot;galleryid&quot;:1,&quot;description&quot;:&quot;&quot;,&quot;alttext&quot;:&quot;CESV comemora 1 ano de implanta\\u00e7\\u00e3o em Valen\\u00e7a do Piau\\u00ed&quot;,&quot;thumbnailURL&quot;:&quot;https:\\\/\\\/portalv1.com.br\\\/app\\\/wp-content\\\/uploads\\\/2021\\\/10\\\/WhatsApp-Image-2021-10-01-at-12.52.16-4-400x250.jpeg&quot;,&quot;style&quot;:&quot;&quot;},{&quot;thumbcode&quot;:&quot;https:\\\/\\\/portalv1.com.br\\\/app\\\/wp-content\\\/uploads\\\/2021\\\/10\\\/WhatsApp-Image-2021-10-01-at-12.52.16-400x250.jpeg&quot;,&quot;imageURL&quot;:&quot;https:\\\/\\\/portalv1.com.br\\\/app\\\/wp-content\\\/uploads\\\/2021\\\/10\\\/WhatsApp-Image-2021-10-01-at-12.52.16.jpeg&quot;,&quot;pid&quot;:102079,&quot;galleryid&quot;:1,&quot;description&quot;:&quot;&quot;,&quot;alttext&quot;:&quot;CESV comemora 1 ano de implanta\\u00e7\\u00e3o em Valen\\u00e7a do Piau\\u00ed&quot;,&quot;thumbnailURL&quot;:&quot;https:\\\/\\\/portalv1.com.br\\\/app\\\/wp-content\\\/uploads\\\/2021\\\/10\\\/WhatsApp-Image-2021-10-01-at-12.52.16-400x250.jpeg&quot;,&quot;style&quot;:&quot;&quot;},{&quot;thumbcode&quot;:&quot;https:\\\/\\\/portalv1.com.br\\\/app\\\/wp-content\\\/uploads\\\/2021\\\/10\\\/WhatsApp-Image-2021-10-01-at-12.52.17-1-400x250.jpeg&quot;,&quot;imageURL&quot;:&quot;https:\\\/\\\/portalv1.com.br\\\/app\\\/wp-content\\\/uploads\\\/2021\\\/10\\\/WhatsApp-Image-2021-10-01-at-12.52.17-1.jpeg&quot;,&quot;pid&quot;:102080,&quot;galleryid&quot;:1,&quot;description&quot;:&quot;&quot;,&quot;alttext&quot;:&quot;CESV comemora 1 ano de implanta\\u00e7\\u00e3o em Valen\\u00e7a do Piau\\u00ed&quot;,&quot;thumbnailURL&quot;:&quot;https:\\\/\\\/portalv1.com.br\\\/app\\\/wp-content\\\/uploads\\\/2021\\\/10\\\/WhatsApp-Image-2021-10-01-at-12.52.17-1-400x250.jpeg&quot;,&quot;style&quot;:&quot;&quot;},{&quot;thumbcode&quot;:&quot;https:\\\/\\\/portalv1.com.br\\\/app\\\/wp-content\\\/uploads\\\/2021\\\/10\\\/WhatsApp-Image-2021-10-01-at-12.52.17-400x250.jpeg&quot;,&quot;imageURL&quot;:&quot;https:\\\/\\\/portalv1.com.br\\\/app\\\/wp-content\\\/uploads\\\/2021\\\/10\\\/WhatsApp-Image-2021-10-01-at-12.52.17.jpeg&quot;,&quot;pid&quot;:102081,&quot;galleryid&quot;:1,&quot;description&quot;:&quot;&quot;,&quot;alttext&quot;:&quot;CESV comemora 1 ano de implanta\\u00e7\\u00e3o em Valen\\u00e7a do Piau\\u00ed&quot;,&quot;thumbnailURL&quot;:&quot;https:\\\/\\\/portalv1.com.br\\\/app\\\/wp-content\\\/uploads\\\/2021\\\/10\\\/WhatsApp-Image-2021-10-01-at-12.52.17-400x250.jpeg&quot;,&quot;style&quot;:&quot;&quot;}]}}\"><\/div>\n                  <\/div>\n","protected":false},"excerpt":{"rendered":"<p>O Centro de Ensino do Vale do Sambito (CESV), comemorou nesta quinta-feira 30 de setembro, o 1\u00ba ano de atua\u00e7\u00e3o na cidade de Valen\u00e7a do Piau\u00ed. Dentro da programa\u00e7\u00e3o de&#8230;<\/p>\n","protected":false},"author":16,"featured_media":102068,"comment_status":"open","ping_status":"open","sticky":false,"template":"","format":"standard","meta":{"ngg_post_thumbnail":0,"footnotes":""},"categories":[243],"tags":[],"class_list":["post-102056","post","type-post","status-publish","format-standard","has-post-thumbnail","hentry","category-geral"],"views":397,"meta_data":{"thumb":"https:\/\/portalv1.com.br\/app\/wp-content\/uploads\/2021\/10\/WhatsApp-Image-2021-10-01-at-12.52.14.jpeg","imagem":{"fullsize":{"url":"https:\/\/portalv1.com.br\/app\/wp-content\/uploads\/2021\/10\/WhatsApp-Image-2021-10-01-at-12.52.14.jpeg","width":1024,"height":683},"medium":{"url":"https:\/\/portalv1.com.br\/app\/wp-content\/uploads\/2021\/10\/WhatsApp-Image-2021-10-01-at-12.52.14-300x200.jpeg","width":300,"height":200},"large":{"url":"https:\/\/portalv1.com.br\/app\/wp-content\/uploads\/2021\/10\/WhatsApp-Image-2021-10-01-at-12.52.14-640x427.jpeg","width":640,"height":427},"thumbnail":{"url":"https:\/\/portalv1.com.br\/app\/wp-content\/uploads\/2021\/10\/WhatsApp-Image-2021-10-01-at-12.52.14-100x100.jpeg","width":100,"height":100},"medium_large":{"url":"https:\/\/portalv1.com.br\/app\/wp-content\/uploads\/2021\/10\/WhatsApp-Image-2021-10-01-at-12.52.14-768x512.jpeg","width":768,"height":512}},"data":{"simple":"01\/10\/2021","date_time":"01\/10\/2021 11:27:30","date":"h\u00e1 5 anos"},"chapeu":"COMEMORA\u00c7\u00c3O","source":"slide"},"_links":{"self":[{"href":"https:\/\/portalv1.com.br\/api\/wp\/v2\/posts\/102056","targetHints":{"allow":["GET"]}}],"collection":[{"href":"https:\/\/portalv1.com.br\/api\/wp\/v2\/posts"}],"about":[{"href":"https:\/\/portalv1.com.br\/api\/wp\/v2\/types\/post"}],"author":[{"embeddable":true,"href":"https:\/\/portalv1.com.br\/api\/wp\/v2\/users\/16"}],"replies":[{"embeddable":true,"href":"https:\/\/portalv1.com.br\/api\/wp\/v2\/comments?post=102056"}],"version-history":[{"count":0,"href":"https:\/\/portalv1.com.br\/api\/wp\/v2\/posts\/102056\/revisions"}],"wp:featuredmedia":[{"embeddable":true,"href":"https:\/\/portalv1.com.br\/api\/wp\/v2\/media\/102068"}],"wp:attachment":[{"href":"https:\/\/portalv1.com.br\/api\/wp\/v2\/media?parent=102056"}],"wp:term":[{"taxonomy":"category","embeddable":true,"href":"https:\/\/portalv1.com.br\/api\/wp\/v2\/categories?post=102056"},{"taxonomy":"post_tag","embeddable":true,"href":"https:\/\/portalv1.com.br\/api\/wp\/v2\/tags?post=102056"}],"curies":[{"name":"wp","href":"https:\/\/api.w.org\/{rel}","templated":true}]}}