{"id":102157,"date":"2021-10-02T21:15:26","date_gmt":"2021-10-03T00:15:26","guid":{"rendered":"https:\/\/portalv1.com.br\/?p=102157"},"modified":"2021-10-02T21:15:26","modified_gmt":"2021-10-03T00:15:26","slug":"comunidade-fumal-celebra-encerramento-do-festejo-com-realizacao-de-primeira-eucaristia","status":"publish","type":"post","link":"https:\/\/portalv1.com.br\/comunidade-fumal-celebra-encerramento-do-festejo-com-realizacao-de-primeira-eucaristia\/","title":{"rendered":"Comunidade Fumal celebra encerramento do festejo com realiza\u00e7\u00e3o de Primeira Eucaristia"},"content":{"rendered":"<p>A Comunidade Fumal celebrou o encerramento do festejo de Santa Teresinha nesta sexta-feira 01 de outubro, com a realiza\u00e7\u00e3o de Primeira Eucaristia de dez crian\u00e7as da comunidade. A Santa Missa foi presidida pelo p\u00e1roco Pe. Wanderley Morais, auxiliados por Ministros da Palavra.<\/p>\n<p>Pe. Wanderley enfatiza o tempo percorrido pelas crian\u00e7as para receber o Sacramento da Eucaristia e a import\u00e2ncia desse momento para os crist\u00e3os.<\/p>\n<p>\u201cEsse tempo de prepara\u00e7\u00e3o n\u00e3o \u00e9 um tempo em v\u00e3o na vida de voc\u00eas porque tudo que n\u00f3s aprendemos, n\u00f3s aprendemos para vida, voc\u00eas ir\u00e3o participar desse sacramento da gra\u00e7a do amor de Deus que Jesus se faz alimento para nossa vida de f\u00e9, por isso n\u00f3s somos felizes porque a nossa igreja tem a Eucaristia\u201d, disse o p\u00e1roco.<\/p>\n<p>No fim da celebra\u00e7\u00e3o a coordenadora Ver\u00f4nica Alves, rendeu gra\u00e7as e agradecimentos pelo \u00eaxito do festejo.<\/p>\n<p>\u201cHoje n\u00f3s queremos agradecer primeiramente a Deus que nos concedeu a vivencia de mais um ano de festejo, a Santa Teresinha que nos faz a cada ano mais fortes, mais perseverantes nessa miss\u00e3o, ao Pe. Wanderley por confiar em n\u00f3s e nos apoiar para este grande festejo\u201d, disse a coordenadora.<\/p>\n<p>Ver\u00f4nica Alves, ainda estendeu os agradecimentos as autoridades presentes, o prefeito Marcelo Costa, a vereadora e madrinha da noite L\u00edvia Nogueira, o vereador Benoni, bem como todas as comunidades que se fizeram presentes. Ela ainda agradeceu a toda comunidade que contribuiu para que o festejo pudesse acontecer.<\/p>\n<p>PASCOM\/Par\u00f3quia<\/p>\n<div class=\"ngg-galleryoverview\" id=\"1\">\n                    <div data-widget=\"Galeria\" data-props=\"{&quot;galeria&quot;:{&quot;max_page&quot;:1,&quot;total&quot;:20,&quot;gallery_id&quot;:1,&quot;images&quot;:[{&quot;thumbcode&quot;:&quot;https:\\\/\\\/portalv1.com.br\\\/app\\\/wp-content\\\/uploads\\\/2021\\\/10\\\/WhatsApp-Image-2021-10-02-at-21.03.35-2-400x250.jpeg&quot;,&quot;imageURL&quot;:&quot;https:\\\/\\\/portalv1.com.br\\\/app\\\/wp-content\\\/uploads\\\/2021\\\/10\\\/WhatsApp-Image-2021-10-02-at-21.03.35-2.jpeg&quot;,&quot;pid&quot;:102177,&quot;galleryid&quot;:1,&quot;description&quot;:&quot;&quot;,&quot;alttext&quot;:&quot;Comunidade Fumal celebra encerramento do festejo com realiza\\u00e7\\u00e3o de Primeira Eucaristia&quot;,&quot;thumbnailURL&quot;:&quot;https:\\\/\\\/portalv1.com.br\\\/app\\\/wp-content\\\/uploads\\\/2021\\\/10\\\/WhatsApp-Image-2021-10-02-at-21.03.35-2-400x250.jpeg&quot;,&quot;style&quot;:&quot;&quot;},{&quot;thumbcode&quot;:&quot;https:\\\/\\\/portalv1.com.br\\\/app\\\/wp-content\\\/uploads\\\/2021\\\/10\\\/WhatsApp-Image-2021-10-02-at-21.03.35-1-400x250.jpeg&quot;,&quot;imageURL&quot;:&quot;https:\\\/\\\/portalv1.com.br\\\/app\\\/wp-content\\\/uploads\\\/2021\\\/10\\\/WhatsApp-Image-2021-10-02-at-21.03.35-1.jpeg&quot;,&quot;pid&quot;:102176,&quot;galleryid&quot;:1,&quot;description&quot;:&quot;&quot;,&quot;alttext&quot;:&quot;Comunidade Fumal celebra encerramento do festejo com realiza\\u00e7\\u00e3o de Primeira Eucaristia&quot;,&quot;thumbnailURL&quot;:&quot;https:\\\/\\\/portalv1.com.br\\\/app\\\/wp-content\\\/uploads\\\/2021\\\/10\\\/WhatsApp-Image-2021-10-02-at-21.03.35-1-400x250.jpeg&quot;,&quot;style&quot;:&quot;&quot;},{&quot;thumbcode&quot;:&quot;https:\\\/\\\/portalv1.com.br\\\/app\\\/wp-content\\\/uploads\\\/2021\\\/10\\\/WhatsApp-Image-2021-10-02-at-21.03.34-400x250.jpeg&quot;,&quot;imageURL&quot;:&quot;https:\\\/\\\/portalv1.com.br\\\/app\\\/wp-content\\\/uploads\\\/2021\\\/10\\\/WhatsApp-Image-2021-10-02-at-21.03.34.jpeg&quot;,&quot;pid&quot;:102175,&quot;galleryid&quot;:1,&quot;description&quot;:&quot;&quot;,&quot;alttext&quot;:&quot;Comunidade Fumal celebra encerramento do festejo com realiza\\u00e7\\u00e3o de Primeira Eucaristia&quot;,&quot;thumbnailURL&quot;:&quot;https:\\\/\\\/portalv1.com.br\\\/app\\\/wp-content\\\/uploads\\\/2021\\\/10\\\/WhatsApp-Image-2021-10-02-at-21.03.34-400x250.jpeg&quot;,&quot;style&quot;:&quot;&quot;},{&quot;thumbcode&quot;:&quot;https:\\\/\\\/portalv1.com.br\\\/app\\\/wp-content\\\/uploads\\\/2021\\\/10\\\/WhatsApp-Image-2021-10-02-at-21.03.34-4-400x250.jpeg&quot;,&quot;imageURL&quot;:&quot;https:\\\/\\\/portalv1.com.br\\\/app\\\/wp-content\\\/uploads\\\/2021\\\/10\\\/WhatsApp-Image-2021-10-02-at-21.03.34-4.jpeg&quot;,&quot;pid&quot;:102174,&quot;galleryid&quot;:1,&quot;description&quot;:&quot;&quot;,&quot;alttext&quot;:&quot;Comunidade Fumal celebra encerramento do festejo com realiza\\u00e7\\u00e3o de Primeira Eucaristia&quot;,&quot;thumbnailURL&quot;:&quot;https:\\\/\\\/portalv1.com.br\\\/app\\\/wp-content\\\/uploads\\\/2021\\\/10\\\/WhatsApp-Image-2021-10-02-at-21.03.34-4-400x250.jpeg&quot;,&quot;style&quot;:&quot;&quot;},{&quot;thumbcode&quot;:&quot;https:\\\/\\\/portalv1.com.br\\\/app\\\/wp-content\\\/uploads\\\/2021\\\/10\\\/WhatsApp-Image-2021-10-02-at-21.03.34-3-400x250.jpeg&quot;,&quot;imageURL&quot;:&quot;https:\\\/\\\/portalv1.com.br\\\/app\\\/wp-content\\\/uploads\\\/2021\\\/10\\\/WhatsApp-Image-2021-10-02-at-21.03.34-3.jpeg&quot;,&quot;pid&quot;:102173,&quot;galleryid&quot;:1,&quot;description&quot;:&quot;&quot;,&quot;alttext&quot;:&quot;Comunidade Fumal celebra encerramento do festejo com realiza\\u00e7\\u00e3o de Primeira Eucaristia&quot;,&quot;thumbnailURL&quot;:&quot;https:\\\/\\\/portalv1.com.br\\\/app\\\/wp-content\\\/uploads\\\/2021\\\/10\\\/WhatsApp-Image-2021-10-02-at-21.03.34-3-400x250.jpeg&quot;,&quot;style&quot;:&quot;&quot;},{&quot;thumbcode&quot;:&quot;https:\\\/\\\/portalv1.com.br\\\/app\\\/wp-content\\\/uploads\\\/2021\\\/10\\\/WhatsApp-Image-2021-10-02-at-21.03.34-2-400x250.jpeg&quot;,&quot;imageURL&quot;:&quot;https:\\\/\\\/portalv1.com.br\\\/app\\\/wp-content\\\/uploads\\\/2021\\\/10\\\/WhatsApp-Image-2021-10-02-at-21.03.34-2.jpeg&quot;,&quot;pid&quot;:102172,&quot;galleryid&quot;:1,&quot;description&quot;:&quot;&quot;,&quot;alttext&quot;:&quot;Comunidade Fumal celebra encerramento do festejo com realiza\\u00e7\\u00e3o de Primeira Eucaristia&quot;,&quot;thumbnailURL&quot;:&quot;https:\\\/\\\/portalv1.com.br\\\/app\\\/wp-content\\\/uploads\\\/2021\\\/10\\\/WhatsApp-Image-2021-10-02-at-21.03.34-2-400x250.jpeg&quot;,&quot;style&quot;:&quot;&quot;},{&quot;thumbcode&quot;:&quot;https:\\\/\\\/portalv1.com.br\\\/app\\\/wp-content\\\/uploads\\\/2021\\\/10\\\/WhatsApp-Image-2021-10-02-at-21.03.34-1-400x250.jpeg&quot;,&quot;imageURL&quot;:&quot;https:\\\/\\\/portalv1.com.br\\\/app\\\/wp-content\\\/uploads\\\/2021\\\/10\\\/WhatsApp-Image-2021-10-02-at-21.03.34-1.jpeg&quot;,&quot;pid&quot;:102171,&quot;galleryid&quot;:1,&quot;description&quot;:&quot;&quot;,&quot;alttext&quot;:&quot;Comunidade Fumal celebra encerramento do festejo com realiza\\u00e7\\u00e3o de Primeira Eucaristia&quot;,&quot;thumbnailURL&quot;:&quot;https:\\\/\\\/portalv1.com.br\\\/app\\\/wp-content\\\/uploads\\\/2021\\\/10\\\/WhatsApp-Image-2021-10-02-at-21.03.34-1-400x250.jpeg&quot;,&quot;style&quot;:&quot;&quot;},{&quot;thumbcode&quot;:&quot;https:\\\/\\\/portalv1.com.br\\\/app\\\/wp-content\\\/uploads\\\/2021\\\/10\\\/WhatsApp-Image-2021-10-02-at-21.03.33-400x250.jpeg&quot;,&quot;imageURL&quot;:&quot;https:\\\/\\\/portalv1.com.br\\\/app\\\/wp-content\\\/uploads\\\/2021\\\/10\\\/WhatsApp-Image-2021-10-02-at-21.03.33.jpeg&quot;,&quot;pid&quot;:102170,&quot;galleryid&quot;:1,&quot;description&quot;:&quot;&quot;,&quot;alttext&quot;:&quot;Comunidade Fumal celebra encerramento do festejo com realiza\\u00e7\\u00e3o de Primeira Eucaristia&quot;,&quot;thumbnailURL&quot;:&quot;https:\\\/\\\/portalv1.com.br\\\/app\\\/wp-content\\\/uploads\\\/2021\\\/10\\\/WhatsApp-Image-2021-10-02-at-21.03.33-400x250.jpeg&quot;,&quot;style&quot;:&quot;&quot;},{&quot;thumbcode&quot;:&quot;https:\\\/\\\/portalv1.com.br\\\/app\\\/wp-content\\\/uploads\\\/2021\\\/10\\\/WhatsApp-Image-2021-10-02-at-21.03.33-2-400x250.jpeg&quot;,&quot;imageURL&quot;:&quot;https:\\\/\\\/portalv1.com.br\\\/app\\\/wp-content\\\/uploads\\\/2021\\\/10\\\/WhatsApp-Image-2021-10-02-at-21.03.33-2.jpeg&quot;,&quot;pid&quot;:102169,&quot;galleryid&quot;:1,&quot;description&quot;:&quot;&quot;,&quot;alttext&quot;:&quot;Comunidade Fumal celebra encerramento do festejo com realiza\\u00e7\\u00e3o de Primeira Eucaristia&quot;,&quot;thumbnailURL&quot;:&quot;https:\\\/\\\/portalv1.com.br\\\/app\\\/wp-content\\\/uploads\\\/2021\\\/10\\\/WhatsApp-Image-2021-10-02-at-21.03.33-2-400x250.jpeg&quot;,&quot;style&quot;:&quot;&quot;},{&quot;thumbcode&quot;:&quot;https:\\\/\\\/portalv1.com.br\\\/app\\\/wp-content\\\/uploads\\\/2021\\\/10\\\/WhatsApp-Image-2021-10-02-at-21.03.33-1-400x250.jpeg&quot;,&quot;imageURL&quot;:&quot;https:\\\/\\\/portalv1.com.br\\\/app\\\/wp-content\\\/uploads\\\/2021\\\/10\\\/WhatsApp-Image-2021-10-02-at-21.03.33-1.jpeg&quot;,&quot;pid&quot;:102168,&quot;galleryid&quot;:1,&quot;description&quot;:&quot;&quot;,&quot;alttext&quot;:&quot;Comunidade Fumal celebra encerramento do festejo com realiza\\u00e7\\u00e3o de Primeira Eucaristia&quot;,&quot;thumbnailURL&quot;:&quot;https:\\\/\\\/portalv1.com.br\\\/app\\\/wp-content\\\/uploads\\\/2021\\\/10\\\/WhatsApp-Image-2021-10-02-at-21.03.33-1-400x250.jpeg&quot;,&quot;style&quot;:&quot;&quot;},{&quot;thumbcode&quot;:&quot;https:\\\/\\\/portalv1.com.br\\\/app\\\/wp-content\\\/uploads\\\/2021\\\/10\\\/WhatsApp-Image-2021-10-02-at-21.03.32-400x250.jpeg&quot;,&quot;imageURL&quot;:&quot;https:\\\/\\\/portalv1.com.br\\\/app\\\/wp-content\\\/uploads\\\/2021\\\/10\\\/WhatsApp-Image-2021-10-02-at-21.03.32.jpeg&quot;,&quot;pid&quot;:102167,&quot;galleryid&quot;:1,&quot;description&quot;:&quot;&quot;,&quot;alttext&quot;:&quot;Comunidade Fumal celebra encerramento do festejo com realiza\\u00e7\\u00e3o de Primeira Eucaristia&quot;,&quot;thumbnailURL&quot;:&quot;https:\\\/\\\/portalv1.com.br\\\/app\\\/wp-content\\\/uploads\\\/2021\\\/10\\\/WhatsApp-Image-2021-10-02-at-21.03.32-400x250.jpeg&quot;,&quot;style&quot;:&quot;&quot;},{&quot;thumbcode&quot;:&quot;https:\\\/\\\/portalv1.com.br\\\/app\\\/wp-content\\\/uploads\\\/2021\\\/10\\\/WhatsApp-Image-2021-10-02-at-21.03.31-400x250.jpeg&quot;,&quot;imageURL&quot;:&quot;https:\\\/\\\/portalv1.com.br\\\/app\\\/wp-content\\\/uploads\\\/2021\\\/10\\\/WhatsApp-Image-2021-10-02-at-21.03.31.jpeg&quot;,&quot;pid&quot;:102166,&quot;galleryid&quot;:1,&quot;description&quot;:&quot;&quot;,&quot;alttext&quot;:&quot;Comunidade Fumal celebra encerramento do festejo com realiza\\u00e7\\u00e3o de Primeira Eucaristia&quot;,&quot;thumbnailURL&quot;:&quot;https:\\\/\\\/portalv1.com.br\\\/app\\\/wp-content\\\/uploads\\\/2021\\\/10\\\/WhatsApp-Image-2021-10-02-at-21.03.31-400x250.jpeg&quot;,&quot;style&quot;:&quot;&quot;},{&quot;thumbcode&quot;:&quot;https:\\\/\\\/portalv1.com.br\\\/app\\\/wp-content\\\/uploads\\\/2021\\\/10\\\/WhatsApp-Image-2021-10-02-at-21.03.31-2-400x250.jpeg&quot;,&quot;imageURL&quot;:&quot;https:\\\/\\\/portalv1.com.br\\\/app\\\/wp-content\\\/uploads\\\/2021\\\/10\\\/WhatsApp-Image-2021-10-02-at-21.03.31-2.jpeg&quot;,&quot;pid&quot;:102165,&quot;galleryid&quot;:1,&quot;description&quot;:&quot;&quot;,&quot;alttext&quot;:&quot;Comunidade Fumal celebra encerramento do festejo com realiza\\u00e7\\u00e3o de Primeira Eucaristia&quot;,&quot;thumbnailURL&quot;:&quot;https:\\\/\\\/portalv1.com.br\\\/app\\\/wp-content\\\/uploads\\\/2021\\\/10\\\/WhatsApp-Image-2021-10-02-at-21.03.31-2-400x250.jpeg&quot;,&quot;style&quot;:&quot;&quot;},{&quot;thumbcode&quot;:&quot;https:\\\/\\\/portalv1.com.br\\\/app\\\/wp-content\\\/uploads\\\/2021\\\/10\\\/WhatsApp-Image-2021-10-02-at-21.03.31-1-400x250.jpeg&quot;,&quot;imageURL&quot;:&quot;https:\\\/\\\/portalv1.com.br\\\/app\\\/wp-content\\\/uploads\\\/2021\\\/10\\\/WhatsApp-Image-2021-10-02-at-21.03.31-1.jpeg&quot;,&quot;pid&quot;:102164,&quot;galleryid&quot;:1,&quot;description&quot;:&quot;&quot;,&quot;alttext&quot;:&quot;Comunidade Fumal celebra encerramento do festejo com realiza\\u00e7\\u00e3o de Primeira Eucaristia&quot;,&quot;thumbnailURL&quot;:&quot;https:\\\/\\\/portalv1.com.br\\\/app\\\/wp-content\\\/uploads\\\/2021\\\/10\\\/WhatsApp-Image-2021-10-02-at-21.03.31-1-400x250.jpeg&quot;,&quot;style&quot;:&quot;&quot;},{&quot;thumbcode&quot;:&quot;https:\\\/\\\/portalv1.com.br\\\/app\\\/wp-content\\\/uploads\\\/2021\\\/10\\\/WhatsApp-Image-2021-10-02-at-21.03.30-400x250.jpeg&quot;,&quot;imageURL&quot;:&quot;https:\\\/\\\/portalv1.com.br\\\/app\\\/wp-content\\\/uploads\\\/2021\\\/10\\\/WhatsApp-Image-2021-10-02-at-21.03.30.jpeg&quot;,&quot;pid&quot;:102163,&quot;galleryid&quot;:1,&quot;description&quot;:&quot;&quot;,&quot;alttext&quot;:&quot;Comunidade Fumal celebra encerramento do festejo com realiza\\u00e7\\u00e3o de Primeira Eucaristia&quot;,&quot;thumbnailURL&quot;:&quot;https:\\\/\\\/portalv1.com.br\\\/app\\\/wp-content\\\/uploads\\\/2021\\\/10\\\/WhatsApp-Image-2021-10-02-at-21.03.30-400x250.jpeg&quot;,&quot;style&quot;:&quot;&quot;},{&quot;thumbcode&quot;:&quot;https:\\\/\\\/portalv1.com.br\\\/app\\\/wp-content\\\/uploads\\\/2021\\\/10\\\/WhatsApp-Image-2021-10-02-at-21.03.30-1-400x250.jpeg&quot;,&quot;imageURL&quot;:&quot;https:\\\/\\\/portalv1.com.br\\\/app\\\/wp-content\\\/uploads\\\/2021\\\/10\\\/WhatsApp-Image-2021-10-02-at-21.03.30-1.jpeg&quot;,&quot;pid&quot;:102162,&quot;galleryid&quot;:1,&quot;description&quot;:&quot;&quot;,&quot;alttext&quot;:&quot;Comunidade Fumal celebra encerramento do festejo com realiza\\u00e7\\u00e3o de Primeira Eucaristia&quot;,&quot;thumbnailURL&quot;:&quot;https:\\\/\\\/portalv1.com.br\\\/app\\\/wp-content\\\/uploads\\\/2021\\\/10\\\/WhatsApp-Image-2021-10-02-at-21.03.30-1-400x250.jpeg&quot;,&quot;style&quot;:&quot;&quot;},{&quot;thumbcode&quot;:&quot;https:\\\/\\\/portalv1.com.br\\\/app\\\/wp-content\\\/uploads\\\/2021\\\/10\\\/WhatsApp-Image-2021-10-02-at-21.03.29-400x250.jpeg&quot;,&quot;imageURL&quot;:&quot;https:\\\/\\\/portalv1.com.br\\\/app\\\/wp-content\\\/uploads\\\/2021\\\/10\\\/WhatsApp-Image-2021-10-02-at-21.03.29.jpeg&quot;,&quot;pid&quot;:102161,&quot;galleryid&quot;:1,&quot;description&quot;:&quot;&quot;,&quot;alttext&quot;:&quot;Comunidade Fumal celebra encerramento do festejo com realiza\\u00e7\\u00e3o de Primeira Eucaristia&quot;,&quot;thumbnailURL&quot;:&quot;https:\\\/\\\/portalv1.com.br\\\/app\\\/wp-content\\\/uploads\\\/2021\\\/10\\\/WhatsApp-Image-2021-10-02-at-21.03.29-400x250.jpeg&quot;,&quot;style&quot;:&quot;&quot;},{&quot;thumbcode&quot;:&quot;https:\\\/\\\/portalv1.com.br\\\/app\\\/wp-content\\\/uploads\\\/2021\\\/10\\\/WhatsApp-Image-2021-10-02-at-21.03.29-3-400x250.jpeg&quot;,&quot;imageURL&quot;:&quot;https:\\\/\\\/portalv1.com.br\\\/app\\\/wp-content\\\/uploads\\\/2021\\\/10\\\/WhatsApp-Image-2021-10-02-at-21.03.29-3.jpeg&quot;,&quot;pid&quot;:102160,&quot;galleryid&quot;:1,&quot;description&quot;:&quot;&quot;,&quot;alttext&quot;:&quot;Comunidade Fumal celebra encerramento do festejo com realiza\\u00e7\\u00e3o de Primeira Eucaristia&quot;,&quot;thumbnailURL&quot;:&quot;https:\\\/\\\/portalv1.com.br\\\/app\\\/wp-content\\\/uploads\\\/2021\\\/10\\\/WhatsApp-Image-2021-10-02-at-21.03.29-3-400x250.jpeg&quot;,&quot;style&quot;:&quot;&quot;},{&quot;thumbcode&quot;:&quot;https:\\\/\\\/portalv1.com.br\\\/app\\\/wp-content\\\/uploads\\\/2021\\\/10\\\/WhatsApp-Image-2021-10-02-at-21.03.29-1-400x250.jpeg&quot;,&quot;imageURL&quot;:&quot;https:\\\/\\\/portalv1.com.br\\\/app\\\/wp-content\\\/uploads\\\/2021\\\/10\\\/WhatsApp-Image-2021-10-02-at-21.03.29-1.jpeg&quot;,&quot;pid&quot;:102158,&quot;galleryid&quot;:1,&quot;description&quot;:&quot;&quot;,&quot;alttext&quot;:&quot;Comunidade Fumal celebra encerramento do festejo com realiza\\u00e7\\u00e3o de Primeira Eucaristia&quot;,&quot;thumbnailURL&quot;:&quot;https:\\\/\\\/portalv1.com.br\\\/app\\\/wp-content\\\/uploads\\\/2021\\\/10\\\/WhatsApp-Image-2021-10-02-at-21.03.29-1-400x250.jpeg&quot;,&quot;style&quot;:&quot;&quot;},{&quot;thumbcode&quot;:&quot;https:\\\/\\\/portalv1.com.br\\\/app\\\/wp-content\\\/uploads\\\/2021\\\/10\\\/WhatsApp-Image-2021-10-02-at-21.03.29-2-400x250.jpeg&quot;,&quot;imageURL&quot;:&quot;https:\\\/\\\/portalv1.com.br\\\/app\\\/wp-content\\\/uploads\\\/2021\\\/10\\\/WhatsApp-Image-2021-10-02-at-21.03.29-2.jpeg&quot;,&quot;pid&quot;:102159,&quot;galleryid&quot;:1,&quot;description&quot;:&quot;&quot;,&quot;alttext&quot;:&quot;Comunidade Fumal celebra encerramento do festejo com realiza\\u00e7\\u00e3o de Primeira Eucaristia&quot;,&quot;thumbnailURL&quot;:&quot;https:\\\/\\\/portalv1.com.br\\\/app\\\/wp-content\\\/uploads\\\/2021\\\/10\\\/WhatsApp-Image-2021-10-02-at-21.03.29-2-400x250.jpeg&quot;,&quot;style&quot;:&quot;&quot;}]}}\"><\/div>\n                  <\/div>\n","protected":false},"excerpt":{"rendered":"<p>A Comunidade Fumal celebrou o encerramento do festejo de Santa Teresinha nesta sexta-feira 01 de outubro, com a realiza\u00e7\u00e3o de Primeira Eucaristia de dez crian\u00e7as da comunidade. A Santa Missa&#8230;<\/p>\n","protected":false},"author":16,"featured_media":102178,"comment_status":"open","ping_status":"open","sticky":false,"template":"","format":"standard","meta":{"ngg_post_thumbnail":0,"footnotes":""},"categories":[243],"tags":[],"class_list":["post-102157","post","type-post","status-publish","format-standard","has-post-thumbnail","hentry","category-geral"],"views":314,"meta_data":{"thumb":"https:\/\/portalv1.com.br\/app\/wp-content\/uploads\/2021\/10\/WhatsApp-Image-2021-10-02-at-21.03.35.jpeg","imagem":{"fullsize":{"url":"https:\/\/portalv1.com.br\/app\/wp-content\/uploads\/2021\/10\/WhatsApp-Image-2021-10-02-at-21.03.35.jpeg","width":1280,"height":718},"medium":{"url":"https:\/\/portalv1.com.br\/app\/wp-content\/uploads\/2021\/10\/WhatsApp-Image-2021-10-02-at-21.03.35-300x168.jpeg","width":300,"height":168},"large":{"url":"https:\/\/portalv1.com.br\/app\/wp-content\/uploads\/2021\/10\/WhatsApp-Image-2021-10-02-at-21.03.35-640x359.jpeg","width":640,"height":359},"thumbnail":{"url":"https:\/\/portalv1.com.br\/app\/wp-content\/uploads\/2021\/10\/WhatsApp-Image-2021-10-02-at-21.03.35-100x100.jpeg","width":100,"height":100},"medium_large":{"url":"https:\/\/portalv1.com.br\/app\/wp-content\/uploads\/2021\/10\/WhatsApp-Image-2021-10-02-at-21.03.35-768x431.jpeg","width":768,"height":431}},"data":{"simple":"02\/10\/2021","date_time":"02\/10\/2021 18:15:26","date":"h\u00e1 5 anos"},"chapeu":"FESTEJO FUMAL","source":"slide"},"_links":{"self":[{"href":"https:\/\/portalv1.com.br\/api\/wp\/v2\/posts\/102157","targetHints":{"allow":["GET"]}}],"collection":[{"href":"https:\/\/portalv1.com.br\/api\/wp\/v2\/posts"}],"about":[{"href":"https:\/\/portalv1.com.br\/api\/wp\/v2\/types\/post"}],"author":[{"embeddable":true,"href":"https:\/\/portalv1.com.br\/api\/wp\/v2\/users\/16"}],"replies":[{"embeddable":true,"href":"https:\/\/portalv1.com.br\/api\/wp\/v2\/comments?post=102157"}],"version-history":[{"count":0,"href":"https:\/\/portalv1.com.br\/api\/wp\/v2\/posts\/102157\/revisions"}],"wp:featuredmedia":[{"embeddable":true,"href":"https:\/\/portalv1.com.br\/api\/wp\/v2\/media\/102178"}],"wp:attachment":[{"href":"https:\/\/portalv1.com.br\/api\/wp\/v2\/media?parent=102157"}],"wp:term":[{"taxonomy":"category","embeddable":true,"href":"https:\/\/portalv1.com.br\/api\/wp\/v2\/categories?post=102157"},{"taxonomy":"post_tag","embeddable":true,"href":"https:\/\/portalv1.com.br\/api\/wp\/v2\/tags?post=102157"}],"curies":[{"name":"wp","href":"https:\/\/api.w.org\/{rel}","templated":true}]}}