{"id":10227,"date":"2011-09-14T00:40:16","date_gmt":"2011-09-14T03:40:16","guid":{"rendered":"https:\/\/portalv1.com.br\/?p=10227"},"modified":"2011-09-14T00:40:16","modified_gmt":"2011-09-14T03:40:16","slug":"governador-wilson-martins-aumenta-seu-salario-em-32","status":"publish","type":"post","link":"https:\/\/portalv1.com.br\/governador-wilson-martins-aumenta-seu-salario-em-32\/","title":{"rendered":"Governador Wilson Martins aumenta seu sal\u00e1rio em 32%"},"content":{"rendered":"<figure id=\"attachment_2884\" aria-describedby=\"caption-attachment-2884\" style=\"width: 300px\" class=\"wp-caption alignright\"><a href=\"https:\/\/portalv1.com.br\/app\/wp-content\/uploads\/2010\/02\/wilson.jpg\"><img loading=\"lazy\" decoding=\"async\" class=\"size-full wp-image-2884\" title=\"wilson\" src=\"https:\/\/portalv1.com.br\/app\/wp-content\/uploads\/2010\/02\/wilson.jpg\" alt=\"\" width=\"300\" height=\"183\" \/><\/a><figcaption id=\"caption-attachment-2884\" class=\"wp-caption-text\">governador Wilson Martins <\/figcaption><\/figure>\n<p>O deputado estadual Kl\u00e9ber Eul\u00e1lio (PMDB) apresentou nesta ter\u00e7a-feira  (13) na Assembleia Legislativa projeto que aumenta em 32% o sal\u00e1rio do  governador Wilson Martins (PSB), de R$ 12.500 para R$ 16.500, assim como  do vice Antonio Jos\u00e9 de Moraes Souza Filho para R$ 14.850. Segundo o  parlamentar, o valor foi sugerido pelo pr\u00f3prio poder Executivo para  resolver o impasse com categorias prejudicadas pelo redutor salarial  aplicado no final de junho.<\/p>\n<p>Na \u00e9poca, o governo reduziu gratifica\u00e7\u00f5es para evitar que servidores  ganhassem mais que o sal\u00e1rio do governador, o que poderia implicar em  improbidade administrativa. Categorias como auditores fiscais e  delegados de Pol\u00edcia Civil protestaram contra cortes nos vencimentos,  que em alguns casos chegariam a R$ 2 mil, e prometeram a\u00e7\u00f5es judiciais  para reaver os valores. O governo prometeu estudar o reajuste do chefe  do Executivo como alternativa. &#8220;\u00c9 um valor que foi acordado entre as  categorias que est\u00e3o sendo prejudicadas&#8221;, confirmou Kl\u00e9ber Eul\u00e1lio.<\/p>\n<div>Antes da aplica\u00e7\u00e3o do redutor, a  Secretaria de Administra\u00e7\u00e3o estimou que cerca de 450 servidores seriam  ganhavam mais que o governador e seriam atingidos pelo corte nos  vencimentos. O  aumento do sal\u00e1rio do governador e do vice implicaria em &#8220;efeito  cascata&#8221;, com reajuste nos sal\u00e1rios de todos os secret\u00e1rios estaduais e  outros integrantes do primeiro escal\u00e3o, que ganham 70% do sal\u00e1rio do  chefe do executivo. No entanto, o secret\u00e1rio estadual de Administra\u00e7\u00e3o,  Paulo Ivan da Silva Santos, informou que n\u00e3o haver\u00e1 reajuste no  vencimento do secretariado.<\/div>\n<div><\/div>\n<div>No  in\u00edcio do ano, Wilson Martins j\u00e1 havia vetado reajuste do pr\u00f3prio  sal\u00e1rio para R$ 20.025, valor aprovado pelo Congresso Nacional. A  proposta havia sido aprovada na Assembleia Legislativa. Na \u00e9poca, o  governador alegou o impacto nas contas p\u00fablicas e considerou que o  aumento &#8220;seria inadequado neste momento&#8221;.<\/div>\n<div><\/div>\n<div><\/div>\n","protected":false},"excerpt":{"rendered":"<p>O deputado estadual Kl\u00e9ber Eul\u00e1lio (PMDB) apresentou nesta ter\u00e7a-feira (13) na Assembleia Legislativa projeto que aumenta em 32% o sal\u00e1rio do governador Wilson Martins (PSB), de R$ 12.500 para R$&#8230;<\/p>\n","protected":false},"author":1,"featured_media":0,"comment_status":"open","ping_status":"open","sticky":false,"template":"","format":"standard","meta":{"ngg_post_thumbnail":0,"footnotes":""},"categories":[243],"tags":[],"class_list":["post-10227","post","type-post","status-publish","format-standard","hentry","category-geral"],"views":570,"meta_data":{"thumb":"https:\/\/portalv1.com.br\/app\/wp-content\/uploads\/2010\/02\/wilson.jpg","data":{"simple":"13\/09\/2011","date_time":"13\/09\/2011 21:40:16","date":"h\u00e1 15 anos"},"chapeu":"","source":""},"_links":{"self":[{"href":"https:\/\/portalv1.com.br\/api\/wp\/v2\/posts\/10227","targetHints":{"allow":["GET"]}}],"collection":[{"href":"https:\/\/portalv1.com.br\/api\/wp\/v2\/posts"}],"about":[{"href":"https:\/\/portalv1.com.br\/api\/wp\/v2\/types\/post"}],"author":[{"embeddable":true,"href":"https:\/\/portalv1.com.br\/api\/wp\/v2\/users\/1"}],"replies":[{"embeddable":true,"href":"https:\/\/portalv1.com.br\/api\/wp\/v2\/comments?post=10227"}],"version-history":[{"count":0,"href":"https:\/\/portalv1.com.br\/api\/wp\/v2\/posts\/10227\/revisions"}],"wp:attachment":[{"href":"https:\/\/portalv1.com.br\/api\/wp\/v2\/media?parent=10227"}],"wp:term":[{"taxonomy":"category","embeddable":true,"href":"https:\/\/portalv1.com.br\/api\/wp\/v2\/categories?post=10227"},{"taxonomy":"post_tag","embeddable":true,"href":"https:\/\/portalv1.com.br\/api\/wp\/v2\/tags?post=10227"}],"curies":[{"name":"wp","href":"https:\/\/api.w.org\/{rel}","templated":true}]}}