{"id":102365,"date":"2021-10-07T12:57:53","date_gmt":"2021-10-07T15:57:53","guid":{"rendered":"https:\/\/portalv1.com.br\/?p=102365"},"modified":"2021-10-07T15:28:40","modified_gmt":"2021-10-07T18:28:40","slug":"prefeitura-de-lagoa-do-sitio-realiza-confraternizacao-com-criancas-e-adolescentes-do-scfv","status":"publish","type":"post","link":"https:\/\/portalv1.com.br\/prefeitura-de-lagoa-do-sitio-realiza-confraternizacao-com-criancas-e-adolescentes-do-scfv\/","title":{"rendered":"Prefeitura de Lagoa do S\u00edtio realiza confraterniza\u00e7\u00e3o com crian\u00e7as e adolescentes do SCFV"},"content":{"rendered":"<p>A Prefeitura de Lagoa do S\u00edtio atrav\u00e9s da Secretaria de Assist\u00eancia Social, promoveu uma confraterniza\u00e7\u00e3o nesta quinta-feira 07 de outubro, com crian\u00e7as e adolescentes acompanhadas pelo Servi\u00e7o de Conviv\u00eancia e Fortalecimento de V\u00ednculos (SCFV). A comemora\u00e7\u00e3o do Dia das Crian\u00e7as aconteceu no novo pr\u00e9dio do SCFV com direito a lanche, distribui\u00e7\u00e3o de lembrancinhas e sorteio de presentes para garotada.<\/p>\n<p>A Secret\u00e1ria de Assist\u00eancia Social M\u00e1rcia Cristina, destaca em sua fala a import\u00e2ncia de se manter os cuidados de preven\u00e7\u00e3o para evitar o cont\u00e1gio da COVID-19, visto que as atividades est\u00e3o gradativamente voltando a ser realizados pela Secretaria de Assist\u00eancia Social do munic\u00edpio. A secret\u00e1ria ainda parabenizou cada crian\u00e7a e adolescente pela data especial e destacou sua alegria em retornar de novo com os encontros.<\/p>\n<p>A primeira dama Joelma Luz, tamb\u00e9m esteve presente e parabenizou as crian\u00e7as e adolescentes, e se colocou \u00e0 disposi\u00e7\u00e3o para ajudar o Servi\u00e7o de Conviv\u00eancia e Fortalecimento de V\u00ednculos. A primeira dama finalizou agradecendo o empenho de todos os profissionais da SMAS de Lagoa do S\u00edtio.<\/p>\n<p>Nesta sexta-feira 08 de outubro, a data ser\u00e1 comemorada com crian\u00e7as e adolescentes da faixa et\u00e1ria de 07 a 14 anos.<\/p>\n<div class=\"ngg-galleryoverview\" id=\"1\">\n                    <div data-widget=\"Galeria\" data-props=\"{&quot;galeria&quot;:{&quot;max_page&quot;:2,&quot;total&quot;:29,&quot;gallery_id&quot;:1,&quot;images&quot;:[{&quot;thumbcode&quot;:&quot;https:\\\/\\\/portalv1.com.br\\\/app\\\/wp-content\\\/uploads\\\/2021\\\/10\\\/WhatsApp-Image-2021-10-07-at-11.10.24-1-1024x768-1-400x250.jpeg&quot;,&quot;imageURL&quot;:&quot;https:\\\/\\\/portalv1.com.br\\\/app\\\/wp-content\\\/uploads\\\/2021\\\/10\\\/WhatsApp-Image-2021-10-07-at-11.10.24-1-1024x768-1.jpeg&quot;,&quot;pid&quot;:102366,&quot;galleryid&quot;:1,&quot;description&quot;:&quot;&quot;,&quot;alttext&quot;:&quot;Prefeitura de Lagoa do S\\u00edtio realiza confraterniza\\u00e7\\u00e3o com crian\\u00e7as e adolescentes do SCFV&quot;,&quot;thumbnailURL&quot;:&quot;https:\\\/\\\/portalv1.com.br\\\/app\\\/wp-content\\\/uploads\\\/2021\\\/10\\\/WhatsApp-Image-2021-10-07-at-11.10.24-1-1024x768-1-400x250.jpeg&quot;,&quot;style&quot;:&quot;&quot;},{&quot;thumbcode&quot;:&quot;https:\\\/\\\/portalv1.com.br\\\/app\\\/wp-content\\\/uploads\\\/2021\\\/10\\\/WhatsApp-Image-2021-10-07-at-11.10.24-1024x768-1-400x250.jpeg&quot;,&quot;imageURL&quot;:&quot;https:\\\/\\\/portalv1.com.br\\\/app\\\/wp-content\\\/uploads\\\/2021\\\/10\\\/WhatsApp-Image-2021-10-07-at-11.10.24-1024x768-1.jpeg&quot;,&quot;pid&quot;:102367,&quot;galleryid&quot;:1,&quot;description&quot;:&quot;&quot;,&quot;alttext&quot;:&quot;Prefeitura de Lagoa do S\\u00edtio realiza confraterniza\\u00e7\\u00e3o com crian\\u00e7as e adolescentes do SCFV&quot;,&quot;thumbnailURL&quot;:&quot;https:\\\/\\\/portalv1.com.br\\\/app\\\/wp-content\\\/uploads\\\/2021\\\/10\\\/WhatsApp-Image-2021-10-07-at-11.10.24-1024x768-1-400x250.jpeg&quot;,&quot;style&quot;:&quot;&quot;},{&quot;thumbcode&quot;:&quot;https:\\\/\\\/portalv1.com.br\\\/app\\\/wp-content\\\/uploads\\\/2021\\\/10\\\/WhatsApp-Image-2021-10-07-at-11.10.25-1024x768-1-400x250.jpeg&quot;,&quot;imageURL&quot;:&quot;https:\\\/\\\/portalv1.com.br\\\/app\\\/wp-content\\\/uploads\\\/2021\\\/10\\\/WhatsApp-Image-2021-10-07-at-11.10.25-1024x768-1.jpeg&quot;,&quot;pid&quot;:102368,&quot;galleryid&quot;:1,&quot;description&quot;:&quot;&quot;,&quot;alttext&quot;:&quot;Prefeitura de Lagoa do S\\u00edtio realiza confraterniza\\u00e7\\u00e3o com crian\\u00e7as e adolescentes do SCFV&quot;,&quot;thumbnailURL&quot;:&quot;https:\\\/\\\/portalv1.com.br\\\/app\\\/wp-content\\\/uploads\\\/2021\\\/10\\\/WhatsApp-Image-2021-10-07-at-11.10.25-1024x768-1-400x250.jpeg&quot;,&quot;style&quot;:&quot;&quot;},{&quot;thumbcode&quot;:&quot;https:\\\/\\\/portalv1.com.br\\\/app\\\/wp-content\\\/uploads\\\/2021\\\/10\\\/WhatsApp-Image-2021-10-07-at-11.10.26-1-1024x768-1-400x250.jpeg&quot;,&quot;imageURL&quot;:&quot;https:\\\/\\\/portalv1.com.br\\\/app\\\/wp-content\\\/uploads\\\/2021\\\/10\\\/WhatsApp-Image-2021-10-07-at-11.10.26-1-1024x768-1.jpeg&quot;,&quot;pid&quot;:102369,&quot;galleryid&quot;:1,&quot;description&quot;:&quot;&quot;,&quot;alttext&quot;:&quot;Prefeitura de Lagoa do S\\u00edtio realiza confraterniza\\u00e7\\u00e3o com crian\\u00e7as e adolescentes do SCFV&quot;,&quot;thumbnailURL&quot;:&quot;https:\\\/\\\/portalv1.com.br\\\/app\\\/wp-content\\\/uploads\\\/2021\\\/10\\\/WhatsApp-Image-2021-10-07-at-11.10.26-1-1024x768-1-400x250.jpeg&quot;,&quot;style&quot;:&quot;&quot;},{&quot;thumbcode&quot;:&quot;https:\\\/\\\/portalv1.com.br\\\/app\\\/wp-content\\\/uploads\\\/2021\\\/10\\\/WhatsApp-Image-2021-10-07-at-11.10.26-2-1024x768-1-400x250.jpeg&quot;,&quot;imageURL&quot;:&quot;https:\\\/\\\/portalv1.com.br\\\/app\\\/wp-content\\\/uploads\\\/2021\\\/10\\\/WhatsApp-Image-2021-10-07-at-11.10.26-2-1024x768-1.jpeg&quot;,&quot;pid&quot;:102370,&quot;galleryid&quot;:1,&quot;description&quot;:&quot;&quot;,&quot;alttext&quot;:&quot;Prefeitura de Lagoa do S\\u00edtio realiza confraterniza\\u00e7\\u00e3o com crian\\u00e7as e adolescentes do SCFV&quot;,&quot;thumbnailURL&quot;:&quot;https:\\\/\\\/portalv1.com.br\\\/app\\\/wp-content\\\/uploads\\\/2021\\\/10\\\/WhatsApp-Image-2021-10-07-at-11.10.26-2-1024x768-1-400x250.jpeg&quot;,&quot;style&quot;:&quot;&quot;},{&quot;thumbcode&quot;:&quot;https:\\\/\\\/portalv1.com.br\\\/app\\\/wp-content\\\/uploads\\\/2021\\\/10\\\/WhatsApp-Image-2021-10-07-at-11.10.26-1024x768-1-400x250.jpeg&quot;,&quot;imageURL&quot;:&quot;https:\\\/\\\/portalv1.com.br\\\/app\\\/wp-content\\\/uploads\\\/2021\\\/10\\\/WhatsApp-Image-2021-10-07-at-11.10.26-1024x768-1.jpeg&quot;,&quot;pid&quot;:102371,&quot;galleryid&quot;:1,&quot;description&quot;:&quot;&quot;,&quot;alttext&quot;:&quot;Prefeitura de Lagoa do S\\u00edtio realiza confraterniza\\u00e7\\u00e3o com crian\\u00e7as e adolescentes do SCFV&quot;,&quot;thumbnailURL&quot;:&quot;https:\\\/\\\/portalv1.com.br\\\/app\\\/wp-content\\\/uploads\\\/2021\\\/10\\\/WhatsApp-Image-2021-10-07-at-11.10.26-1024x768-1-400x250.jpeg&quot;,&quot;style&quot;:&quot;&quot;},{&quot;thumbcode&quot;:&quot;https:\\\/\\\/portalv1.com.br\\\/app\\\/wp-content\\\/uploads\\\/2021\\\/10\\\/WhatsApp-Image-2021-10-07-at-11.10.27-1-1024x768-1-400x250.jpeg&quot;,&quot;imageURL&quot;:&quot;https:\\\/\\\/portalv1.com.br\\\/app\\\/wp-content\\\/uploads\\\/2021\\\/10\\\/WhatsApp-Image-2021-10-07-at-11.10.27-1-1024x768-1.jpeg&quot;,&quot;pid&quot;:102372,&quot;galleryid&quot;:1,&quot;description&quot;:&quot;&quot;,&quot;alttext&quot;:&quot;Prefeitura de Lagoa do S\\u00edtio realiza confraterniza\\u00e7\\u00e3o com crian\\u00e7as e adolescentes do SCFV&quot;,&quot;thumbnailURL&quot;:&quot;https:\\\/\\\/portalv1.com.br\\\/app\\\/wp-content\\\/uploads\\\/2021\\\/10\\\/WhatsApp-Image-2021-10-07-at-11.10.27-1-1024x768-1-400x250.jpeg&quot;,&quot;style&quot;:&quot;&quot;},{&quot;thumbcode&quot;:&quot;https:\\\/\\\/portalv1.com.br\\\/app\\\/wp-content\\\/uploads\\\/2021\\\/10\\\/WhatsApp-Image-2021-10-07-at-11.10.27-1024x768-1-400x250.jpeg&quot;,&quot;imageURL&quot;:&quot;https:\\\/\\\/portalv1.com.br\\\/app\\\/wp-content\\\/uploads\\\/2021\\\/10\\\/WhatsApp-Image-2021-10-07-at-11.10.27-1024x768-1.jpeg&quot;,&quot;pid&quot;:102373,&quot;galleryid&quot;:1,&quot;description&quot;:&quot;&quot;,&quot;alttext&quot;:&quot;Prefeitura de Lagoa do S\\u00edtio realiza confraterniza\\u00e7\\u00e3o com crian\\u00e7as e adolescentes do SCFV&quot;,&quot;thumbnailURL&quot;:&quot;https:\\\/\\\/portalv1.com.br\\\/app\\\/wp-content\\\/uploads\\\/2021\\\/10\\\/WhatsApp-Image-2021-10-07-at-11.10.27-1024x768-1-400x250.jpeg&quot;,&quot;style&quot;:&quot;&quot;},{&quot;thumbcode&quot;:&quot;https:\\\/\\\/portalv1.com.br\\\/app\\\/wp-content\\\/uploads\\\/2021\\\/10\\\/WhatsApp-Image-2021-10-07-at-11.10.28-1024x768-1-400x250.jpeg&quot;,&quot;imageURL&quot;:&quot;https:\\\/\\\/portalv1.com.br\\\/app\\\/wp-content\\\/uploads\\\/2021\\\/10\\\/WhatsApp-Image-2021-10-07-at-11.10.28-1024x768-1.jpeg&quot;,&quot;pid&quot;:102374,&quot;galleryid&quot;:1,&quot;description&quot;:&quot;&quot;,&quot;alttext&quot;:&quot;Prefeitura de Lagoa do S\\u00edtio realiza confraterniza\\u00e7\\u00e3o com crian\\u00e7as e adolescentes do SCFV&quot;,&quot;thumbnailURL&quot;:&quot;https:\\\/\\\/portalv1.com.br\\\/app\\\/wp-content\\\/uploads\\\/2021\\\/10\\\/WhatsApp-Image-2021-10-07-at-11.10.28-1024x768-1-400x250.jpeg&quot;,&quot;style&quot;:&quot;&quot;},{&quot;thumbcode&quot;:&quot;https:\\\/\\\/portalv1.com.br\\\/app\\\/wp-content\\\/uploads\\\/2021\\\/10\\\/WhatsApp-Image-2021-10-07-at-11.10.30-1-1024x768-1-400x250.jpeg&quot;,&quot;imageURL&quot;:&quot;https:\\\/\\\/portalv1.com.br\\\/app\\\/wp-content\\\/uploads\\\/2021\\\/10\\\/WhatsApp-Image-2021-10-07-at-11.10.30-1-1024x768-1.jpeg&quot;,&quot;pid&quot;:102375,&quot;galleryid&quot;:1,&quot;description&quot;:&quot;&quot;,&quot;alttext&quot;:&quot;Prefeitura de Lagoa do S\\u00edtio realiza confraterniza\\u00e7\\u00e3o com crian\\u00e7as e adolescentes do SCFV&quot;,&quot;thumbnailURL&quot;:&quot;https:\\\/\\\/portalv1.com.br\\\/app\\\/wp-content\\\/uploads\\\/2021\\\/10\\\/WhatsApp-Image-2021-10-07-at-11.10.30-1-1024x768-1-400x250.jpeg&quot;,&quot;style&quot;:&quot;&quot;},{&quot;thumbcode&quot;:&quot;https:\\\/\\\/portalv1.com.br\\\/app\\\/wp-content\\\/uploads\\\/2021\\\/10\\\/WhatsApp-Image-2021-10-07-at-11.10.30-1024x768-1-400x250.jpeg&quot;,&quot;imageURL&quot;:&quot;https:\\\/\\\/portalv1.com.br\\\/app\\\/wp-content\\\/uploads\\\/2021\\\/10\\\/WhatsApp-Image-2021-10-07-at-11.10.30-1024x768-1.jpeg&quot;,&quot;pid&quot;:102376,&quot;galleryid&quot;:1,&quot;description&quot;:&quot;&quot;,&quot;alttext&quot;:&quot;Prefeitura de Lagoa do S\\u00edtio realiza confraterniza\\u00e7\\u00e3o com crian\\u00e7as e adolescentes do SCFV&quot;,&quot;thumbnailURL&quot;:&quot;https:\\\/\\\/portalv1.com.br\\\/app\\\/wp-content\\\/uploads\\\/2021\\\/10\\\/WhatsApp-Image-2021-10-07-at-11.10.30-1024x768-1-400x250.jpeg&quot;,&quot;style&quot;:&quot;&quot;},{&quot;thumbcode&quot;:&quot;https:\\\/\\\/portalv1.com.br\\\/app\\\/wp-content\\\/uploads\\\/2021\\\/10\\\/WhatsApp-Image-2021-10-07-at-11.10.31-1-1024x768-1-400x250.jpeg&quot;,&quot;imageURL&quot;:&quot;https:\\\/\\\/portalv1.com.br\\\/app\\\/wp-content\\\/uploads\\\/2021\\\/10\\\/WhatsApp-Image-2021-10-07-at-11.10.31-1-1024x768-1.jpeg&quot;,&quot;pid&quot;:102377,&quot;galleryid&quot;:1,&quot;description&quot;:&quot;&quot;,&quot;alttext&quot;:&quot;Prefeitura de Lagoa do S\\u00edtio realiza confraterniza\\u00e7\\u00e3o com crian\\u00e7as e adolescentes do SCFV&quot;,&quot;thumbnailURL&quot;:&quot;https:\\\/\\\/portalv1.com.br\\\/app\\\/wp-content\\\/uploads\\\/2021\\\/10\\\/WhatsApp-Image-2021-10-07-at-11.10.31-1-1024x768-1-400x250.jpeg&quot;,&quot;style&quot;:&quot;&quot;},{&quot;thumbcode&quot;:&quot;https:\\\/\\\/portalv1.com.br\\\/app\\\/wp-content\\\/uploads\\\/2021\\\/10\\\/WhatsApp-Image-2021-10-07-at-11.10.31-1024x768-1-400x250.jpeg&quot;,&quot;imageURL&quot;:&quot;https:\\\/\\\/portalv1.com.br\\\/app\\\/wp-content\\\/uploads\\\/2021\\\/10\\\/WhatsApp-Image-2021-10-07-at-11.10.31-1024x768-1.jpeg&quot;,&quot;pid&quot;:102378,&quot;galleryid&quot;:1,&quot;description&quot;:&quot;&quot;,&quot;alttext&quot;:&quot;Prefeitura de Lagoa do S\\u00edtio realiza confraterniza\\u00e7\\u00e3o com crian\\u00e7as e adolescentes do SCFV&quot;,&quot;thumbnailURL&quot;:&quot;https:\\\/\\\/portalv1.com.br\\\/app\\\/wp-content\\\/uploads\\\/2021\\\/10\\\/WhatsApp-Image-2021-10-07-at-11.10.31-1024x768-1-400x250.jpeg&quot;,&quot;style&quot;:&quot;&quot;},{&quot;thumbcode&quot;:&quot;https:\\\/\\\/portalv1.com.br\\\/app\\\/wp-content\\\/uploads\\\/2021\\\/10\\\/WhatsApp-Image-2021-10-07-at-11.11.53-1-1024x768-1-400x250.jpeg&quot;,&quot;imageURL&quot;:&quot;https:\\\/\\\/portalv1.com.br\\\/app\\\/wp-content\\\/uploads\\\/2021\\\/10\\\/WhatsApp-Image-2021-10-07-at-11.11.53-1-1024x768-1.jpeg&quot;,&quot;pid&quot;:102379,&quot;galleryid&quot;:1,&quot;description&quot;:&quot;&quot;,&quot;alttext&quot;:&quot;Prefeitura de Lagoa do S\\u00edtio realiza confraterniza\\u00e7\\u00e3o com crian\\u00e7as e adolescentes do SCFV&quot;,&quot;thumbnailURL&quot;:&quot;https:\\\/\\\/portalv1.com.br\\\/app\\\/wp-content\\\/uploads\\\/2021\\\/10\\\/WhatsApp-Image-2021-10-07-at-11.11.53-1-1024x768-1-400x250.jpeg&quot;,&quot;style&quot;:&quot;&quot;},{&quot;thumbcode&quot;:&quot;https:\\\/\\\/portalv1.com.br\\\/app\\\/wp-content\\\/uploads\\\/2021\\\/10\\\/WhatsApp-Image-2021-10-07-at-11.11.53-1024x768-1-400x250.jpeg&quot;,&quot;imageURL&quot;:&quot;https:\\\/\\\/portalv1.com.br\\\/app\\\/wp-content\\\/uploads\\\/2021\\\/10\\\/WhatsApp-Image-2021-10-07-at-11.11.53-1024x768-1.jpeg&quot;,&quot;pid&quot;:102380,&quot;galleryid&quot;:1,&quot;description&quot;:&quot;&quot;,&quot;alttext&quot;:&quot;Prefeitura de Lagoa do S\\u00edtio realiza confraterniza\\u00e7\\u00e3o com crian\\u00e7as e adolescentes do SCFV&quot;,&quot;thumbnailURL&quot;:&quot;https:\\\/\\\/portalv1.com.br\\\/app\\\/wp-content\\\/uploads\\\/2021\\\/10\\\/WhatsApp-Image-2021-10-07-at-11.11.53-1024x768-1-400x250.jpeg&quot;,&quot;style&quot;:&quot;&quot;},{&quot;thumbcode&quot;:&quot;https:\\\/\\\/portalv1.com.br\\\/app\\\/wp-content\\\/uploads\\\/2021\\\/10\\\/WhatsApp-Image-2021-10-07-at-11.11.54-1024x768-1-400x250.jpeg&quot;,&quot;imageURL&quot;:&quot;https:\\\/\\\/portalv1.com.br\\\/app\\\/wp-content\\\/uploads\\\/2021\\\/10\\\/WhatsApp-Image-2021-10-07-at-11.11.54-1024x768-1.jpeg&quot;,&quot;pid&quot;:102381,&quot;galleryid&quot;:1,&quot;description&quot;:&quot;&quot;,&quot;alttext&quot;:&quot;Prefeitura de Lagoa do S\\u00edtio realiza confraterniza\\u00e7\\u00e3o com crian\\u00e7as e adolescentes do SCFV&quot;,&quot;thumbnailURL&quot;:&quot;https:\\\/\\\/portalv1.com.br\\\/app\\\/wp-content\\\/uploads\\\/2021\\\/10\\\/WhatsApp-Image-2021-10-07-at-11.11.54-1024x768-1-400x250.jpeg&quot;,&quot;style&quot;:&quot;&quot;},{&quot;thumbcode&quot;:&quot;https:\\\/\\\/portalv1.com.br\\\/app\\\/wp-content\\\/uploads\\\/2021\\\/10\\\/WhatsApp-Image-2021-10-07-at-11.11.55-1024x768-1-400x250.jpeg&quot;,&quot;imageURL&quot;:&quot;https:\\\/\\\/portalv1.com.br\\\/app\\\/wp-content\\\/uploads\\\/2021\\\/10\\\/WhatsApp-Image-2021-10-07-at-11.11.55-1024x768-1.jpeg&quot;,&quot;pid&quot;:102382,&quot;galleryid&quot;:1,&quot;description&quot;:&quot;&quot;,&quot;alttext&quot;:&quot;Prefeitura de Lagoa do S\\u00edtio realiza confraterniza\\u00e7\\u00e3o com crian\\u00e7as e adolescentes do SCFV&quot;,&quot;thumbnailURL&quot;:&quot;https:\\\/\\\/portalv1.com.br\\\/app\\\/wp-content\\\/uploads\\\/2021\\\/10\\\/WhatsApp-Image-2021-10-07-at-11.11.55-1024x768-1-400x250.jpeg&quot;,&quot;style&quot;:&quot;&quot;},{&quot;thumbcode&quot;:&quot;https:\\\/\\\/portalv1.com.br\\\/app\\\/wp-content\\\/uploads\\\/2021\\\/10\\\/WhatsApp-Image-2021-10-07-at-11.11.56-1024x768-1-400x250.jpeg&quot;,&quot;imageURL&quot;:&quot;https:\\\/\\\/portalv1.com.br\\\/app\\\/wp-content\\\/uploads\\\/2021\\\/10\\\/WhatsApp-Image-2021-10-07-at-11.11.56-1024x768-1.jpeg&quot;,&quot;pid&quot;:102383,&quot;galleryid&quot;:1,&quot;description&quot;:&quot;&quot;,&quot;alttext&quot;:&quot;Prefeitura de Lagoa do S\\u00edtio realiza confraterniza\\u00e7\\u00e3o com crian\\u00e7as e adolescentes do SCFV&quot;,&quot;thumbnailURL&quot;:&quot;https:\\\/\\\/portalv1.com.br\\\/app\\\/wp-content\\\/uploads\\\/2021\\\/10\\\/WhatsApp-Image-2021-10-07-at-11.11.56-1024x768-1-400x250.jpeg&quot;,&quot;style&quot;:&quot;&quot;},{&quot;thumbcode&quot;:&quot;https:\\\/\\\/portalv1.com.br\\\/app\\\/wp-content\\\/uploads\\\/2021\\\/10\\\/WhatsApp-Image-2021-10-07-at-11.11.57-1-1024x768-1-400x250.jpeg&quot;,&quot;imageURL&quot;:&quot;https:\\\/\\\/portalv1.com.br\\\/app\\\/wp-content\\\/uploads\\\/2021\\\/10\\\/WhatsApp-Image-2021-10-07-at-11.11.57-1-1024x768-1.jpeg&quot;,&quot;pid&quot;:102384,&quot;galleryid&quot;:1,&quot;description&quot;:&quot;&quot;,&quot;alttext&quot;:&quot;Prefeitura de Lagoa do S\\u00edtio realiza confraterniza\\u00e7\\u00e3o com crian\\u00e7as e adolescentes do SCFV&quot;,&quot;thumbnailURL&quot;:&quot;https:\\\/\\\/portalv1.com.br\\\/app\\\/wp-content\\\/uploads\\\/2021\\\/10\\\/WhatsApp-Image-2021-10-07-at-11.11.57-1-1024x768-1-400x250.jpeg&quot;,&quot;style&quot;:&quot;&quot;},{&quot;thumbcode&quot;:&quot;https:\\\/\\\/portalv1.com.br\\\/app\\\/wp-content\\\/uploads\\\/2021\\\/10\\\/WhatsApp-Image-2021-10-07-at-11.11.57-2-1024x768-1-400x250.jpeg&quot;,&quot;imageURL&quot;:&quot;https:\\\/\\\/portalv1.com.br\\\/app\\\/wp-content\\\/uploads\\\/2021\\\/10\\\/WhatsApp-Image-2021-10-07-at-11.11.57-2-1024x768-1.jpeg&quot;,&quot;pid&quot;:102385,&quot;galleryid&quot;:1,&quot;description&quot;:&quot;&quot;,&quot;alttext&quot;:&quot;Prefeitura de Lagoa do S\\u00edtio realiza confraterniza\\u00e7\\u00e3o com crian\\u00e7as e adolescentes do SCFV&quot;,&quot;thumbnailURL&quot;:&quot;https:\\\/\\\/portalv1.com.br\\\/app\\\/wp-content\\\/uploads\\\/2021\\\/10\\\/WhatsApp-Image-2021-10-07-at-11.11.57-2-1024x768-1-400x250.jpeg&quot;,&quot;style&quot;:&quot;&quot;},{&quot;thumbcode&quot;:&quot;https:\\\/\\\/portalv1.com.br\\\/app\\\/wp-content\\\/uploads\\\/2021\\\/10\\\/WhatsApp-Image-2021-10-07-at-11.11.57-1024x768-1-400x250.jpeg&quot;,&quot;imageURL&quot;:&quot;https:\\\/\\\/portalv1.com.br\\\/app\\\/wp-content\\\/uploads\\\/2021\\\/10\\\/WhatsApp-Image-2021-10-07-at-11.11.57-1024x768-1.jpeg&quot;,&quot;pid&quot;:102386,&quot;galleryid&quot;:1,&quot;description&quot;:&quot;&quot;,&quot;alttext&quot;:&quot;Prefeitura de Lagoa do S\\u00edtio realiza confraterniza\\u00e7\\u00e3o com crian\\u00e7as e adolescentes do SCFV&quot;,&quot;thumbnailURL&quot;:&quot;https:\\\/\\\/portalv1.com.br\\\/app\\\/wp-content\\\/uploads\\\/2021\\\/10\\\/WhatsApp-Image-2021-10-07-at-11.11.57-1024x768-1-400x250.jpeg&quot;,&quot;style&quot;:&quot;&quot;},{&quot;thumbcode&quot;:&quot;https:\\\/\\\/portalv1.com.br\\\/app\\\/wp-content\\\/uploads\\\/2021\\\/10\\\/WhatsApp-Image-2021-10-07-at-11.11.57-1024x768-2-400x250.jpeg&quot;,&quot;imageURL&quot;:&quot;https:\\\/\\\/portalv1.com.br\\\/app\\\/wp-content\\\/uploads\\\/2021\\\/10\\\/WhatsApp-Image-2021-10-07-at-11.11.57-1024x768-2.jpeg&quot;,&quot;pid&quot;:102387,&quot;galleryid&quot;:1,&quot;description&quot;:&quot;&quot;,&quot;alttext&quot;:&quot;Prefeitura de Lagoa do S\\u00edtio realiza confraterniza\\u00e7\\u00e3o com crian\\u00e7as e adolescentes do SCFV&quot;,&quot;thumbnailURL&quot;:&quot;https:\\\/\\\/portalv1.com.br\\\/app\\\/wp-content\\\/uploads\\\/2021\\\/10\\\/WhatsApp-Image-2021-10-07-at-11.11.57-1024x768-2-400x250.jpeg&quot;,&quot;style&quot;:&quot;&quot;},{&quot;thumbcode&quot;:&quot;https:\\\/\\\/portalv1.com.br\\\/app\\\/wp-content\\\/uploads\\\/2021\\\/10\\\/WhatsApp-Image-2021-10-07-at-11.11.58-1024x768-1-400x250.jpeg&quot;,&quot;imageURL&quot;:&quot;https:\\\/\\\/portalv1.com.br\\\/app\\\/wp-content\\\/uploads\\\/2021\\\/10\\\/WhatsApp-Image-2021-10-07-at-11.11.58-1024x768-1.jpeg&quot;,&quot;pid&quot;:102388,&quot;galleryid&quot;:1,&quot;description&quot;:&quot;&quot;,&quot;alttext&quot;:&quot;Prefeitura de Lagoa do S\\u00edtio realiza confraterniza\\u00e7\\u00e3o com crian\\u00e7as e adolescentes do SCFV&quot;,&quot;thumbnailURL&quot;:&quot;https:\\\/\\\/portalv1.com.br\\\/app\\\/wp-content\\\/uploads\\\/2021\\\/10\\\/WhatsApp-Image-2021-10-07-at-11.11.58-1024x768-1-400x250.jpeg&quot;,&quot;style&quot;:&quot;&quot;},{&quot;thumbcode&quot;:&quot;https:\\\/\\\/portalv1.com.br\\\/app\\\/wp-content\\\/uploads\\\/2021\\\/10\\\/WhatsApp-Image-2021-10-07-at-11.12.00-1-1024x768-1-400x250.jpeg&quot;,&quot;imageURL&quot;:&quot;https:\\\/\\\/portalv1.com.br\\\/app\\\/wp-content\\\/uploads\\\/2021\\\/10\\\/WhatsApp-Image-2021-10-07-at-11.12.00-1-1024x768-1.jpeg&quot;,&quot;pid&quot;:102389,&quot;galleryid&quot;:1,&quot;description&quot;:&quot;&quot;,&quot;alttext&quot;:&quot;Prefeitura de Lagoa do S\\u00edtio realiza confraterniza\\u00e7\\u00e3o com crian\\u00e7as e adolescentes do SCFV&quot;,&quot;thumbnailURL&quot;:&quot;https:\\\/\\\/portalv1.com.br\\\/app\\\/wp-content\\\/uploads\\\/2021\\\/10\\\/WhatsApp-Image-2021-10-07-at-11.12.00-1-1024x768-1-400x250.jpeg&quot;,&quot;style&quot;:&quot;&quot;},{&quot;thumbcode&quot;:&quot;https:\\\/\\\/portalv1.com.br\\\/app\\\/wp-content\\\/uploads\\\/2021\\\/10\\\/WhatsApp-Image-2021-10-07-at-11.12.00-1024x768-1-400x250.jpeg&quot;,&quot;imageURL&quot;:&quot;https:\\\/\\\/portalv1.com.br\\\/app\\\/wp-content\\\/uploads\\\/2021\\\/10\\\/WhatsApp-Image-2021-10-07-at-11.12.00-1024x768-1.jpeg&quot;,&quot;pid&quot;:102390,&quot;galleryid&quot;:1,&quot;description&quot;:&quot;&quot;,&quot;alttext&quot;:&quot;Prefeitura de Lagoa do S\\u00edtio realiza confraterniza\\u00e7\\u00e3o com crian\\u00e7as e adolescentes do SCFV&quot;,&quot;thumbnailURL&quot;:&quot;https:\\\/\\\/portalv1.com.br\\\/app\\\/wp-content\\\/uploads\\\/2021\\\/10\\\/WhatsApp-Image-2021-10-07-at-11.12.00-1024x768-1-400x250.jpeg&quot;,&quot;style&quot;:&quot;&quot;},{&quot;thumbcode&quot;:&quot;https:\\\/\\\/portalv1.com.br\\\/app\\\/wp-content\\\/uploads\\\/2021\\\/10\\\/WhatsApp-Image-2021-10-07-at-11.12.01-1024x768-1-400x250.jpeg&quot;,&quot;imageURL&quot;:&quot;https:\\\/\\\/portalv1.com.br\\\/app\\\/wp-content\\\/uploads\\\/2021\\\/10\\\/WhatsApp-Image-2021-10-07-at-11.12.01-1024x768-1.jpeg&quot;,&quot;pid&quot;:102391,&quot;galleryid&quot;:1,&quot;description&quot;:&quot;&quot;,&quot;alttext&quot;:&quot;Prefeitura de Lagoa do S\\u00edtio realiza confraterniza\\u00e7\\u00e3o com crian\\u00e7as e adolescentes do SCFV&quot;,&quot;thumbnailURL&quot;:&quot;https:\\\/\\\/portalv1.com.br\\\/app\\\/wp-content\\\/uploads\\\/2021\\\/10\\\/WhatsApp-Image-2021-10-07-at-11.12.01-1024x768-1-400x250.jpeg&quot;,&quot;style&quot;:&quot;&quot;},{&quot;thumbcode&quot;:&quot;https:\\\/\\\/portalv1.com.br\\\/app\\\/wp-content\\\/uploads\\\/2021\\\/10\\\/WhatsApp-Image-2021-10-07-at-11.12.02-1024x768-1-400x250.jpeg&quot;,&quot;imageURL&quot;:&quot;https:\\\/\\\/portalv1.com.br\\\/app\\\/wp-content\\\/uploads\\\/2021\\\/10\\\/WhatsApp-Image-2021-10-07-at-11.12.02-1024x768-1.jpeg&quot;,&quot;pid&quot;:102392,&quot;galleryid&quot;:1,&quot;description&quot;:&quot;&quot;,&quot;alttext&quot;:&quot;Prefeitura de Lagoa do S\\u00edtio realiza confraterniza\\u00e7\\u00e3o com crian\\u00e7as e adolescentes do SCFV&quot;,&quot;thumbnailURL&quot;:&quot;https:\\\/\\\/portalv1.com.br\\\/app\\\/wp-content\\\/uploads\\\/2021\\\/10\\\/WhatsApp-Image-2021-10-07-at-11.12.02-1024x768-1-400x250.jpeg&quot;,&quot;style&quot;:&quot;&quot;},{&quot;thumbcode&quot;:&quot;https:\\\/\\\/portalv1.com.br\\\/app\\\/wp-content\\\/uploads\\\/2021\\\/10\\\/WhatsApp-Image-2021-10-07-at-11.12.02-1024x768-2-400x250.jpeg&quot;,&quot;imageURL&quot;:&quot;https:\\\/\\\/portalv1.com.br\\\/app\\\/wp-content\\\/uploads\\\/2021\\\/10\\\/WhatsApp-Image-2021-10-07-at-11.12.02-1024x768-2.jpeg&quot;,&quot;pid&quot;:102393,&quot;galleryid&quot;:1,&quot;description&quot;:&quot;&quot;,&quot;alttext&quot;:&quot;Prefeitura de Lagoa do S\\u00edtio realiza confraterniza\\u00e7\\u00e3o com crian\\u00e7as e adolescentes do SCFV&quot;,&quot;thumbnailURL&quot;:&quot;https:\\\/\\\/portalv1.com.br\\\/app\\\/wp-content\\\/uploads\\\/2021\\\/10\\\/WhatsApp-Image-2021-10-07-at-11.12.02-1024x768-2-400x250.jpeg&quot;,&quot;style&quot;:&quot;&quot;},{&quot;thumbcode&quot;:&quot;https:\\\/\\\/portalv1.com.br\\\/app\\\/wp-content\\\/uploads\\\/2021\\\/10\\\/WhatsApp-Image-2021-10-07-at-11.12.03-1024x768-1-400x250.jpeg&quot;,&quot;imageURL&quot;:&quot;https:\\\/\\\/portalv1.com.br\\\/app\\\/wp-content\\\/uploads\\\/2021\\\/10\\\/WhatsApp-Image-2021-10-07-at-11.12.03-1024x768-1.jpeg&quot;,&quot;pid&quot;:102394,&quot;galleryid&quot;:1,&quot;description&quot;:&quot;&quot;,&quot;alttext&quot;:&quot;Prefeitura de Lagoa do S\\u00edtio realiza confraterniza\\u00e7\\u00e3o com crian\\u00e7as e adolescentes do SCFV&quot;,&quot;thumbnailURL&quot;:&quot;https:\\\/\\\/portalv1.com.br\\\/app\\\/wp-content\\\/uploads\\\/2021\\\/10\\\/WhatsApp-Image-2021-10-07-at-11.12.03-1024x768-1-400x250.jpeg&quot;,&quot;style&quot;:&quot;&quot;}]}}\"><\/div>\n                  <\/div>\n","protected":false},"excerpt":{"rendered":"<p>A Prefeitura de Lagoa do S\u00edtio atrav\u00e9s da Secretaria de Assist\u00eancia Social, promoveu uma confraterniza\u00e7\u00e3o nesta quinta-feira 07 de outubro, com crian\u00e7as e adolescentes acompanhadas pelo Servi\u00e7o de Conviv\u00eancia e&#8230;<\/p>\n","protected":false},"author":16,"featured_media":102373,"comment_status":"open","ping_status":"open","sticky":false,"template":"","format":"standard","meta":{"ngg_post_thumbnail":0,"footnotes":""},"categories":[243],"tags":[],"class_list":["post-102365","post","type-post","status-publish","format-standard","has-post-thumbnail","hentry","category-geral"],"views":285,"meta_data":{"thumb":"https:\/\/portalv1.com.br\/app\/wp-content\/uploads\/2021\/10\/WhatsApp-Image-2021-10-07-at-11.10.27-1024x768-1.jpeg","imagem":{"fullsize":{"url":"https:\/\/portalv1.com.br\/app\/wp-content\/uploads\/2021\/10\/WhatsApp-Image-2021-10-07-at-11.10.27-1024x768-1.jpeg","width":1024,"height":768},"medium":{"url":"https:\/\/portalv1.com.br\/app\/wp-content\/uploads\/2021\/10\/WhatsApp-Image-2021-10-07-at-11.10.27-1024x768-1-300x225.jpeg","width":300,"height":225},"large":{"url":"https:\/\/portalv1.com.br\/app\/wp-content\/uploads\/2021\/10\/WhatsApp-Image-2021-10-07-at-11.10.27-1024x768-1-640x480.jpeg","width":640,"height":480},"thumbnail":{"url":"https:\/\/portalv1.com.br\/app\/wp-content\/uploads\/2021\/10\/WhatsApp-Image-2021-10-07-at-11.10.27-1024x768-1-100x100.jpeg","width":100,"height":100},"medium_large":{"url":"https:\/\/portalv1.com.br\/app\/wp-content\/uploads\/2021\/10\/WhatsApp-Image-2021-10-07-at-11.10.27-1024x768-1-768x576.jpeg","width":768,"height":576}},"data":{"simple":"07\/10\/2021","date_time":"07\/10\/2021 09:57:53","date":"h\u00e1 5 anos"},"chapeu":"COMEMORA\u00c7\u00c3O","source":"slide"},"_links":{"self":[{"href":"https:\/\/portalv1.com.br\/api\/wp\/v2\/posts\/102365","targetHints":{"allow":["GET"]}}],"collection":[{"href":"https:\/\/portalv1.com.br\/api\/wp\/v2\/posts"}],"about":[{"href":"https:\/\/portalv1.com.br\/api\/wp\/v2\/types\/post"}],"author":[{"embeddable":true,"href":"https:\/\/portalv1.com.br\/api\/wp\/v2\/users\/16"}],"replies":[{"embeddable":true,"href":"https:\/\/portalv1.com.br\/api\/wp\/v2\/comments?post=102365"}],"version-history":[{"count":0,"href":"https:\/\/portalv1.com.br\/api\/wp\/v2\/posts\/102365\/revisions"}],"wp:featuredmedia":[{"embeddable":true,"href":"https:\/\/portalv1.com.br\/api\/wp\/v2\/media\/102373"}],"wp:attachment":[{"href":"https:\/\/portalv1.com.br\/api\/wp\/v2\/media?parent=102365"}],"wp:term":[{"taxonomy":"category","embeddable":true,"href":"https:\/\/portalv1.com.br\/api\/wp\/v2\/categories?post=102365"},{"taxonomy":"post_tag","embeddable":true,"href":"https:\/\/portalv1.com.br\/api\/wp\/v2\/tags?post=102365"}],"curies":[{"name":"wp","href":"https:\/\/api.w.org\/{rel}","templated":true}]}}