{"id":102452,"date":"2021-10-08T22:37:32","date_gmt":"2021-10-09T01:37:32","guid":{"rendered":"https:\/\/portalv1.com.br\/?p=102452"},"modified":"2021-10-08T22:37:32","modified_gmt":"2021-10-09T01:37:32","slug":"ex-prefeito-marcos-vinicius-e-denunciado-a-justica-por-improbidade","status":"publish","type":"post","link":"https:\/\/portalv1.com.br\/ex-prefeito-marcos-vinicius-e-denunciado-a-justica-por-improbidade\/","title":{"rendered":"Ex-prefeito Marcos Vin\u00edcius \u00e9 denunciado \u00e0 Justi\u00e7a por improbidade"},"content":{"rendered":"<figure id=\"attachment_102453\" aria-describedby=\"caption-attachment-102453\" style=\"width: 600px\" class=\"wp-caption aligncenter\"><a href=\"https:\/\/portalv1.com.br\/app\/wp-content\/uploads\/2021\/10\/MARCOS-VENICICIUS.jpg\"><img loading=\"lazy\" decoding=\"async\" class=\"wp-image-102453 size-large\" src=\"https:\/\/portalv1.com.br\/app\/wp-content\/uploads\/2021\/10\/MARCOS-VENICICIUS-640x360.jpg\" alt=\"\" width=\"600\" height=\"338\" srcset=\"https:\/\/portalv1.com.br\/app\/wp-content\/uploads\/2021\/10\/MARCOS-VENICICIUS-640x360.jpg 640w, https:\/\/portalv1.com.br\/app\/wp-content\/uploads\/2021\/10\/MARCOS-VENICICIUS-300x169.jpg 300w, https:\/\/portalv1.com.br\/app\/wp-content\/uploads\/2021\/10\/MARCOS-VENICICIUS-768x432.jpg 768w, https:\/\/portalv1.com.br\/app\/wp-content\/uploads\/2021\/10\/MARCOS-VENICICIUS.jpg 1280w\" sizes=\"auto, (max-width: 600px) 100vw, 600px\" \/><\/a><figcaption id=\"caption-attachment-102453\" class=\"wp-caption-text\">Ex-prefeito de Novo Oriente do Piau\u00ed, Marcos Vin\u00edcius Cunha Dias<\/figcaption><\/figure>\n<p>O ex-prefeito de Novo Oriente do Piau\u00ed, Marcos Vin\u00edcius Cunha Dias, foi denunciado \u00e0 Justi\u00e7a pelo Minist\u00e9rio P\u00fablico do Estado do Piau\u00ed, acusado de improbidade administrativa, por ter sido contratado pelo munic\u00edpio e n\u00e3o ter exercido suas atividades de m\u00e9dico.<\/p>\n<p>A a\u00e7\u00e3o teve origem em procedimento investigat\u00f3rio instaurado pela 2\u00aa Promotoria de Valen\u00e7a do Piau\u00ed, ap\u00f3s decl\u00ednio de atribui\u00e7\u00e3o pelo procurador da Rep\u00fablica, Patrick \u00c1ureo Emmanuel da Silva Nilo. Segundo a a\u00e7\u00e3o, Marcos Vin\u00edcius esteve cadastrado no CNES, como se em exerc\u00edcio estivesse como m\u00e9dico do PSF no Posto de Sa\u00fade Raimundo Rodrigues Sobreira, no povoado Cara\u00edbas, entre dezembro de 2018 a junho de 2019. Relat\u00f3rio de inspe\u00e7\u00e3o constatou que nas folhas de frequ\u00eancias cedidas pela Secretaria Municipal de Sa\u00fade n\u00e3o constavam assinatura do m\u00e9dico; o Posto de Sa\u00fade estava em estado de abandono, o que denotava n\u00e3o estar funcionando; e populares ouvidos confirmaram que o m\u00e9dico n\u00e3o atendia no estabelecimento.<\/p>\n<p>O ex-prefeito alegou que prestou os servi\u00e7os m\u00e9dicos no referido posto de sa\u00fade, e est\u00e1 cobrando do munic\u00edpio o seu devido pagamento, todavia n\u00e3o comprovou a presta\u00e7\u00e3o de servi\u00e7os, n\u00e3o afastando as constata\u00e7\u00f5es da inspe\u00e7\u00e3o in loco realizada pelo Minist\u00e9rio P\u00fablico Federal.<\/p>\n<p>Para o promotor Sinobilino Pinheiro da Silva J\u00fanior, da 2\u00aa Promotoria de Justi\u00e7a de Valen\u00e7a do Piau\u00ed, o m\u00e9dico violou o princ\u00edpio da efici\u00eancia administrativa e tamb\u00e9m os da honestidade e lealdade institucional \u201cexistentes para aquelas pessoas que se disp\u00f5em a atuar no servi\u00e7o p\u00fablico\u201d.<\/p>\n<p>\u201cResta evidente, por fim, o dolo do r\u00e9u em praticar referido ato \u00edmprobo, pois mesmo ciente do seu cadastro no CNES para atuar como m\u00e9dico, no per\u00edodo entre 12\/2018 e 06\/2019 jamais funcionou como m\u00e9dico do PSF no PS de Cara\u00edbas, na cidade de Novo Oriente do Piau\u00ed. Ainda assim, conforme manifesta\u00e7\u00e3o perante o Minist\u00e9rio P\u00fablico, o r\u00e9u ainda busca ao Munic\u00edpio o referido pagamento pelos servi\u00e7os que n\u00e3o prestou\u201d, diz trecho da peti\u00e7\u00e3o inicial.<\/p>\n<p>O Minist\u00e9rio P\u00fablico pede a condena\u00e7\u00e3o de Marcos Vin\u00edcius Cunha Dias nas san\u00e7\u00f5es previstas na Lei de Improbidade Administrativa, no caso, a suspens\u00e3o dos direitos pol\u00edticos de cinco a oito anos e proibi\u00e7\u00e3o de contratar com o Poder P\u00fablico ou receber benef\u00edcios ou incentivos fiscais ou credit\u00edcios, direta ou indiretamente, ainda que por interm\u00e9dio de pessoa jur\u00eddica da qual seja s\u00f3cio majorit\u00e1rio, pelo prazo de cinco anos.<\/p>\n<p>A a\u00e7\u00e3o foi ajuizada nesta sexta-feira (08) e aguarda recebimento pelo ju\u00edzo da Vara \u00danica de Valen\u00e7a do Piau\u00ed.<\/p>\n<p><strong>Outro lado<\/strong><\/p>\n<p>Marcos Vin\u00edcius n\u00e3o foi localizado pelo GP1.<\/p>\n<p>Fonte: GP1<\/p>\n","protected":false},"excerpt":{"rendered":"<p>O ex-prefeito de Novo Oriente do Piau\u00ed, Marcos Vin\u00edcius Cunha Dias, foi denunciado \u00e0 Justi\u00e7a pelo Minist\u00e9rio P\u00fablico do Estado do Piau\u00ed, acusado de improbidade administrativa, por ter sido contratado&#8230;<\/p>\n","protected":false},"author":1,"featured_media":102453,"comment_status":"open","ping_status":"open","sticky":false,"template":"","format":"standard","meta":{"ngg_post_thumbnail":0,"footnotes":""},"categories":[243],"tags":[],"class_list":["post-102452","post","type-post","status-publish","format-standard","has-post-thumbnail","hentry","category-geral"],"views":1330,"meta_data":{"thumb":"https:\/\/portalv1.com.br\/app\/wp-content\/uploads\/2021\/10\/MARCOS-VENICICIUS.jpg","imagem":{"fullsize":{"url":"https:\/\/portalv1.com.br\/app\/wp-content\/uploads\/2021\/10\/MARCOS-VENICICIUS.jpg","width":1280,"height":720},"medium":{"url":"https:\/\/portalv1.com.br\/app\/wp-content\/uploads\/2021\/10\/MARCOS-VENICICIUS-300x169.jpg","width":300,"height":169},"large":{"url":"https:\/\/portalv1.com.br\/app\/wp-content\/uploads\/2021\/10\/MARCOS-VENICICIUS-640x360.jpg","width":640,"height":360},"thumbnail":{"url":"https:\/\/portalv1.com.br\/app\/wp-content\/uploads\/2021\/10\/MARCOS-VENICICIUS-100x100.jpg","width":100,"height":100},"medium_large":{"url":"https:\/\/portalv1.com.br\/app\/wp-content\/uploads\/2021\/10\/MARCOS-VENICICIUS-768x432.jpg","width":768,"height":432}},"data":{"simple":"08\/10\/2021","date_time":"08\/10\/2021 19:37:32","date":"h\u00e1 5 anos"},"chapeu":"Saiba Detalhes ","source":"slide"},"_links":{"self":[{"href":"https:\/\/portalv1.com.br\/api\/wp\/v2\/posts\/102452","targetHints":{"allow":["GET"]}}],"collection":[{"href":"https:\/\/portalv1.com.br\/api\/wp\/v2\/posts"}],"about":[{"href":"https:\/\/portalv1.com.br\/api\/wp\/v2\/types\/post"}],"author":[{"embeddable":true,"href":"https:\/\/portalv1.com.br\/api\/wp\/v2\/users\/1"}],"replies":[{"embeddable":true,"href":"https:\/\/portalv1.com.br\/api\/wp\/v2\/comments?post=102452"}],"version-history":[{"count":0,"href":"https:\/\/portalv1.com.br\/api\/wp\/v2\/posts\/102452\/revisions"}],"wp:featuredmedia":[{"embeddable":true,"href":"https:\/\/portalv1.com.br\/api\/wp\/v2\/media\/102453"}],"wp:attachment":[{"href":"https:\/\/portalv1.com.br\/api\/wp\/v2\/media?parent=102452"}],"wp:term":[{"taxonomy":"category","embeddable":true,"href":"https:\/\/portalv1.com.br\/api\/wp\/v2\/categories?post=102452"},{"taxonomy":"post_tag","embeddable":true,"href":"https:\/\/portalv1.com.br\/api\/wp\/v2\/tags?post=102452"}],"curies":[{"name":"wp","href":"https:\/\/api.w.org\/{rel}","templated":true}]}}