{"id":103855,"date":"2021-10-30T12:22:19","date_gmt":"2021-10-30T15:22:19","guid":{"rendered":"https:\/\/portalv1.com.br\/?p=103855"},"modified":"2021-10-30T12:22:19","modified_gmt":"2021-10-30T15:22:19","slug":"em-aroazes-filho-agride-o-pai-e-e-preso-em-flagrante","status":"publish","type":"post","link":"https:\/\/portalv1.com.br\/em-aroazes-filho-agride-o-pai-e-e-preso-em-flagrante\/","title":{"rendered":"Em Aroazes filho agride o pai e \u00e9 preso em flagrante"},"content":{"rendered":"<p><a href=\"https:\/\/portalv1.com.br\/app\/wp-content\/uploads\/2019\/11\/giroflex-Copy.jpg\"><img loading=\"lazy\" decoding=\"async\" class=\"aligncenter wp-image-79729 size-large\" src=\"https:\/\/portalv1.com.br\/app\/wp-content\/uploads\/2019\/11\/giroflex-Copy-640x427.jpg\" alt=\"\" width=\"600\" height=\"400\" srcset=\"https:\/\/portalv1.com.br\/app\/wp-content\/uploads\/2019\/11\/giroflex-Copy.jpg 640w, https:\/\/portalv1.com.br\/app\/wp-content\/uploads\/2019\/11\/giroflex-Copy-300x200.jpg 300w\" sizes=\"auto, (max-width: 600px) 100vw, 600px\" \/><\/a><\/p>\n<p>A equipe de servi\u00e7o do Grupamento Policial Militar de Aroazes foi acionada por populares, dando conta que um filho estava na casa dos pais, b\u00eabado, bagun\u00e7ando, e teria agredido fisicamente o pai com tapas, socos e empurr\u00f5es.<\/p>\n<p>Fato ocorrido neste dia 29 de outubro, por volta das 18:30, na resid\u00eancia da v\u00edtima. O grupamento policial militar diligenciou ao local do fato, e se depararam com o agressor, em total estado de embriaguez, foi dada voz de pris\u00e3o e sem resistir o homem foi conduzido em flagrante a Delegacia Regional, em Valen\u00e7a, para a devida autua\u00e7\u00e3o em flagrante, permanecendo preso \u00e0 disposi\u00e7\u00e3o da Justi\u00e7a.<\/p>\n<p>O filho agressor foi identificado pelas iniciais L.R.A.S., de 34 anos, e o pai\/v\u00edtima, identificado com as iniciais A.S.S., com 65 anos de idade.<\/p>\n<p>&nbsp;<\/p>\n","protected":false},"excerpt":{"rendered":"<p>A equipe de servi\u00e7o do Grupamento Policial Militar de Aroazes foi acionada por populares, dando conta que um filho estava na casa dos pais, b\u00eabado, bagun\u00e7ando, e teria agredido fisicamente&#8230;<\/p>\n","protected":false},"author":1,"featured_media":79729,"comment_status":"open","ping_status":"open","sticky":false,"template":"","format":"standard","meta":{"ngg_post_thumbnail":0,"footnotes":""},"categories":[243],"tags":[],"class_list":["post-103855","post","type-post","status-publish","format-standard","has-post-thumbnail","hentry","category-geral"],"views":340,"meta_data":{"thumb":"https:\/\/portalv1.com.br\/app\/wp-content\/uploads\/2019\/11\/giroflex-Copy.jpg","imagem":{"fullsize":{"url":"https:\/\/portalv1.com.br\/app\/wp-content\/uploads\/2019\/11\/giroflex-Copy.jpg","width":640,"height":427},"thumbnail":{"url":"https:\/\/portalv1.com.br\/app\/wp-content\/uploads\/2019\/11\/giroflex-Copy-100x100.jpg","width":100,"height":100},"medium":{"url":"https:\/\/portalv1.com.br\/app\/wp-content\/uploads\/2019\/11\/giroflex-Copy-300x200.jpg","width":300,"height":200},"large":{"url":"https:\/\/portalv1.com.br\/app\/wp-content\/uploads\/2019\/11\/giroflex-Copy-640x427.jpg","width":640,"height":427}},"data":{"simple":"30\/10\/2021","date_time":"30\/10\/2021 09:22:19","date":"h\u00e1 5 anos"},"chapeu":"Grupamento da Policia Militar ","source":"m_destacada"},"_links":{"self":[{"href":"https:\/\/portalv1.com.br\/api\/wp\/v2\/posts\/103855","targetHints":{"allow":["GET"]}}],"collection":[{"href":"https:\/\/portalv1.com.br\/api\/wp\/v2\/posts"}],"about":[{"href":"https:\/\/portalv1.com.br\/api\/wp\/v2\/types\/post"}],"author":[{"embeddable":true,"href":"https:\/\/portalv1.com.br\/api\/wp\/v2\/users\/1"}],"replies":[{"embeddable":true,"href":"https:\/\/portalv1.com.br\/api\/wp\/v2\/comments?post=103855"}],"version-history":[{"count":0,"href":"https:\/\/portalv1.com.br\/api\/wp\/v2\/posts\/103855\/revisions"}],"wp:featuredmedia":[{"embeddable":true,"href":"https:\/\/portalv1.com.br\/api\/wp\/v2\/media\/79729"}],"wp:attachment":[{"href":"https:\/\/portalv1.com.br\/api\/wp\/v2\/media?parent=103855"}],"wp:term":[{"taxonomy":"category","embeddable":true,"href":"https:\/\/portalv1.com.br\/api\/wp\/v2\/categories?post=103855"},{"taxonomy":"post_tag","embeddable":true,"href":"https:\/\/portalv1.com.br\/api\/wp\/v2\/tags?post=103855"}],"curies":[{"name":"wp","href":"https:\/\/api.w.org\/{rel}","templated":true}]}}