{"id":10393,"date":"2011-09-28T09:07:09","date_gmt":"2011-09-28T12:07:09","guid":{"rendered":"https:\/\/portalv1.com.br\/?p=10393"},"modified":"2011-09-30T08:33:14","modified_gmt":"2011-09-30T11:33:14","slug":"camara-de-valenca-oficializa-11-vereadores-para-as-eleicoes-2011","status":"publish","type":"post","link":"https:\/\/portalv1.com.br\/camara-de-valenca-oficializa-11-vereadores-para-as-eleicoes-2011\/","title":{"rendered":"C\u00e2mara de Valen\u00e7a oficializa 11 vereadores para as elei\u00e7\u00f5es 2011"},"content":{"rendered":"<figure id=\"attachment_10209\" aria-describedby=\"caption-attachment-10209\" style=\"width: 300px\" class=\"wp-caption alignright\"><a href=\"https:\/\/portalv1.com.br\/app\/wp-content\/uploads\/2011\/09\/camara.jpg\"><img loading=\"lazy\" decoding=\"async\" class=\"size-full wp-image-10209\" title=\"camara\" src=\"https:\/\/portalv1.com.br\/app\/wp-content\/uploads\/2011\/09\/camara.jpg\" alt=\"\" width=\"300\" height=\"183\" \/><\/a><figcaption id=\"caption-attachment-10209\" class=\"wp-caption-text\">C\u00e2mara Municipal de Valen\u00e7a<\/figcaption><\/figure>\n<p>O Decreto Legislativo n\u00b0 12, de 23 de setembro de 2011 lido na \u00faltima sess\u00e3o da C\u00e2mara Municipal de Valen\u00e7a aumentou de 09 para 11 o numero de vereadores para as pr\u00f3ximas legislaturas. O Decreto Legislativo obedece o inciso IV da Emenda Constitucional 58\/2009, que determina a quantidade de vereadores para as pr\u00f3ximas elei\u00e7\u00f5es. Segundo a Emenda Constitucional 58\/2009, a quantidade de vereadores \u00e9 determinada pelo numero de habitantes (veja rela\u00e7\u00e3o abaixo). Dados do IBGE mostram que a cidade de Valen\u00e7a do Piau\u00ed tem 20.314 habitantes. A mesa diretora da C\u00e2mara Municipal enviar\u00e1 o decreto para o Tribunal Regional Eleitoral para que possa ser adequado o sistema do TRE.<\/p>\n<p>IV &#8211; para a composi\u00e7\u00e3o das C\u00e2maras Municipais, ser\u00e1 observado o limite m\u00e1ximo de:<\/p>\n<p>a) 9 (nove) Vereadores, nos Munic\u00edpios de at\u00e9 15.000 (quinze mil) habitantes;<\/p>\n<p>b) 11 (onze) Vereadores, nos Munic\u00edpios de mais de 15.000 (quinze mil) habitantes e de at\u00e9 30.000 (trinta mil) habitantes;<\/p>\n<p>c) 13 (treze) Vereadores, nos Munic\u00edpios com mais de 30.000 (trinta mil) habitantes e de at\u00e9 50.000 (cinquenta mil) habitantes;<\/p>\n<p>d) 15 (quinze) Vereadores, nos Munic\u00edpios de mais de 50.000 (cinquenta mil) habitantes e de at\u00e9 80.000 (oitenta mil) habitantes;<\/p>\n<p>e) 17 (dezessete) Vereadores, nos Munic\u00edpios de mais de 80.000 (oitenta mil) habitantes e de at\u00e9 120.000 (cento e vinte mil) habitantes;<\/p>\n<p>f) 19 (dezenove) Vereadores, nos Munic\u00edpios de mais de 120.000 (cento e vinte mil) habitantes e de at\u00e9 160.000 (cento sessenta mil) habitantes;<\/p>\n<p>g) 21 (vinte e um) Vereadores, nos Munic\u00edpios de mais de 160.000 (cento e sessenta mil) habitantes e de at\u00e9 300.000 (trezentos mil) habitantes;<\/p>\n<p>h) 23 (vinte e tr\u00eas) Vereadores, nos Munic\u00edpios de mais de 300.000 (trezentos mil) habitantes e de at\u00e9 450.000 (quatrocentos e cinquenta mil) habitantes;<\/p>\n<p>i) 25 (vinte e cinco) Vereadores, nos Munic\u00edpios de mais de 450.000 (quatrocentos e cinquenta mil) habitantes e de at\u00e9 600.000 (seiscentos mil) habitantes;<\/p>\n<p>j) 27 (vinte e sete) Vereadores, nos Munic\u00edpios de mais de 600.000 (seiscentos mil) habitantes e de at\u00e9 750.000 (setecentos cinquenta mil) habitantes;<\/p>\n<p>k) 29 (vinte e nove) Vereadores, nos Munic\u00edpios de mais de 750.000 (setecentos e cinquenta mil) habitantes e de at\u00e9 900.000 (novecentos mil) habitantes;<\/p>\n<p>l) 31 (trinta e um) Vereadores, nos Munic\u00edpios de mais de 900.000 (novecentos mil) habitantes e de at\u00e9 1.050.000 (um milh\u00e3o e cinquenta mil) habitantes;<\/p>\n<p>m) 33 (trinta e tr\u00eas) Vereadores, nos Munic\u00edpios de mais de 1.050.000 (um milh\u00e3o e cinquenta mil) habitantes e de at\u00e9 1.200.000 (um milh\u00e3o e duzentos mil) habitantes;<\/p>\n<p>n) 35 (trinta e cinco) Vereadores, nos Munic\u00edpios de mais de 1.200.000 (um milh\u00e3o e duzentos mil) habitantes e de at\u00e9 1.350.000 (um milh\u00e3o e trezentos e cinquenta mil) habitantes;<\/p>\n<p>o) 37 (trinta e sete) Vereadores, nos Munic\u00edpios de 1.350.000 (um milh\u00e3o e trezentos e cinquenta mil) habitantes e de at\u00e9 1.500.000 (um milh\u00e3o e quinhentos mil) habitantes;<\/p>\n<p>p) 39 (trinta e nove) Vereadores, nos Munic\u00edpios de mais de 1.500.000 (um milh\u00e3o e quinhentos mil) habitantes e de at\u00e9 1.800.000 (um milh\u00e3o e oitocentos mil) habitantes;<\/p>\n<p>q) 41 (quarenta e um) Vereadores, nos Munic\u00edpios de mais de 1.800.000 (um milh\u00e3o e oitocentos mil) habitantes e de at\u00e9 2.400.000 (dois milh\u00f5es e quatrocentos mil) habitantes.<\/p>\n","protected":false},"excerpt":{"rendered":"<p>O Decreto Legislativo n\u00b0 12, de 23 de setembro de 2011 lido na \u00faltima sess\u00e3o da C\u00e2mara Municipal de Valen\u00e7a aumentou de 09 para 11 o numero de vereadores para&#8230;<\/p>\n","protected":false},"author":1,"featured_media":0,"comment_status":"open","ping_status":"open","sticky":false,"template":"","format":"standard","meta":{"ngg_post_thumbnail":0,"footnotes":""},"categories":[12],"tags":[],"class_list":["post-10393","post","type-post","status-publish","format-standard","hentry","category-valenca-news"],"views":1107,"meta_data":{"thumb":"https:\/\/portalv1.com.br\/app\/wp-content\/uploads\/2011\/09\/camara.jpg","data":{"simple":"28\/09\/2011","date_time":"28\/09\/2011 06:07:09","date":"h\u00e1 15 anos"},"chapeu":"","source":""},"_links":{"self":[{"href":"https:\/\/portalv1.com.br\/api\/wp\/v2\/posts\/10393","targetHints":{"allow":["GET"]}}],"collection":[{"href":"https:\/\/portalv1.com.br\/api\/wp\/v2\/posts"}],"about":[{"href":"https:\/\/portalv1.com.br\/api\/wp\/v2\/types\/post"}],"author":[{"embeddable":true,"href":"https:\/\/portalv1.com.br\/api\/wp\/v2\/users\/1"}],"replies":[{"embeddable":true,"href":"https:\/\/portalv1.com.br\/api\/wp\/v2\/comments?post=10393"}],"version-history":[{"count":0,"href":"https:\/\/portalv1.com.br\/api\/wp\/v2\/posts\/10393\/revisions"}],"wp:attachment":[{"href":"https:\/\/portalv1.com.br\/api\/wp\/v2\/media?parent=10393"}],"wp:term":[{"taxonomy":"category","embeddable":true,"href":"https:\/\/portalv1.com.br\/api\/wp\/v2\/categories?post=10393"},{"taxonomy":"post_tag","embeddable":true,"href":"https:\/\/portalv1.com.br\/api\/wp\/v2\/tags?post=10393"}],"curies":[{"name":"wp","href":"https:\/\/api.w.org\/{rel}","templated":true}]}}