{"id":10407,"date":"2011-09-29T10:03:57","date_gmt":"2011-09-29T13:03:57","guid":{"rendered":"https:\/\/portalv1.com.br\/?p=10407"},"modified":"2011-09-29T10:03:57","modified_gmt":"2011-09-29T13:03:57","slug":"nokia-fecha-fabrica-na-europa-e-demite-35-mil-funcionarios","status":"publish","type":"post","link":"https:\/\/portalv1.com.br\/nokia-fecha-fabrica-na-europa-e-demite-35-mil-funcionarios\/","title":{"rendered":"Nokia fecha f\u00e1brica na Europa e demite 3,5 mil funcion\u00e1rios"},"content":{"rendered":"<figure id=\"attachment_10408\" aria-describedby=\"caption-attachment-10408\" style=\"width: 300px\" class=\"wp-caption alignright\"><a href=\"https:\/\/portalv1.com.br\/app\/wp-content\/uploads\/2011\/09\/nokia-fabrica-20110929092904.jpg\"><img loading=\"lazy\" decoding=\"async\" class=\"size-medium wp-image-10408\" title=\"nokia-fabrica-20110929092904\" src=\"https:\/\/portalv1.com.br\/app\/wp-content\/uploads\/2011\/09\/nokia-fabrica-20110929092904-e1317301294726.jpg\" alt=\"Alisson Ara\u00fajo\" width=\"300\" height=\"181\" \/><\/a><figcaption id=\"caption-attachment-10408\" class=\"wp-caption-text\">No total, empresa deve cortar 3 500 postos de trabalho<\/figcaption><\/figure>\n<p>A Nokia Oyj, maior fabricante de celulares do mundo em volume, cortar\u00e1 3,5 mil postos de trabalho em uma segunda grande reestrutura\u00e7\u00e3o em seis meses em um momento em que enfrenta queda nas vendas e no lucro.<\/p>\n<p>O presidente-executivo, Stephen Elop, que assumiu a Nokia h\u00e1 um ano, revelou nesta quinta-feira os planos que incluem o fechamento de uma f\u00e1brica e um novo presidente para a joint-venture Nokia Siemens Networks.<\/p>\n<p>A companhia fechar\u00e1 a f\u00e1brica que abriu h\u00e1 somente quatro anos em Cluj (Rom\u00eania) e cortar\u00e1, com isso, 2,2 mil postos de trabalho. A unidade produz celulares mais simples que smartphones.<\/p>\n<p>A Nokia anunciou tamb\u00e9m que cortar\u00e1 1,3 postos de trabalho na unidade que inclui o maior servi\u00e7o de mapeamento digital do mundo, a Navteq.<\/p>\n<p>A companhia tamb\u00e9m avalia o futuro de f\u00e1bricas na Finl\u00e2ndia, M\u00e9xico e Hungria e isso resultar\u00e1 em demiss\u00f5es no pr\u00f3ximo ano.<\/p>\n<p>Os cortes desta quinta-feira fazem parte de um plano de economizar mais de 1 bilh\u00e3o de euros, revelado em julho.<\/p>\n<p><span style=\"color: #ff0000;\"><em>Com informa\u00e7\u00f5es do Terra e Abril Online<\/em><\/span><\/p>\n","protected":false},"excerpt":{"rendered":"<p>A Nokia Oyj, maior fabricante de celulares do mundo em volume, cortar\u00e1 3,5 mil postos de trabalho em uma segunda grande reestrutura\u00e7\u00e3o em seis meses em um momento em que&#8230;<\/p>\n","protected":false},"author":10,"featured_media":0,"comment_status":"open","ping_status":"open","sticky":false,"template":"","format":"standard","meta":{"ngg_post_thumbnail":0,"footnotes":""},"categories":[242],"tags":[817,816,815],"class_list":["post-10407","post","type-post","status-publish","format-standard","hentry","category-tecnologia","tag-europa","tag-fecha","tag-nokia"],"views":498,"meta_data":{"thumb":"https:\/\/portalv1.com.br\/app\/wp-content\/uploads\/2011\/09\/nokia-fabrica-20110929092904.jpg","data":{"simple":"29\/09\/2011","date_time":"29\/09\/2011 07:03:57","date":"h\u00e1 15 anos"},"chapeu":"","source":""},"_links":{"self":[{"href":"https:\/\/portalv1.com.br\/api\/wp\/v2\/posts\/10407","targetHints":{"allow":["GET"]}}],"collection":[{"href":"https:\/\/portalv1.com.br\/api\/wp\/v2\/posts"}],"about":[{"href":"https:\/\/portalv1.com.br\/api\/wp\/v2\/types\/post"}],"author":[{"embeddable":true,"href":"https:\/\/portalv1.com.br\/api\/wp\/v2\/users\/10"}],"replies":[{"embeddable":true,"href":"https:\/\/portalv1.com.br\/api\/wp\/v2\/comments?post=10407"}],"version-history":[{"count":0,"href":"https:\/\/portalv1.com.br\/api\/wp\/v2\/posts\/10407\/revisions"}],"wp:attachment":[{"href":"https:\/\/portalv1.com.br\/api\/wp\/v2\/media?parent=10407"}],"wp:term":[{"taxonomy":"category","embeddable":true,"href":"https:\/\/portalv1.com.br\/api\/wp\/v2\/categories?post=10407"},{"taxonomy":"post_tag","embeddable":true,"href":"https:\/\/portalv1.com.br\/api\/wp\/v2\/tags?post=10407"}],"curies":[{"name":"wp","href":"https:\/\/api.w.org\/{rel}","templated":true}]}}