{"id":104561,"date":"2021-11-11T14:19:13","date_gmt":"2021-11-11T17:19:13","guid":{"rendered":"https:\/\/portalv1.com.br\/?p=104561"},"modified":"2021-11-11T14:19:13","modified_gmt":"2021-11-11T17:19:13","slug":"na-escocia-governador-wellington-dias-testa-positivo-para-a-covid-19-veja-nota","status":"publish","type":"post","link":"https:\/\/portalv1.com.br\/na-escocia-governador-wellington-dias-testa-positivo-para-a-covid-19-veja-nota\/","title":{"rendered":"Na Esc\u00f3cia, governador Wellington Dias testa positivo para a covid-19. Veja nota"},"content":{"rendered":"<figure id=\"attachment_86143\" aria-describedby=\"caption-attachment-86143\" style=\"width: 600px\" class=\"wp-caption aligncenter\"><a href=\"https:\/\/portalv1.com.br\/app\/wp-content\/uploads\/2020\/05\/gov68.jpg\"><img loading=\"lazy\" decoding=\"async\" class=\"size-large wp-image-86143\" src=\"https:\/\/portalv1.com.br\/app\/wp-content\/uploads\/2020\/05\/gov68-640x360.jpg\" alt=\"\" width=\"600\" height=\"338\" srcset=\"https:\/\/portalv1.com.br\/app\/wp-content\/uploads\/2020\/05\/gov68-640x360.jpg 640w, https:\/\/portalv1.com.br\/app\/wp-content\/uploads\/2020\/05\/gov68-300x169.jpg 300w, https:\/\/portalv1.com.br\/app\/wp-content\/uploads\/2020\/05\/gov68-768x432.jpg 768w, https:\/\/portalv1.com.br\/app\/wp-content\/uploads\/2020\/05\/gov68.jpg 790w\" sizes=\"auto, (max-width: 600px) 100vw, 600px\" \/><\/a><figcaption id=\"caption-attachment-86143\" class=\"wp-caption-text\">Wellington Dias governador<\/figcaption><\/figure>\n<p>O governador Wellington Dias testou positivo para a Covid-19. A informa\u00e7\u00e3o foi confirmada pela Coordenadoria de Comunica\u00e7\u00e3o do Governo do Piau\u00ed nesta quinta-feira, 11 de novembro.<\/p>\n<p>A nota explica que o governador descobriu a contamina\u00e7\u00e3o durante a realiza\u00e7\u00e3o de exames obrigat\u00f3rios feitos diariamente no evento da COP26, que acontece em Glasgow, na Esc\u00f3cia.<\/p>\n<p>Veja Nota<\/p>\n<p><strong>NOTA \u00c0 IMPRENSA<\/strong><\/p>\n<p>A Coordenadoria de Comunica\u00e7\u00e3o do Governo do Piau\u00ed informa que o governador Wellington Dias, testou positivo para Covid-19 nesta quinta (11), durante a realiza\u00e7\u00e3o de exames obrigat\u00f3rios feitos diariamente no evento da COP26, que acontece em Glasgow, na Esc\u00f3cia.<\/p>\n<p>Destacamos que o governador \u00e9 vacinado com as duas doses da vacina e, mesmo com a testagem positiva, se encontra bem, manifestando apenas sintomas leves da doen\u00e7a. Um novo exame, do tipo PCR, foi realizado como contraprova na manh\u00e3 desta quinta-feira (11) e seu resultado dever\u00e1 sair em at\u00e9 24h.&nbsp;<\/p>\n<p>Caso o teste seja confirmado positivo, o Chefe do Executivo piauiense dever\u00e1 ficar em quarentena no Reino Unido por um per\u00edodo de 14 dias, cumprindo as normas locais de seguran\u00e7a sanit\u00e1ria.<\/p>\n<p>Os demais membros da delega\u00e7\u00e3o piauiense cumprir\u00e3o a agenda programada no evento e retornar\u00e3o ao Piau\u00ed assim que concluir a participa\u00e7\u00e3o planejada.<\/p>\n","protected":false},"excerpt":{"rendered":"<p>O governador Wellington Dias testou positivo para a Covid-19. A informa\u00e7\u00e3o foi confirmada pela Coordenadoria de Comunica\u00e7\u00e3o do Governo do Piau\u00ed nesta quinta-feira, 11 de novembro. A nota explica que&#8230;<\/p>\n","protected":false},"author":1,"featured_media":86143,"comment_status":"open","ping_status":"open","sticky":false,"template":"","format":"standard","meta":{"ngg_post_thumbnail":0,"footnotes":""},"categories":[243],"tags":[],"class_list":["post-104561","post","type-post","status-publish","format-standard","has-post-thumbnail","hentry","category-geral"],"views":634,"meta_data":{"thumb":"https:\/\/portalv1.com.br\/app\/wp-content\/uploads\/2020\/05\/gov68.jpg","imagem":{"fullsize":{"url":"https:\/\/portalv1.com.br\/app\/wp-content\/uploads\/2020\/05\/gov68.jpg","width":790,"height":444},"medium":{"url":"https:\/\/portalv1.com.br\/app\/wp-content\/uploads\/2020\/05\/gov68-300x169.jpg","width":300,"height":169},"large":{"url":"https:\/\/portalv1.com.br\/app\/wp-content\/uploads\/2020\/05\/gov68-640x360.jpg","width":640,"height":360},"thumbnail":{"url":"https:\/\/portalv1.com.br\/app\/wp-content\/uploads\/2020\/05\/gov68-100x100.jpg","width":100,"height":100},"medium_large":{"url":"https:\/\/portalv1.com.br\/app\/wp-content\/uploads\/2020\/05\/gov68-768x432.jpg","width":768,"height":432}},"data":{"simple":"11\/11\/2021","date_time":"11\/11\/2021 11:19:13","date":"h\u00e1 4 anos"},"chapeu":"Veja detalhes ","source":"slide"},"_links":{"self":[{"href":"https:\/\/portalv1.com.br\/api\/wp\/v2\/posts\/104561","targetHints":{"allow":["GET"]}}],"collection":[{"href":"https:\/\/portalv1.com.br\/api\/wp\/v2\/posts"}],"about":[{"href":"https:\/\/portalv1.com.br\/api\/wp\/v2\/types\/post"}],"author":[{"embeddable":true,"href":"https:\/\/portalv1.com.br\/api\/wp\/v2\/users\/1"}],"replies":[{"embeddable":true,"href":"https:\/\/portalv1.com.br\/api\/wp\/v2\/comments?post=104561"}],"version-history":[{"count":0,"href":"https:\/\/portalv1.com.br\/api\/wp\/v2\/posts\/104561\/revisions"}],"wp:featuredmedia":[{"embeddable":true,"href":"https:\/\/portalv1.com.br\/api\/wp\/v2\/media\/86143"}],"wp:attachment":[{"href":"https:\/\/portalv1.com.br\/api\/wp\/v2\/media?parent=104561"}],"wp:term":[{"taxonomy":"category","embeddable":true,"href":"https:\/\/portalv1.com.br\/api\/wp\/v2\/categories?post=104561"},{"taxonomy":"post_tag","embeddable":true,"href":"https:\/\/portalv1.com.br\/api\/wp\/v2\/tags?post=104561"}],"curies":[{"name":"wp","href":"https:\/\/api.w.org\/{rel}","templated":true}]}}