{"id":10460,"date":"2011-10-03T08:46:47","date_gmt":"2011-10-03T11:46:47","guid":{"rendered":"https:\/\/portalv1.com.br\/?p=10460"},"modified":"2011-10-07T08:17:09","modified_gmt":"2011-10-07T11:17:09","slug":"dia-15-de-outubro-tem-festival-cultural-de-danca-veja","status":"publish","type":"post","link":"https:\/\/portalv1.com.br\/dia-15-de-outubro-tem-festival-cultural-de-danca-veja\/","title":{"rendered":"Dia 15 de outubro tem Festival Cultural de Dan\u00e7a. Veja"},"content":{"rendered":"<figure id=\"attachment_10461\" aria-describedby=\"caption-attachment-10461\" style=\"width: 300px\" class=\"wp-caption alignright\"><a href=\"https:\/\/portalv1.com.br\/app\/wp-content\/uploads\/2011\/10\/festival-3.jpg\"><img loading=\"lazy\" decoding=\"async\" class=\"size-full wp-image-10461\" title=\"festival 3\" src=\"https:\/\/portalv1.com.br\/app\/wp-content\/uploads\/2011\/10\/festival-3.jpg\" alt=\"\" width=\"300\" height=\"183\" \/><\/a><figcaption id=\"caption-attachment-10461\" class=\"wp-caption-text\">o 1\u00ba Festival Cultural de Dan\u00e7a acontece dia 15 na na Pra\u00e7a Getulio Vargas<\/figcaption><\/figure>\n<p>Com o objetivo de divulgar e valorizar a cultura valenciana ser\u00e1 realizado no pr\u00f3ximo dia 15 de outubro, \u00e0s 19h na Pra\u00e7a Getulio Vargas, o 1\u00ba Festival Cultural de Dan\u00e7a. A organiza\u00e7\u00e3o do evento \u00e9 do professor Leilivan Martins com o apoio dos grupos culturais de Valen\u00e7a e das outras cidades da regi\u00e3o. Al\u00e9m de apresentar os grupos j\u00e1 existentes na cidade, o festival pretende identificar e valorizar novos grupos que se formam em Valen\u00e7a, principalmente os formados por jovens de 10 a 19 anos, que s\u00e3o os p\u00fablicos alvos do festival.<\/p>\n<p>De acordo com Leilivan Martins, o objetivo maior do evento \u00e9 estimular a criatividade de crian\u00e7as e jovens nas diversas linguagens da arte. Como teatro, dan\u00e7as folcl\u00f3ricas, dublagens, entre as atra\u00e7\u00f5es est\u00e1 uma apresenta\u00e7\u00e3o com a Companhia de Teatro Os Desfraldadores.<\/p>\n<p>As inscri\u00e7\u00f5es para o festival continuam abertas e podem ser feitas atrav\u00e9s dos telefones 89 9411-2825 e 89 9922-3272. Nesses n\u00fameros tamb\u00e9m podem ser compradas cotas promocionais para o evento, que ser\u00e1 divulgada em tel\u00f5es, publicidade volante, radio e aqui no portalv1.<\/p>\n","protected":false},"excerpt":{"rendered":"<p>Com o objetivo de divulgar e valorizar a cultura valenciana ser\u00e1 realizado no pr\u00f3ximo dia 15 de outubro, \u00e0s 19h na Pra\u00e7a Getulio Vargas, o 1\u00ba Festival Cultural de Dan\u00e7a&#8230;.<\/p>\n","protected":false},"author":1,"featured_media":0,"comment_status":"open","ping_status":"open","sticky":false,"template":"","format":"standard","meta":{"ngg_post_thumbnail":0,"footnotes":""},"categories":[203],"tags":[],"class_list":["post-10460","post","type-post","status-publish","format-standard","hentry","category-espacocultura"],"views":1087,"meta_data":{"thumb":"https:\/\/portalv1.com.br\/app\/wp-content\/uploads\/2011\/10\/festival-3.jpg","data":{"simple":"03\/10\/2011","date_time":"03\/10\/2011 05:46:47","date":"h\u00e1 15 anos"},"chapeu":"","source":""},"_links":{"self":[{"href":"https:\/\/portalv1.com.br\/api\/wp\/v2\/posts\/10460","targetHints":{"allow":["GET"]}}],"collection":[{"href":"https:\/\/portalv1.com.br\/api\/wp\/v2\/posts"}],"about":[{"href":"https:\/\/portalv1.com.br\/api\/wp\/v2\/types\/post"}],"author":[{"embeddable":true,"href":"https:\/\/portalv1.com.br\/api\/wp\/v2\/users\/1"}],"replies":[{"embeddable":true,"href":"https:\/\/portalv1.com.br\/api\/wp\/v2\/comments?post=10460"}],"version-history":[{"count":0,"href":"https:\/\/portalv1.com.br\/api\/wp\/v2\/posts\/10460\/revisions"}],"wp:attachment":[{"href":"https:\/\/portalv1.com.br\/api\/wp\/v2\/media?parent=10460"}],"wp:term":[{"taxonomy":"category","embeddable":true,"href":"https:\/\/portalv1.com.br\/api\/wp\/v2\/categories?post=10460"},{"taxonomy":"post_tag","embeddable":true,"href":"https:\/\/portalv1.com.br\/api\/wp\/v2\/tags?post=10460"}],"curies":[{"name":"wp","href":"https:\/\/api.w.org\/{rel}","templated":true}]}}