{"id":104766,"date":"2021-11-14T14:45:11","date_gmt":"2021-11-14T17:45:11","guid":{"rendered":"https:\/\/portalv1.com.br\/?p=104766"},"modified":"2021-11-14T14:45:11","modified_gmt":"2021-11-14T17:45:11","slug":"governador-anuncia-que-pode-deixar-quarentena-na-escocia-na-sexta-feira","status":"publish","type":"post","link":"https:\/\/portalv1.com.br\/governador-anuncia-que-pode-deixar-quarentena-na-escocia-na-sexta-feira\/","title":{"rendered":"Governador anuncia que pode deixar quarentena na Esc\u00f3cia na sexta-feira"},"content":{"rendered":"<p><a href=\"https:\/\/portalv1.com.br\/app\/wp-content\/uploads\/2021\/11\/wellington-dias.jpg\"><img loading=\"lazy\" decoding=\"async\" class=\"aligncenter size-large wp-image-104767\" src=\"https:\/\/portalv1.com.br\/app\/wp-content\/uploads\/2021\/11\/wellington-dias-640x480.jpg\" alt=\"\" width=\"600\" height=\"450\" srcset=\"https:\/\/portalv1.com.br\/app\/wp-content\/uploads\/2021\/11\/wellington-dias-640x480.jpg 640w, https:\/\/portalv1.com.br\/app\/wp-content\/uploads\/2021\/11\/wellington-dias-300x225.jpg 300w, https:\/\/portalv1.com.br\/app\/wp-content\/uploads\/2021\/11\/wellington-dias-768x576.jpg 768w, https:\/\/portalv1.com.br\/app\/wp-content\/uploads\/2021\/11\/wellington-dias.jpg 790w\" sizes=\"auto, (max-width: 600px) 100vw, 600px\" \/><\/a>O governador Wellington Dias (PT) usou as redes sociais na manh\u00e3 deste domingo para atualizar informa\u00e7\u00f5es sobre seu estado de sa\u00fade.&nbsp; O chefe do executivo piauiense foi diagnosticado com Covid-19 e cumpre quarentena em Glasgow, na Esc\u00f3cia, onde participava das atividades da 26\u00aa Confer\u00eancia das Na\u00e7\u00f5es Unidas sobre as Mudan\u00e7as Clim\u00e1ticas, a COP26.<\/p>\n<p>Na publica\u00e7\u00e3o, o governador disse que deve deixar a Esc\u00f3cia na pr\u00f3xima sexta-feira, 19 de novembro.&nbsp;<\/p>\n<p>\u201cAmanheci bem melhor hoje, e provavelmente sairei daqui dia 19. Aqui, perto do Polo Norte, estou com muita saudade da minha Terra Querida, Filha do Sol do Equador\u201d, escreveu Wellington Dias no Twitter.&nbsp;<\/p>\n<p>Nos \u00faltimos dias, o governador do Piau\u00ed foi submetido a v\u00e1rios exames, como raio- x do pulm\u00e3o, eletrocardiograma, satura\u00e7\u00e3o e hemogramas,&nbsp;que n\u00e3o identificaram infec\u00e7\u00e3o pulmonar ou card\u00edaca.<\/p>\n<p>Ainda na publica\u00e7\u00e3o deste domingo, Wellington Dias agradeceu os piauienses pelas ora\u00e7\u00f5es. \u201cEu creio muito na for\u00e7a da ora\u00e7\u00e3o. Obrigado a todos voc\u00eas pelas ora\u00e7\u00f5es por mim, por minha sa\u00fade. Desejo b\u00ean\u00e7\u00e3os de Deus\u201d, disse.<\/p>\n<p>Fonte; cidade verde&nbsp;<\/p>\n","protected":false},"excerpt":{"rendered":"<p>O governador Wellington Dias (PT) usou as redes sociais na manh\u00e3 deste domingo para atualizar informa\u00e7\u00f5es sobre seu estado de sa\u00fade.&nbsp; O chefe do executivo piauiense foi diagnosticado com Covid-19&#8230;<\/p>\n","protected":false},"author":1,"featured_media":104767,"comment_status":"open","ping_status":"open","sticky":false,"template":"","format":"standard","meta":{"ngg_post_thumbnail":0,"footnotes":""},"categories":[243],"tags":[],"class_list":["post-104766","post","type-post","status-publish","format-standard","has-post-thumbnail","hentry","category-geral"],"views":166,"meta_data":{"thumb":"https:\/\/portalv1.com.br\/app\/wp-content\/uploads\/2021\/11\/wellington-dias.jpg","imagem":{"fullsize":{"url":"https:\/\/portalv1.com.br\/app\/wp-content\/uploads\/2021\/11\/wellington-dias.jpg","width":790,"height":593},"medium":{"url":"https:\/\/portalv1.com.br\/app\/wp-content\/uploads\/2021\/11\/wellington-dias-300x225.jpg","width":300,"height":225},"large":{"url":"https:\/\/portalv1.com.br\/app\/wp-content\/uploads\/2021\/11\/wellington-dias-640x480.jpg","width":640,"height":480},"thumbnail":{"url":"https:\/\/portalv1.com.br\/app\/wp-content\/uploads\/2021\/11\/wellington-dias-100x100.jpg","width":100,"height":100},"medium_large":{"url":"https:\/\/portalv1.com.br\/app\/wp-content\/uploads\/2021\/11\/wellington-dias-768x576.jpg","width":768,"height":576}},"data":{"simple":"14\/11\/2021","date_time":"14\/11\/2021 11:45:11","date":"h\u00e1 4 anos"},"chapeu":"Veja detalhes ","source":"m_destacada"},"_links":{"self":[{"href":"https:\/\/portalv1.com.br\/api\/wp\/v2\/posts\/104766","targetHints":{"allow":["GET"]}}],"collection":[{"href":"https:\/\/portalv1.com.br\/api\/wp\/v2\/posts"}],"about":[{"href":"https:\/\/portalv1.com.br\/api\/wp\/v2\/types\/post"}],"author":[{"embeddable":true,"href":"https:\/\/portalv1.com.br\/api\/wp\/v2\/users\/1"}],"replies":[{"embeddable":true,"href":"https:\/\/portalv1.com.br\/api\/wp\/v2\/comments?post=104766"}],"version-history":[{"count":0,"href":"https:\/\/portalv1.com.br\/api\/wp\/v2\/posts\/104766\/revisions"}],"wp:featuredmedia":[{"embeddable":true,"href":"https:\/\/portalv1.com.br\/api\/wp\/v2\/media\/104767"}],"wp:attachment":[{"href":"https:\/\/portalv1.com.br\/api\/wp\/v2\/media?parent=104766"}],"wp:term":[{"taxonomy":"category","embeddable":true,"href":"https:\/\/portalv1.com.br\/api\/wp\/v2\/categories?post=104766"},{"taxonomy":"post_tag","embeddable":true,"href":"https:\/\/portalv1.com.br\/api\/wp\/v2\/tags?post=104766"}],"curies":[{"name":"wp","href":"https:\/\/api.w.org\/{rel}","templated":true}]}}