{"id":10517,"date":"2011-10-07T08:14:46","date_gmt":"2011-10-07T11:14:46","guid":{"rendered":"https:\/\/portalv1.com.br\/?p=10517"},"modified":"2011-10-09T23:16:45","modified_gmt":"2011-10-10T02:16:45","slug":"dr-jose-osvaldo-assume-a-18%c2%aa-zona-eleitoral","status":"publish","type":"post","link":"https:\/\/portalv1.com.br\/dr-jose-osvaldo-assume-a-18%c2%aa-zona-eleitoral\/","title":{"rendered":"Dr. Jos\u00e9 Osvaldo assume a 18\u00aa Zona Eleitoral"},"content":{"rendered":"<figure id=\"attachment_10518\" aria-describedby=\"caption-attachment-10518\" style=\"width: 300px\" class=\"wp-caption alignright\"><a href=\"https:\/\/portalv1.com.br\/app\/wp-content\/uploads\/2011\/10\/joseosvaldo.jpg\"><img loading=\"lazy\" decoding=\"async\" class=\"size-full wp-image-10518\" title=\"drjoseosvaldo\" src=\"https:\/\/portalv1.com.br\/app\/wp-content\/uploads\/2011\/10\/joseosvaldo.jpg\" alt=\"\" width=\"300\" height=\"183\" \/><\/a><figcaption id=\"caption-attachment-10518\" class=\"wp-caption-text\">Dr. Jos\u00e9 Osvaldo<\/figcaption><\/figure>\n<p>Dr. Jos\u00e9 Osvaldo (Juizado de Pequenas Causas) \u00e9 o novo juiz titular da 18\u00aa Zona Eleitoral. Ele substituiu Dr. Jos\u00e9 Wagner Linhares, que continua a frente da Comarca. A transmiss\u00e3o de cargo aconteceu nessa semana e desde ent\u00e3o todas as decis\u00f5es eleitorais passar\u00e3o pelo crivo do magistrado. Durante a transmiss\u00e3o do cargo Dr. Jos\u00e9 Wagner Linhares afirmou ter total confian\u00e7a no trabalho do novo titular.<\/p>\n<p>Falou ainda das particularidades de administrar as elei\u00e7\u00f5es em cidades interioranas, onde cada cidad\u00e3o \u00e9 um fiscal partid\u00e1rio. O novo titular da 18\u00aa Zona Eleitoral disse est\u00e1 consciente sobre as particularidades e pediu a ajuda de todos. A 18\u00aa Zona Eleitoral \u00e9 composta pelas cidades de Valen\u00e7a do Piau\u00ed, Novo Oriente e Lagoa do Sitio.<\/p>\n","protected":false},"excerpt":{"rendered":"<p>Dr. Jos\u00e9 Osvaldo (Juizado de Pequenas Causas) \u00e9 o novo juiz titular da 18\u00aa Zona Eleitoral. Ele substituiu Dr. Jos\u00e9 Wagner Linhares, que continua a frente da Comarca. A transmiss\u00e3o&#8230;<\/p>\n","protected":false},"author":1,"featured_media":0,"comment_status":"open","ping_status":"open","sticky":false,"template":"","format":"standard","meta":{"ngg_post_thumbnail":0,"footnotes":""},"categories":[12],"tags":[],"class_list":["post-10517","post","type-post","status-publish","format-standard","hentry","category-valenca-news"],"views":699,"meta_data":{"thumb":"https:\/\/portalv1.com.br\/app\/wp-content\/uploads\/2011\/10\/joseosvaldo.jpg","data":{"simple":"07\/10\/2011","date_time":"07\/10\/2011 05:14:46","date":"h\u00e1 15 anos"},"chapeu":"","source":""},"_links":{"self":[{"href":"https:\/\/portalv1.com.br\/api\/wp\/v2\/posts\/10517","targetHints":{"allow":["GET"]}}],"collection":[{"href":"https:\/\/portalv1.com.br\/api\/wp\/v2\/posts"}],"about":[{"href":"https:\/\/portalv1.com.br\/api\/wp\/v2\/types\/post"}],"author":[{"embeddable":true,"href":"https:\/\/portalv1.com.br\/api\/wp\/v2\/users\/1"}],"replies":[{"embeddable":true,"href":"https:\/\/portalv1.com.br\/api\/wp\/v2\/comments?post=10517"}],"version-history":[{"count":0,"href":"https:\/\/portalv1.com.br\/api\/wp\/v2\/posts\/10517\/revisions"}],"wp:attachment":[{"href":"https:\/\/portalv1.com.br\/api\/wp\/v2\/media?parent=10517"}],"wp:term":[{"taxonomy":"category","embeddable":true,"href":"https:\/\/portalv1.com.br\/api\/wp\/v2\/categories?post=10517"},{"taxonomy":"post_tag","embeddable":true,"href":"https:\/\/portalv1.com.br\/api\/wp\/v2\/tags?post=10517"}],"curies":[{"name":"wp","href":"https:\/\/api.w.org\/{rel}","templated":true}]}}