{"id":105231,"date":"2021-11-17T14:25:58","date_gmt":"2021-11-17T17:25:58","guid":{"rendered":"https:\/\/portalv1.com.br\/?p=105231"},"modified":"2021-11-17T14:25:58","modified_gmt":"2021-11-17T17:25:58","slug":"prefeito-de-valenca-marcelo-costa-se-reune-com-ministro-ciro-nogueira-em-brasilia","status":"publish","type":"post","link":"https:\/\/portalv1.com.br\/prefeito-de-valenca-marcelo-costa-se-reune-com-ministro-ciro-nogueira-em-brasilia\/","title":{"rendered":"Prefeito de Valen\u00e7a, Marcelo Costa se re\u00fane com Ministro Ciro Nogueira em Bras\u00edlia"},"content":{"rendered":"<p><a href=\"https:\/\/portalv1.com.br\/app\/wp-content\/uploads\/2021\/11\/marcelo.jpg\"><img loading=\"lazy\" decoding=\"async\" class=\"aligncenter size-large wp-image-105232\" src=\"https:\/\/portalv1.com.br\/app\/wp-content\/uploads\/2021\/11\/marcelo-640x426.jpg\" alt=\"\" width=\"600\" height=\"399\" srcset=\"https:\/\/portalv1.com.br\/app\/wp-content\/uploads\/2021\/11\/marcelo-640x426.jpg 640w, https:\/\/portalv1.com.br\/app\/wp-content\/uploads\/2021\/11\/marcelo-300x200.jpg 300w, https:\/\/portalv1.com.br\/app\/wp-content\/uploads\/2021\/11\/marcelo-768x511.jpg 768w, https:\/\/portalv1.com.br\/app\/wp-content\/uploads\/2021\/11\/marcelo.jpg 853w\" sizes=\"auto, (max-width: 600px) 100vw, 600px\" \/><\/a>O prefeito de Valen\u00e7a do Piau\u00ed, Marcelo Costa, viajou para Bras\u00edlia na busca de recursos para a cidade.<\/p>\n<p>Na capital federal ele vem percorrendo os gabinetes e minist\u00e9rios reafirmando os compromissos e tamb\u00e9m buscando novos recursos para investir em \u00e1reas imprescind\u00edveis como educa\u00e7\u00e3o, sa\u00fade, obras, agricultura e infraestrutura.<\/p>\n<p>Ele j\u00e1 se reuniu com o ministro chefe da casa civil, Ciro Nogueira, com a senadora Eliane Nogueira e tem agendado novas audi\u00eancias e reuni\u00f5es.<\/p>\n<p>O objetivo \u00e9 garantir que Valen\u00e7a seja contemplada com o maior n\u00famero poss\u00edvel de emendas. Nesse momento, senadores e deputados federais definem os recursos da Lei Or\u00e7ament\u00e1ria Anual (LOA) para o pr\u00f3ximo ano, por isso \u00e9 importante a presen\u00e7a do gestor em Bras\u00edlia para assegurar os recursos para 2022.<\/p>\n<p>\u201cCom o apoio do nosso ministro Ciro Nogueira, estamos conseguindo assegurar muitos recursos para Valen\u00e7a. Ele \u00e9 muito influente aqui em Bras\u00edlia e tem um carinho especial por nossa cidade. N\u00e3o tenho d\u00favidas que com seu apoio, lideran\u00e7a e amor pelo Piau\u00ed e por Valen\u00e7a vamos melhorar a vida dos nossos irm\u00e3os valencianos\u201d, destacou Marcelo Costa.<\/p>\n","protected":false},"excerpt":{"rendered":"<p>O prefeito de Valen\u00e7a do Piau\u00ed, Marcelo Costa, viajou para Bras\u00edlia na busca de recursos para a cidade. Na capital federal ele vem percorrendo os gabinetes e minist\u00e9rios reafirmando os&#8230;<\/p>\n","protected":false},"author":1,"featured_media":105232,"comment_status":"open","ping_status":"open","sticky":false,"template":"","format":"standard","meta":{"ngg_post_thumbnail":0,"footnotes":""},"categories":[243],"tags":[],"class_list":["post-105231","post","type-post","status-publish","format-standard","has-post-thumbnail","hentry","category-geral"],"views":425,"meta_data":{"thumb":"https:\/\/portalv1.com.br\/app\/wp-content\/uploads\/2021\/11\/marcelo.jpg","imagem":{"fullsize":{"url":"https:\/\/portalv1.com.br\/app\/wp-content\/uploads\/2021\/11\/marcelo.jpg","width":853,"height":568},"medium":{"url":"https:\/\/portalv1.com.br\/app\/wp-content\/uploads\/2021\/11\/marcelo-300x200.jpg","width":300,"height":200},"large":{"url":"https:\/\/portalv1.com.br\/app\/wp-content\/uploads\/2021\/11\/marcelo-640x426.jpg","width":640,"height":426},"thumbnail":{"url":"https:\/\/portalv1.com.br\/app\/wp-content\/uploads\/2021\/11\/marcelo-100x100.jpg","width":100,"height":100},"medium_large":{"url":"https:\/\/portalv1.com.br\/app\/wp-content\/uploads\/2021\/11\/marcelo-768x511.jpg","width":768,"height":511}},"data":{"simple":"17\/11\/2021","date_time":"17\/11\/2021 11:25:58","date":"h\u00e1 4 anos"},"chapeu":"Saiba Detalhes ","source":"slide"},"_links":{"self":[{"href":"https:\/\/portalv1.com.br\/api\/wp\/v2\/posts\/105231","targetHints":{"allow":["GET"]}}],"collection":[{"href":"https:\/\/portalv1.com.br\/api\/wp\/v2\/posts"}],"about":[{"href":"https:\/\/portalv1.com.br\/api\/wp\/v2\/types\/post"}],"author":[{"embeddable":true,"href":"https:\/\/portalv1.com.br\/api\/wp\/v2\/users\/1"}],"replies":[{"embeddable":true,"href":"https:\/\/portalv1.com.br\/api\/wp\/v2\/comments?post=105231"}],"version-history":[{"count":0,"href":"https:\/\/portalv1.com.br\/api\/wp\/v2\/posts\/105231\/revisions"}],"wp:featuredmedia":[{"embeddable":true,"href":"https:\/\/portalv1.com.br\/api\/wp\/v2\/media\/105232"}],"wp:attachment":[{"href":"https:\/\/portalv1.com.br\/api\/wp\/v2\/media?parent=105231"}],"wp:term":[{"taxonomy":"category","embeddable":true,"href":"https:\/\/portalv1.com.br\/api\/wp\/v2\/categories?post=105231"},{"taxonomy":"post_tag","embeddable":true,"href":"https:\/\/portalv1.com.br\/api\/wp\/v2\/tags?post=105231"}],"curies":[{"name":"wp","href":"https:\/\/api.w.org\/{rel}","templated":true}]}}