{"id":105261,"date":"2021-11-18T10:47:19","date_gmt":"2021-11-18T13:47:19","guid":{"rendered":"https:\/\/portalv1.com.br\/?p=105261"},"modified":"2021-11-18T10:47:19","modified_gmt":"2021-11-18T13:47:19","slug":"deputada-federal-iracema-portella-garante-emendas-para-valenca-diz-prefeito-marcelo-costa","status":"publish","type":"post","link":"https:\/\/portalv1.com.br\/deputada-federal-iracema-portella-garante-emendas-para-valenca-diz-prefeito-marcelo-costa\/","title":{"rendered":"Deputada Federal Iracema Portella garante emendas para Valen\u00e7a, diz prefeito Marcelo Costa"},"content":{"rendered":"<p>Durante a agenda em Bras\u00edlia, o Prefeito de Valen\u00e7a do Piaui, Marcelo Costa esteve nesta quarta-feira (17) no Congresso Nacional e se reuniu com a Deputada Federal Iracema Portella.<\/p>\n<p>\u201cA conversa foi bastante produtiva com a nossa deputada Iracema Portella, ela garantiu os recursos j\u00e1 empenhados e destinou mais emendas para nossa Valen\u00e7a. Muito satisfeito com tudo que ela j\u00e1 fez e vem fazendo pela nossa cidade. Muita gratid\u00e3o\u201d disse Marcelo Costa que permanece em Bras\u00edlia buscando assegurar novos investimentos para esse e para o pr\u00f3ximo ano.<a href=\"https:\/\/portalv1.com.br\/app\/wp-content\/uploads\/2021\/11\/59.jpg\"><img loading=\"lazy\" decoding=\"async\" class=\"aligncenter size-large wp-image-105262\" src=\"https:\/\/portalv1.com.br\/app\/wp-content\/uploads\/2021\/11\/59-640x800.jpg\" alt=\"\" width=\"600\" height=\"750\" srcset=\"https:\/\/portalv1.com.br\/app\/wp-content\/uploads\/2021\/11\/59-640x800.jpg 640w, https:\/\/portalv1.com.br\/app\/wp-content\/uploads\/2021\/11\/59-300x375.jpg 300w, https:\/\/portalv1.com.br\/app\/wp-content\/uploads\/2021\/11\/59-768x960.jpg 768w, https:\/\/portalv1.com.br\/app\/wp-content\/uploads\/2021\/11\/59-1229x1536.jpg 1229w, https:\/\/portalv1.com.br\/app\/wp-content\/uploads\/2021\/11\/59.jpg 1440w\" sizes=\"auto, (max-width: 600px) 100vw, 600px\" \/><\/a> <a href=\"https:\/\/portalv1.com.br\/app\/wp-content\/uploads\/2021\/11\/mar-i.jpg\"><img loading=\"lazy\" decoding=\"async\" class=\"aligncenter size-large wp-image-105263\" src=\"https:\/\/portalv1.com.br\/app\/wp-content\/uploads\/2021\/11\/mar-i.jpg\" alt=\"\" width=\"576\" height=\"768\" srcset=\"https:\/\/portalv1.com.br\/app\/wp-content\/uploads\/2021\/11\/mar-i.jpg 576w, https:\/\/portalv1.com.br\/app\/wp-content\/uploads\/2021\/11\/mar-i-300x400.jpg 300w\" sizes=\"auto, (max-width: 576px) 100vw, 576px\" \/><\/a><\/p>\n<p>&nbsp;<\/p>\n","protected":false},"excerpt":{"rendered":"<p>Durante a agenda em Bras\u00edlia, o Prefeito de Valen\u00e7a do Piaui, Marcelo Costa esteve nesta quarta-feira (17) no Congresso Nacional e se reuniu com a Deputada Federal Iracema Portella. \u201cA&#8230;<\/p>\n","protected":false},"author":1,"featured_media":105262,"comment_status":"open","ping_status":"open","sticky":false,"template":"","format":"standard","meta":{"ngg_post_thumbnail":0,"footnotes":""},"categories":[243],"tags":[],"class_list":["post-105261","post","type-post","status-publish","format-standard","has-post-thumbnail","hentry","category-geral"],"views":328,"meta_data":{"thumb":"https:\/\/portalv1.com.br\/app\/wp-content\/uploads\/2021\/11\/59.jpg","imagem":{"fullsize":{"url":"https:\/\/portalv1.com.br\/app\/wp-content\/uploads\/2021\/11\/59.jpg","width":1440,"height":1800},"medium":{"url":"https:\/\/portalv1.com.br\/app\/wp-content\/uploads\/2021\/11\/59-300x375.jpg","width":300,"height":375},"large":{"url":"https:\/\/portalv1.com.br\/app\/wp-content\/uploads\/2021\/11\/59-640x800.jpg","width":640,"height":800},"thumbnail":{"url":"https:\/\/portalv1.com.br\/app\/wp-content\/uploads\/2021\/11\/59-100x100.jpg","width":100,"height":100},"medium_large":{"url":"https:\/\/portalv1.com.br\/app\/wp-content\/uploads\/2021\/11\/59-768x960.jpg","width":768,"height":960},"1536x1536":{"url":"https:\/\/portalv1.com.br\/app\/wp-content\/uploads\/2021\/11\/59-1229x1536.jpg","width":1229,"height":1536}},"data":{"simple":"18\/11\/2021","date_time":"18\/11\/2021 07:47:19","date":"h\u00e1 4 anos"},"chapeu":"Veja detalhes ","source":"m_destacada"},"_links":{"self":[{"href":"https:\/\/portalv1.com.br\/api\/wp\/v2\/posts\/105261","targetHints":{"allow":["GET"]}}],"collection":[{"href":"https:\/\/portalv1.com.br\/api\/wp\/v2\/posts"}],"about":[{"href":"https:\/\/portalv1.com.br\/api\/wp\/v2\/types\/post"}],"author":[{"embeddable":true,"href":"https:\/\/portalv1.com.br\/api\/wp\/v2\/users\/1"}],"replies":[{"embeddable":true,"href":"https:\/\/portalv1.com.br\/api\/wp\/v2\/comments?post=105261"}],"version-history":[{"count":0,"href":"https:\/\/portalv1.com.br\/api\/wp\/v2\/posts\/105261\/revisions"}],"wp:featuredmedia":[{"embeddable":true,"href":"https:\/\/portalv1.com.br\/api\/wp\/v2\/media\/105262"}],"wp:attachment":[{"href":"https:\/\/portalv1.com.br\/api\/wp\/v2\/media?parent=105261"}],"wp:term":[{"taxonomy":"category","embeddable":true,"href":"https:\/\/portalv1.com.br\/api\/wp\/v2\/categories?post=105261"},{"taxonomy":"post_tag","embeddable":true,"href":"https:\/\/portalv1.com.br\/api\/wp\/v2\/tags?post=105261"}],"curies":[{"name":"wp","href":"https:\/\/api.w.org\/{rel}","templated":true}]}}