{"id":105416,"date":"2021-11-21T16:35:29","date_gmt":"2021-11-21T19:35:29","guid":{"rendered":"https:\/\/portalv1.com.br\/?p=105416"},"modified":"2021-11-21T16:35:29","modified_gmt":"2021-11-21T19:35:29","slug":"apos-quarentena-na-escocia-wellington-dias-desembarca-no-piaui-e-reassume-governo","status":"publish","type":"post","link":"https:\/\/portalv1.com.br\/apos-quarentena-na-escocia-wellington-dias-desembarca-no-piaui-e-reassume-governo\/","title":{"rendered":"Ap\u00f3s quarentena na Esc\u00f3cia, Wellington Dias desembarca no Piau\u00ed e reassume governo"},"content":{"rendered":"<p><a href=\"https:\/\/portalv1.com.br\/app\/wp-content\/uploads\/2021\/11\/wellinton.jpg\"><img loading=\"lazy\" decoding=\"async\" class=\"aligncenter size-large wp-image-105417\" src=\"https:\/\/portalv1.com.br\/app\/wp-content\/uploads\/2021\/11\/wellinton-640x415.jpg\" alt=\"\" width=\"600\" height=\"389\" srcset=\"https:\/\/portalv1.com.br\/app\/wp-content\/uploads\/2021\/11\/wellinton-640x415.jpg 640w, https:\/\/portalv1.com.br\/app\/wp-content\/uploads\/2021\/11\/wellinton-300x194.jpg 300w, https:\/\/portalv1.com.br\/app\/wp-content\/uploads\/2021\/11\/wellinton-768x498.jpg 768w, https:\/\/portalv1.com.br\/app\/wp-content\/uploads\/2021\/11\/wellinton.jpg 790w\" sizes=\"auto, (max-width: 600px) 100vw, 600px\" \/><\/a>O governador Wellington Dias (PT) desembarcou no Piau\u00ed e reassumiu, na manh\u00e3 deste domingo (21), as fun\u00e7\u00f5es exercidas pela vice-governadora Regina Sousa (PT) durante o per\u00edodo em que esteve ausente.&nbsp; O petista estava em Glasgow, na Esc\u00f3cia, deste o dia 07 de novembro, onde representava o Piau\u00ed na COP26. No dia 11 de novembro ele testou positivo para Covid-19 ao realizar exames obrigat\u00f3rios para participa\u00e7\u00e3o no evento.<br \/>\n&nbsp;&nbsp;<br \/>\nO petista teve que cumprir uma quarentena de 10 dias e, portanto, o retorno ao estado foi adiado para este domingo (21).&nbsp;No Piau\u00ed, Wellington Dias classificou a situa\u00e7\u00e3o como um momento&nbsp; \u201cdelicado\u201d que foi superado e agradeceu as mensagens de apoio que recebeu enquanto esteve em isolamento.<\/p>\n<p>\u201cGra\u00e7as a Deus com sa\u00fade, foi um momento delicado, mas, superamos. Fiz uma bateria de exames ainda na Esc\u00f3cia, que permitiu a viajar e passar na Alemanha, que tem uma s\u00e9rie de exames e exig\u00eancias, S\u00e3o Paulo e Teresina [&#8230;] Quero agradecer o carinho de pessoas que nesse per\u00edodo me confortavam com carinho e ora\u00e7\u00f5es, sei o quanto isso foi importante neste momento em que estava isolado e sempre com muita saudade\u201d, pontuou.&nbsp;<\/p>\n<p>O governador tamb\u00e9m elogiou a vice-governadora e o trabalho da equipe do governo do estado que atuaram durantes os dias que passou em quarentena na Europa.<\/p>\n<p>Regina Sousa, que atuou como governadora em exerc\u00edcio durante esse per\u00edodo, contou estar aliviada com o retorno de Wellington Dias ao Pal\u00e1cio de Karnak. A vice revelou ter ficado apreensiva com o quadro de sa\u00fade do governador. Ele j\u00e1 havia sido diagnosticado com o v\u00edrus, anteriormente, e imunizado com as duas doses de vacina contra a Covid.&nbsp;<\/p>\n<p>\u201cPrimeiro, estou agradecida a Deus pela sa\u00fade dele. Estava aflita e estou aliviada agora. Foi mais pesado, porque tinha uma agenda marcada antecipadamente, ent\u00e3o, tive que casar a duas. Trabalhei bastante, mas dentro do normal, tudo que estava previsto\u201d, relatou.<br \/>\n&nbsp;<br \/>\nDurante a aus\u00eancia de Wellington Dias, Regina Sousa seguiu tanto com a agenda de vice, quanto com a do chefe do Executivo. Neste per\u00edodo, a petista assinou o decreto que permitiu o retorno&nbsp; do funcionamento do transporte alternativo intermunicipal, al\u00e9m da promo\u00e7\u00e3o de 421 policiais militares.&nbsp;<\/p>\n<p>Fonte: cidade verde&nbsp;<\/p>\n","protected":false},"excerpt":{"rendered":"<p>O governador Wellington Dias (PT) desembarcou no Piau\u00ed e reassumiu, na manh\u00e3 deste domingo (21), as fun\u00e7\u00f5es exercidas pela vice-governadora Regina Sousa (PT) durante o per\u00edodo em que esteve ausente.&nbsp;&#8230;<\/p>\n","protected":false},"author":1,"featured_media":105417,"comment_status":"open","ping_status":"open","sticky":false,"template":"","format":"standard","meta":{"ngg_post_thumbnail":0,"footnotes":""},"categories":[243],"tags":[],"class_list":["post-105416","post","type-post","status-publish","format-standard","has-post-thumbnail","hentry","category-geral"],"views":148,"meta_data":{"thumb":"https:\/\/portalv1.com.br\/app\/wp-content\/uploads\/2021\/11\/wellinton.jpg","imagem":{"fullsize":{"url":"https:\/\/portalv1.com.br\/app\/wp-content\/uploads\/2021\/11\/wellinton.jpg","width":790,"height":512},"medium":{"url":"https:\/\/portalv1.com.br\/app\/wp-content\/uploads\/2021\/11\/wellinton-300x194.jpg","width":300,"height":194},"large":{"url":"https:\/\/portalv1.com.br\/app\/wp-content\/uploads\/2021\/11\/wellinton-640x415.jpg","width":640,"height":415},"thumbnail":{"url":"https:\/\/portalv1.com.br\/app\/wp-content\/uploads\/2021\/11\/wellinton-100x100.jpg","width":100,"height":100},"medium_large":{"url":"https:\/\/portalv1.com.br\/app\/wp-content\/uploads\/2021\/11\/wellinton-768x498.jpg","width":768,"height":498}},"data":{"simple":"21\/11\/2021","date_time":"21\/11\/2021 13:35:29","date":"h\u00e1 4 anos"},"chapeu":"Saiba Detalhes ","source":"m_destacada"},"_links":{"self":[{"href":"https:\/\/portalv1.com.br\/api\/wp\/v2\/posts\/105416","targetHints":{"allow":["GET"]}}],"collection":[{"href":"https:\/\/portalv1.com.br\/api\/wp\/v2\/posts"}],"about":[{"href":"https:\/\/portalv1.com.br\/api\/wp\/v2\/types\/post"}],"author":[{"embeddable":true,"href":"https:\/\/portalv1.com.br\/api\/wp\/v2\/users\/1"}],"replies":[{"embeddable":true,"href":"https:\/\/portalv1.com.br\/api\/wp\/v2\/comments?post=105416"}],"version-history":[{"count":0,"href":"https:\/\/portalv1.com.br\/api\/wp\/v2\/posts\/105416\/revisions"}],"wp:featuredmedia":[{"embeddable":true,"href":"https:\/\/portalv1.com.br\/api\/wp\/v2\/media\/105417"}],"wp:attachment":[{"href":"https:\/\/portalv1.com.br\/api\/wp\/v2\/media?parent=105416"}],"wp:term":[{"taxonomy":"category","embeddable":true,"href":"https:\/\/portalv1.com.br\/api\/wp\/v2\/categories?post=105416"},{"taxonomy":"post_tag","embeddable":true,"href":"https:\/\/portalv1.com.br\/api\/wp\/v2\/tags?post=105416"}],"curies":[{"name":"wp","href":"https:\/\/api.w.org\/{rel}","templated":true}]}}