{"id":1055,"date":"2009-09-08T22:41:23","date_gmt":"2009-09-09T01:41:23","guid":{"rendered":"https:\/\/portalv1.com.br\/?p=1055"},"modified":"2014-06-15T23:11:14","modified_gmt":"2014-06-16T02:11:14","slug":"crisma","status":"publish","type":"post","link":"https:\/\/portalv1.com.br\/crisma\/","title":{"rendered":"Crisma."},"content":{"rendered":"<p class=\"MsoNormal\" style=\"0cm 0cm 10pt\"><span style=\"14pt\"><span style=\"Calibri\"><img loading=\"lazy\" decoding=\"async\" style=\"top\" src=\"fotos\/confissao.jpg\" alt=\"\" width=\"300\" height=\"225\" \/><\/span><\/span><\/p>\n<p class=\"MsoNormal\" style=\"0cm 0cm 10pt\"><span style=\"14pt\"><span style=\"Calibri\">Cerca de 300 jovens ir\u00e3o participar nesta sexta e domingo da cerim\u00f4nia do Crisma que ser\u00e1 realizada na Igreja de Nossa Senhora do \u00d3 e Concei\u00e7\u00e3o. As celebra\u00e7\u00f5es ser\u00e3o presididas pelo bispo Dom S\u00e9rgio da Rocha, que chega nesta sexta-feira (11). Nesta ter\u00e7a-feira (08) aconteceu na Matriz a confiss\u00e3o dos adolescentes, que participar\u00e3o da cerim\u00f4nia. O Crisma \u00e9 um dos sete sacramentos da Igreja Cat\u00f3lica (Batismo, Crisma, Eucaristia, Confiss\u00e3o, Un\u00e7\u00e3o dos Enfermos, Ordem e Matrim\u00f4nio) que foram institu\u00eddos por Jesus Cristo. A Crisma \u00e9 tamb\u00e9m conhecida como \u201cConfirma\u00e7\u00e3o\u201d. <span style=\"yes\">\u00a0<\/span><\/span><\/span><\/p>\n<div><a href='http:\/\/onlineforextradingg.com\/' title='trading academy'>trading academy<\/a><\/div>\n<div>jfdghjhthit45<\/div>\n","protected":false},"excerpt":{"rendered":"<p>Cerca de 300 jovens ir\u00e3o participar nesta sexta e domingo da cerim\u00f4nia do Crisma que ser\u00e1 realizada na Igreja de Nossa Senhora do \u00d3 e Concei\u00e7\u00e3o. As celebra\u00e7\u00f5es ser\u00e3o presididas&#8230;<\/p>\n","protected":false},"author":2,"featured_media":0,"comment_status":"closed","ping_status":"closed","sticky":false,"template":"","format":"standard","meta":{"ngg_post_thumbnail":0,"footnotes":""},"categories":[12],"tags":[],"class_list":["post-1055","post","type-post","status-publish","format-standard","hentry","category-valenca-news"],"views":263,"meta_data":{"thumb":null,"imagem":null,"data":{"simple":"08\/09\/2009","date_time":"08\/09\/2009 19:41:23","date":"h\u00e1 17 anos"},"chapeu":"","source":""},"_links":{"self":[{"href":"https:\/\/portalv1.com.br\/api\/wp\/v2\/posts\/1055","targetHints":{"allow":["GET"]}}],"collection":[{"href":"https:\/\/portalv1.com.br\/api\/wp\/v2\/posts"}],"about":[{"href":"https:\/\/portalv1.com.br\/api\/wp\/v2\/types\/post"}],"author":[{"embeddable":true,"href":"https:\/\/portalv1.com.br\/api\/wp\/v2\/users\/2"}],"replies":[{"embeddable":true,"href":"https:\/\/portalv1.com.br\/api\/wp\/v2\/comments?post=1055"}],"version-history":[{"count":0,"href":"https:\/\/portalv1.com.br\/api\/wp\/v2\/posts\/1055\/revisions"}],"wp:attachment":[{"href":"https:\/\/portalv1.com.br\/api\/wp\/v2\/media?parent=1055"}],"wp:term":[{"taxonomy":"category","embeddable":true,"href":"https:\/\/portalv1.com.br\/api\/wp\/v2\/categories?post=1055"},{"taxonomy":"post_tag","embeddable":true,"href":"https:\/\/portalv1.com.br\/api\/wp\/v2\/tags?post=1055"}],"curies":[{"name":"wp","href":"https:\/\/api.w.org\/{rel}","templated":true}]}}