{"id":10576,"date":"2011-10-11T23:04:57","date_gmt":"2011-10-12T02:04:57","guid":{"rendered":"https:\/\/portalv1.com.br\/?p=10576"},"modified":"2011-10-13T23:44:25","modified_gmt":"2011-10-14T02:44:25","slug":"vestibular-uespi-2012-valenca-oferta-de-cursos-zero","status":"publish","type":"post","link":"https:\/\/portalv1.com.br\/vestibular-uespi-2012-valenca-oferta-de-cursos-zero\/","title":{"rendered":"VESTIBULAR UESPI 2012: VALEN\u00c7A, OFERTA DE CURSOS = ZERO"},"content":{"rendered":"<figure id=\"attachment_10577\" aria-describedby=\"caption-attachment-10577\" style=\"width: 300px\" class=\"wp-caption alignright\"><a href=\"https:\/\/portalv1.com.br\/app\/wp-content\/uploads\/2011\/10\/Marlene-tenorio3.jpg\"><img loading=\"lazy\" decoding=\"async\" class=\"size-full wp-image-10577\" title=\"Marlene tenorio3\" src=\"https:\/\/portalv1.com.br\/app\/wp-content\/uploads\/2011\/10\/Marlene-tenorio3.jpg\" alt=\"\" width=\"300\" height=\"183\" \/><\/a><figcaption id=\"caption-attachment-10577\" class=\"wp-caption-text\">Professora Marlene Ten\u00f3rio<\/figcaption><\/figure>\n<p>O portalv1 reproduz um artigo escrito pela professora Marlene Ten\u00f3rio no Jornal Folha Valen\u00e7ana retratando as dificuldades em que passa o Campus da UESPI de Valen\u00e7a que n\u00e3o ofertar\u00e1 nenhum curso no pr\u00f3ximo ano. Acompanha mat\u00e9ria na integra:<\/p>\n<p>Na folha valen\u00e7ana do m\u00eas de junho, publiquei uma mat\u00e9ria de alerta sobre a total aus\u00eancia de cursos da UESPI ao campus de Valen\u00e7a. Defendi muitos estudantes que sonham em fazer um curso superior, mas os pais n\u00e3o t\u00eam um padr\u00e3o de vida suficiente para desloc\u00e1-los para outras cidades e dessa forma estes jovens, estacionam seus curr\u00edculos no Ensino M\u00e9dio.<\/p>\n<p>Dialoguei com alguns radialistas, pedindo-lhes que fizesse uma mat\u00e9ria em seus jornais sobre o preocupante tema. Ora, a EDUCA\u00c7\u00c3O \u00e9 o passo mais importante para a consci\u00eancia e o progresso do ser humano. Cobrei de um vereador, por direito, \u00f3bvio,que discutisse o assunto com os outros e fossem a Teresina cobrar de outros representantes (GOVERNADOR E DEPUTADOS) e do Reitor. Mesmo que n\u00e3o conseguissem , mas teriam praticado a justa a\u00e7\u00e3o de lutar pelo povo que os elegeu. A sociedade, ficaria orgulhosa de seus representantes, se tal fato tivesse ocorrido.<\/p>\n<p>Se houve algum esfor\u00e7o dos pol\u00edticos de Valen\u00e7a nesse sentido, n\u00e3o tive conhecimento. Sabemos que a UESPI passa por uma grande crise financeira, nos \u00faltimos anos, culpa de um sistema que n\u00e3o tem interesse em progredir a educa\u00e7\u00e3o de nosso estado. O Reitor, eleito democraticamente, alega a car\u00eancia de professores efetivos para ministrar aulas nos polos do interior. Engra\u00e7ado, antes funcionavam bem e com op\u00e7\u00f5es variadas de cursos. O Governador esteve aqui. Ser\u00e1 que algum pol\u00edtico daqui, preocupado com o futuro da juventude, dialogou com ele sobre este assunto? N\u00e3o se tem conhecimento. Orgulho-me se este fato ocorreu.<\/p>\n<p>Em 2008, enfrentei as ruas com os estudantes, alguns professores, radialistas e contei com o apoio de um atual vereador. Motivo: apenas o curso de matem\u00e1tica para este polo. Foi um sucesso. Alguns pol\u00edticos locais, com a manifesta\u00e7\u00e3o, foram a Teresina, reuniram-se com a eis Reitora, para reivindicar mais cursos. N\u00e3o conseguiram, pois o edital j\u00e1 estava pronto, masse esfor\u00e7aram. Parab\u00e9ns aos que foram. Infelizmente o mesmo n\u00e3o ocorreu com o pr\u00f3ximo vestibular. N\u00e3o fizemos manifesta\u00e7\u00e3o este ano, mas nunca deixei de me preocupar com este problema t\u00e3o grave, afinal, sou uma educadora comprometida com o crescimento intelectual e o futuro dos jovens.<\/p>\n<p>Que esta cr\u00edtica construtiva, democr\u00e1tica e justa, feita este ano, pela segunda vez, neste jornal, seja lembrada no pr\u00f3ximo ano e com a cobran\u00e7a do povo aos nossos representantes, possamos vencer este impasse e ter uma UESPI, com oferta de cursos que orgulhe os estudantes de Valen\u00e7a<\/p>\n<p><em>Prof\u00aa Marlene Ten\u00f3rio<\/em><\/p>\n<p>Fonte: Folha Valen\u00e7ana<\/p>\n","protected":false},"excerpt":{"rendered":"<p>O portalv1 reproduz um artigo escrito pela professora Marlene Ten\u00f3rio no Jornal Folha Valen\u00e7ana retratando as dificuldades em que passa o Campus da UESPI de Valen\u00e7a que n\u00e3o ofertar\u00e1 nenhum&#8230;<\/p>\n","protected":false},"author":1,"featured_media":0,"comment_status":"open","ping_status":"open","sticky":false,"template":"","format":"standard","meta":{"ngg_post_thumbnail":0,"footnotes":""},"categories":[12],"tags":[],"class_list":["post-10576","post","type-post","status-publish","format-standard","hentry","category-valenca-news"],"views":2452,"meta_data":{"thumb":"https:\/\/portalv1.com.br\/app\/wp-content\/uploads\/2011\/10\/Marlene-tenorio3.jpg","data":{"simple":"11\/10\/2011","date_time":"11\/10\/2011 20:04:57","date":"h\u00e1 15 anos"},"chapeu":"","source":""},"_links":{"self":[{"href":"https:\/\/portalv1.com.br\/api\/wp\/v2\/posts\/10576","targetHints":{"allow":["GET"]}}],"collection":[{"href":"https:\/\/portalv1.com.br\/api\/wp\/v2\/posts"}],"about":[{"href":"https:\/\/portalv1.com.br\/api\/wp\/v2\/types\/post"}],"author":[{"embeddable":true,"href":"https:\/\/portalv1.com.br\/api\/wp\/v2\/users\/1"}],"replies":[{"embeddable":true,"href":"https:\/\/portalv1.com.br\/api\/wp\/v2\/comments?post=10576"}],"version-history":[{"count":0,"href":"https:\/\/portalv1.com.br\/api\/wp\/v2\/posts\/10576\/revisions"}],"wp:attachment":[{"href":"https:\/\/portalv1.com.br\/api\/wp\/v2\/media?parent=10576"}],"wp:term":[{"taxonomy":"category","embeddable":true,"href":"https:\/\/portalv1.com.br\/api\/wp\/v2\/categories?post=10576"},{"taxonomy":"post_tag","embeddable":true,"href":"https:\/\/portalv1.com.br\/api\/wp\/v2\/tags?post=10576"}],"curies":[{"name":"wp","href":"https:\/\/api.w.org\/{rel}","templated":true}]}}