{"id":105916,"date":"2021-11-27T14:14:55","date_gmt":"2021-11-27T17:14:55","guid":{"rendered":"https:\/\/portalv1.com.br\/?p=105916"},"modified":"2021-11-27T15:27:16","modified_gmt":"2021-11-27T18:27:16","slug":"feira-dos-artesaos-valencianos-e-realizada-no-terminal-rodoviario","status":"publish","type":"post","link":"https:\/\/portalv1.com.br\/feira-dos-artesaos-valencianos-e-realizada-no-terminal-rodoviario\/","title":{"rendered":"Feira dos Artes\u00e3os Valencianos \u00e9 realizada no Terminal Rodovi\u00e1rio"},"content":{"rendered":"<p><a href=\"https:\/\/portalv1.com.br\/app\/wp-content\/uploads\/2021\/11\/IMG_3083.jpg\"><img loading=\"lazy\" decoding=\"async\" class=\"aligncenter size-large wp-image-105969\" src=\"https:\/\/portalv1.com.br\/app\/wp-content\/uploads\/2021\/11\/IMG_3083-640x427.jpg\" alt=\"\" width=\"600\" height=\"400\" srcset=\"https:\/\/portalv1.com.br\/app\/wp-content\/uploads\/2021\/11\/IMG_3083-640x427.jpg 640w, https:\/\/portalv1.com.br\/app\/wp-content\/uploads\/2021\/11\/IMG_3083-300x200.jpg 300w, https:\/\/portalv1.com.br\/app\/wp-content\/uploads\/2021\/11\/IMG_3083-768x512.jpg 768w, https:\/\/portalv1.com.br\/app\/wp-content\/uploads\/2021\/11\/IMG_3083.jpg 1024w\" sizes=\"auto, (max-width: 600px) 100vw, 600px\" \/><\/a>Prefeitura Municipal de Valen\u00e7a do Piau\u00ed por meio da Secretaria de Cultura realizou na manh\u00e3 deste s\u00e1bado 27 de novembro, a Feira dos Artes\u00e3os Valencianos no Terminal Rodovi\u00e1rio. A feira reuniu uma grande variedade de trabalhos artesanais expostos para visita\u00e7\u00e3o e venda dos produtos.<\/p>\n<p>Nesta primeira feira 25 artes\u00e3os fizeram a apresenta\u00e7\u00e3o dos seus trabalhos, a Secretaria de Cultura Lilian Cavalcante, explica como se deu a iniciativa para realiza\u00e7\u00e3o da feira de artesanato.<\/p>\n<p>&nbsp;\u201cEsse projeto foi iniciado assim que eu recebei a pasta da Secretaria, primeiro passo foi tirar a carteira do artes\u00e3o, porque nenhum secret\u00e1rio anterior teve interesse em trabalhar com eles, e tirar a carteira d\u00e1 um valor a eles, valor cultural, possibilitando que eles possam participar de editais, tamb\u00e9m ajudar eles a comprarem seus produtos e a realizar essa feirinha que em outros estado \u00e9 muito famoso, e isso gera renda e renda at\u00e9 melhor do que se tem dentro da cidade porque voc\u00ea consegue exportar seu produto\u201d, destaca a secret\u00e1ria.<a href=\"https:\/\/portalv1.com.br\/app\/wp-content\/uploads\/2021\/11\/IMG_3027.jpg\"><img loading=\"lazy\" decoding=\"async\" class=\"aligncenter size-large wp-image-105950\" src=\"https:\/\/portalv1.com.br\/app\/wp-content\/uploads\/2021\/11\/IMG_3027-640x427.jpg\" alt=\"\" width=\"600\" height=\"400\" srcset=\"https:\/\/portalv1.com.br\/app\/wp-content\/uploads\/2021\/11\/IMG_3027-640x427.jpg 640w, https:\/\/portalv1.com.br\/app\/wp-content\/uploads\/2021\/11\/IMG_3027-300x200.jpg 300w, https:\/\/portalv1.com.br\/app\/wp-content\/uploads\/2021\/11\/IMG_3027-768x512.jpg 768w, https:\/\/portalv1.com.br\/app\/wp-content\/uploads\/2021\/11\/IMG_3027.jpg 1024w\" sizes=\"auto, (max-width: 600px) 100vw, 600px\" \/><\/a><\/p>\n<p>Lilian Cavalcante ainda frisa a variedade de produtos expostos, \u201c\u00e9 uma arte a cultura daqui de Valen\u00e7a, o croch\u00ea, bordado, feltro, bonecas de pano, tem gente que n\u00e3o est\u00e1 aqui hoje, mas trabalha com couro, ent\u00e3o \u00e9 muita variedade e todo dia n\u00f3s descobrimos novas pessoas que trabalham no anonimato e a Secretaria de Cultura est\u00e1 aqui para ajudar e o prefeito Marcelo est\u00e1 dando todo o apoio para eles\u201d, explica a secret\u00e1ria.<\/p>\n<p>O artesanato \u00e9 reflexo dos costumes e tradi\u00e7\u00f5es de um povo, a artes\u00e3 Maria dos Passos da comunidade Quilombola da Tranqueira, sabe bem disso, ela juntamente com outros membros da comunidade vieram expor e vender seus produtos.<\/p>\n<p>&nbsp;\u201cEstamos aqui representando nossa cultura atrav\u00e9s do nosso artesanato feito com a palha da carna\u00faba e do tucum, tamb\u00e9m trouxemos o doce de buriti, a tapemba de buriti como chamamos. \u00c9 um prazer e honra para n\u00f3s da comunidade, porque isso nos traz reconhecimento do nosso trabalho e \u00e9 um orgulho para a comunidade, queremos agradecer a Secret\u00e1ria de Cultura que disponibilizou esse espa\u00e7o para n\u00f3s expor\u201d, agradece a artes\u00e3.<a href=\"https:\/\/portalv1.com.br\/app\/wp-content\/uploads\/2021\/11\/IMG_3003.jpg\"><img loading=\"lazy\" decoding=\"async\" class=\"aligncenter size-large wp-image-105944\" src=\"https:\/\/portalv1.com.br\/app\/wp-content\/uploads\/2021\/11\/IMG_3003-640x427.jpg\" alt=\"\" width=\"600\" height=\"400\" srcset=\"https:\/\/portalv1.com.br\/app\/wp-content\/uploads\/2021\/11\/IMG_3003-640x427.jpg 640w, https:\/\/portalv1.com.br\/app\/wp-content\/uploads\/2021\/11\/IMG_3003-300x200.jpg 300w, https:\/\/portalv1.com.br\/app\/wp-content\/uploads\/2021\/11\/IMG_3003-768x512.jpg 768w, https:\/\/portalv1.com.br\/app\/wp-content\/uploads\/2021\/11\/IMG_3003.jpg 1024w\" sizes=\"auto, (max-width: 600px) 100vw, 600px\" \/><\/a><\/p>\n<p>O vereador Vanildo Castro, que esteve visitando os estandes falou da import\u00e2ncia da Feira dos Artes\u00e3os para gera\u00e7\u00e3o de renda.<\/p>\n<p>\u201cEsse \u00e9 o primeiro passo para os artes\u00e3os valencianos que n\u00f3s nem sab\u00edamos que existia na nossa cidade e a gente ver a for\u00e7a da popula\u00e7\u00e3o participando e para esse pessoal isso vai gerar emprego e renda, isso \u00e9 de extrema import\u00e2ncia para o munic\u00edpio valenciano que a gente sabe que tem um d\u00e9ficit de emprego muito grande e isso \u00e9 uma gera\u00e7\u00e3o de renda tanto para o pessoal da cidade como para as comunidades. A gente fica muito satisfeito com essa atitude da Secretaria de Cultura e do Prefeito Marcelo Costa, porque tudo acontece com apoio do prefeito que quer fazer e incentiva as secretarias para realizar esses trabalho e beneficiar a popula\u00e7\u00e3o\u201d, frisa o vereador.<\/p>\n<p>Junto com a Feira dos Artes\u00e3os foi realizado v\u00e1rias a\u00e7\u00f5es de sa\u00fade: Aferi\u00e7\u00e3o de press\u00e3o arterial, satura\u00e7\u00e3o do oxig\u00eanio, teste de glicemia atrav\u00e9s do CESV e aplica\u00e7\u00e3o de Fl\u00faor pela Odonto Company. &nbsp;&nbsp;&nbsp;<\/p>\n<div class=\"ngg-galleryoverview\" id=\"1\">\n                    <div data-widget=\"Galeria\" data-props=\"{&quot;galeria&quot;:{&quot;max_page&quot;:3,&quot;total&quot;:55,&quot;gallery_id&quot;:1,&quot;images&quot;:[{&quot;thumbcode&quot;:&quot;https:\\\/\\\/portalv1.com.br\\\/app\\\/wp-content\\\/uploads\\\/2021\\\/11\\\/20211130084627_IMG_1099-400x250.jpg&quot;,&quot;imageURL&quot;:&quot;https:\\\/\\\/portalv1.com.br\\\/app\\\/wp-content\\\/uploads\\\/2021\\\/11\\\/20211130084627_IMG_1099.jpg&quot;,&quot;pid&quot;:105917,&quot;galleryid&quot;:1,&quot;description&quot;:&quot;&quot;,&quot;alttext&quot;:&quot;Feira dos Artes\\u00e3os Valencianos \\u00e9 realizada no Terminal Rodovi\\u00e1rio&quot;,&quot;thumbnailURL&quot;:&quot;https:\\\/\\\/portalv1.com.br\\\/app\\\/wp-content\\\/uploads\\\/2021\\\/11\\\/20211130084627_IMG_1099-400x250.jpg&quot;,&quot;style&quot;:&quot;&quot;},{&quot;thumbcode&quot;:&quot;https:\\\/\\\/portalv1.com.br\\\/app\\\/wp-content\\\/uploads\\\/2021\\\/11\\\/20211130084935_IMG_1105-400x250.jpg&quot;,&quot;imageURL&quot;:&quot;https:\\\/\\\/portalv1.com.br\\\/app\\\/wp-content\\\/uploads\\\/2021\\\/11\\\/20211130084935_IMG_1105.jpg&quot;,&quot;pid&quot;:105918,&quot;galleryid&quot;:1,&quot;description&quot;:&quot;&quot;,&quot;alttext&quot;:&quot;Feira dos Artes\\u00e3os Valencianos \\u00e9 realizada no Terminal Rodovi\\u00e1rio&quot;,&quot;thumbnailURL&quot;:&quot;https:\\\/\\\/portalv1.com.br\\\/app\\\/wp-content\\\/uploads\\\/2021\\\/11\\\/20211130084935_IMG_1105-400x250.jpg&quot;,&quot;style&quot;:&quot;&quot;},{&quot;thumbcode&quot;:&quot;https:\\\/\\\/portalv1.com.br\\\/app\\\/wp-content\\\/uploads\\\/2021\\\/11\\\/20211130085118_IMG_1109-400x250.jpg&quot;,&quot;imageURL&quot;:&quot;https:\\\/\\\/portalv1.com.br\\\/app\\\/wp-content\\\/uploads\\\/2021\\\/11\\\/20211130085118_IMG_1109.jpg&quot;,&quot;pid&quot;:105919,&quot;galleryid&quot;:1,&quot;description&quot;:&quot;&quot;,&quot;alttext&quot;:&quot;Feira dos Artes\\u00e3os Valencianos \\u00e9 realizada no Terminal Rodovi\\u00e1rio&quot;,&quot;thumbnailURL&quot;:&quot;https:\\\/\\\/portalv1.com.br\\\/app\\\/wp-content\\\/uploads\\\/2021\\\/11\\\/20211130085118_IMG_1109-400x250.jpg&quot;,&quot;style&quot;:&quot;&quot;},{&quot;thumbcode&quot;:&quot;https:\\\/\\\/portalv1.com.br\\\/app\\\/wp-content\\\/uploads\\\/2021\\\/11\\\/20211130085159_IMG_1112-400x250.jpg&quot;,&quot;imageURL&quot;:&quot;https:\\\/\\\/portalv1.com.br\\\/app\\\/wp-content\\\/uploads\\\/2021\\\/11\\\/20211130085159_IMG_1112.jpg&quot;,&quot;pid&quot;:105920,&quot;galleryid&quot;:1,&quot;description&quot;:&quot;&quot;,&quot;alttext&quot;:&quot;Feira dos Artes\\u00e3os Valencianos \\u00e9 realizada no Terminal Rodovi\\u00e1rio&quot;,&quot;thumbnailURL&quot;:&quot;https:\\\/\\\/portalv1.com.br\\\/app\\\/wp-content\\\/uploads\\\/2021\\\/11\\\/20211130085159_IMG_1112-400x250.jpg&quot;,&quot;style&quot;:&quot;&quot;},{&quot;thumbcode&quot;:&quot;https:\\\/\\\/portalv1.com.br\\\/app\\\/wp-content\\\/uploads\\\/2021\\\/11\\\/20211130085207_IMG_1115-400x250.jpg&quot;,&quot;imageURL&quot;:&quot;https:\\\/\\\/portalv1.com.br\\\/app\\\/wp-content\\\/uploads\\\/2021\\\/11\\\/20211130085207_IMG_1115.jpg&quot;,&quot;pid&quot;:105921,&quot;galleryid&quot;:1,&quot;description&quot;:&quot;&quot;,&quot;alttext&quot;:&quot;Feira dos Artes\\u00e3os Valencianos \\u00e9 realizada no Terminal Rodovi\\u00e1rio&quot;,&quot;thumbnailURL&quot;:&quot;https:\\\/\\\/portalv1.com.br\\\/app\\\/wp-content\\\/uploads\\\/2021\\\/11\\\/20211130085207_IMG_1115-400x250.jpg&quot;,&quot;style&quot;:&quot;&quot;},{&quot;thumbcode&quot;:&quot;https:\\\/\\\/portalv1.com.br\\\/app\\\/wp-content\\\/uploads\\\/2021\\\/11\\\/20211130085331_IMG_1119-400x250.jpg&quot;,&quot;imageURL&quot;:&quot;https:\\\/\\\/portalv1.com.br\\\/app\\\/wp-content\\\/uploads\\\/2021\\\/11\\\/20211130085331_IMG_1119.jpg&quot;,&quot;pid&quot;:105922,&quot;galleryid&quot;:1,&quot;description&quot;:&quot;&quot;,&quot;alttext&quot;:&quot;Feira dos Artes\\u00e3os Valencianos \\u00e9 realizada no Terminal Rodovi\\u00e1rio&quot;,&quot;thumbnailURL&quot;:&quot;https:\\\/\\\/portalv1.com.br\\\/app\\\/wp-content\\\/uploads\\\/2021\\\/11\\\/20211130085331_IMG_1119-400x250.jpg&quot;,&quot;style&quot;:&quot;&quot;},{&quot;thumbcode&quot;:&quot;https:\\\/\\\/portalv1.com.br\\\/app\\\/wp-content\\\/uploads\\\/2021\\\/11\\\/20211130085601_IMG_1125-400x250.jpg&quot;,&quot;imageURL&quot;:&quot;https:\\\/\\\/portalv1.com.br\\\/app\\\/wp-content\\\/uploads\\\/2021\\\/11\\\/20211130085601_IMG_1125.jpg&quot;,&quot;pid&quot;:105923,&quot;galleryid&quot;:1,&quot;description&quot;:&quot;&quot;,&quot;alttext&quot;:&quot;Feira dos Artes\\u00e3os Valencianos \\u00e9 realizada no Terminal Rodovi\\u00e1rio&quot;,&quot;thumbnailURL&quot;:&quot;https:\\\/\\\/portalv1.com.br\\\/app\\\/wp-content\\\/uploads\\\/2021\\\/11\\\/20211130085601_IMG_1125-400x250.jpg&quot;,&quot;style&quot;:&quot;&quot;},{&quot;thumbcode&quot;:&quot;https:\\\/\\\/portalv1.com.br\\\/app\\\/wp-content\\\/uploads\\\/2021\\\/11\\\/20211130085615_IMG_1129-400x250.jpg&quot;,&quot;imageURL&quot;:&quot;https:\\\/\\\/portalv1.com.br\\\/app\\\/wp-content\\\/uploads\\\/2021\\\/11\\\/20211130085615_IMG_1129.jpg&quot;,&quot;pid&quot;:105924,&quot;galleryid&quot;:1,&quot;description&quot;:&quot;&quot;,&quot;alttext&quot;:&quot;Feira dos Artes\\u00e3os Valencianos \\u00e9 realizada no Terminal Rodovi\\u00e1rio&quot;,&quot;thumbnailURL&quot;:&quot;https:\\\/\\\/portalv1.com.br\\\/app\\\/wp-content\\\/uploads\\\/2021\\\/11\\\/20211130085615_IMG_1129-400x250.jpg&quot;,&quot;style&quot;:&quot;&quot;},{&quot;thumbcode&quot;:&quot;https:\\\/\\\/portalv1.com.br\\\/app\\\/wp-content\\\/uploads\\\/2021\\\/11\\\/20211130085645_IMG_1133-400x250.jpg&quot;,&quot;imageURL&quot;:&quot;https:\\\/\\\/portalv1.com.br\\\/app\\\/wp-content\\\/uploads\\\/2021\\\/11\\\/20211130085645_IMG_1133.jpg&quot;,&quot;pid&quot;:105925,&quot;galleryid&quot;:1,&quot;description&quot;:&quot;&quot;,&quot;alttext&quot;:&quot;Feira dos Artes\\u00e3os Valencianos \\u00e9 realizada no Terminal Rodovi\\u00e1rio&quot;,&quot;thumbnailURL&quot;:&quot;https:\\\/\\\/portalv1.com.br\\\/app\\\/wp-content\\\/uploads\\\/2021\\\/11\\\/20211130085645_IMG_1133-400x250.jpg&quot;,&quot;style&quot;:&quot;&quot;},{&quot;thumbcode&quot;:&quot;https:\\\/\\\/portalv1.com.br\\\/app\\\/wp-content\\\/uploads\\\/2021\\\/11\\\/20211130090110_IMG_1145-400x250.jpg&quot;,&quot;imageURL&quot;:&quot;https:\\\/\\\/portalv1.com.br\\\/app\\\/wp-content\\\/uploads\\\/2021\\\/11\\\/20211130090110_IMG_1145.jpg&quot;,&quot;pid&quot;:105926,&quot;galleryid&quot;:1,&quot;description&quot;:&quot;&quot;,&quot;alttext&quot;:&quot;Feira dos Artes\\u00e3os Valencianos \\u00e9 realizada no Terminal Rodovi\\u00e1rio&quot;,&quot;thumbnailURL&quot;:&quot;https:\\\/\\\/portalv1.com.br\\\/app\\\/wp-content\\\/uploads\\\/2021\\\/11\\\/20211130090110_IMG_1145-400x250.jpg&quot;,&quot;style&quot;:&quot;&quot;},{&quot;thumbcode&quot;:&quot;https:\\\/\\\/portalv1.com.br\\\/app\\\/wp-content\\\/uploads\\\/2021\\\/11\\\/20211130090126_IMG_1147-400x250.jpg&quot;,&quot;imageURL&quot;:&quot;https:\\\/\\\/portalv1.com.br\\\/app\\\/wp-content\\\/uploads\\\/2021\\\/11\\\/20211130090126_IMG_1147.jpg&quot;,&quot;pid&quot;:105927,&quot;galleryid&quot;:1,&quot;description&quot;:&quot;&quot;,&quot;alttext&quot;:&quot;Feira dos Artes\\u00e3os Valencianos \\u00e9 realizada no Terminal Rodovi\\u00e1rio&quot;,&quot;thumbnailURL&quot;:&quot;https:\\\/\\\/portalv1.com.br\\\/app\\\/wp-content\\\/uploads\\\/2021\\\/11\\\/20211130090126_IMG_1147-400x250.jpg&quot;,&quot;style&quot;:&quot;&quot;},{&quot;thumbcode&quot;:&quot;https:\\\/\\\/portalv1.com.br\\\/app\\\/wp-content\\\/uploads\\\/2021\\\/11\\\/20211130090623_IMG_1149-400x250.jpg&quot;,&quot;imageURL&quot;:&quot;https:\\\/\\\/portalv1.com.br\\\/app\\\/wp-content\\\/uploads\\\/2021\\\/11\\\/20211130090623_IMG_1149.jpg&quot;,&quot;pid&quot;:105928,&quot;galleryid&quot;:1,&quot;description&quot;:&quot;&quot;,&quot;alttext&quot;:&quot;Feira dos Artes\\u00e3os Valencianos \\u00e9 realizada no Terminal Rodovi\\u00e1rio&quot;,&quot;thumbnailURL&quot;:&quot;https:\\\/\\\/portalv1.com.br\\\/app\\\/wp-content\\\/uploads\\\/2021\\\/11\\\/20211130090623_IMG_1149-400x250.jpg&quot;,&quot;style&quot;:&quot;&quot;},{&quot;thumbcode&quot;:&quot;https:\\\/\\\/portalv1.com.br\\\/app\\\/wp-content\\\/uploads\\\/2021\\\/11\\\/20211130091042_IMG_1151-400x250.jpg&quot;,&quot;imageURL&quot;:&quot;https:\\\/\\\/portalv1.com.br\\\/app\\\/wp-content\\\/uploads\\\/2021\\\/11\\\/20211130091042_IMG_1151.jpg&quot;,&quot;pid&quot;:105929,&quot;galleryid&quot;:1,&quot;description&quot;:&quot;&quot;,&quot;alttext&quot;:&quot;Feira dos Artes\\u00e3os Valencianos \\u00e9 realizada no Terminal Rodovi\\u00e1rio&quot;,&quot;thumbnailURL&quot;:&quot;https:\\\/\\\/portalv1.com.br\\\/app\\\/wp-content\\\/uploads\\\/2021\\\/11\\\/20211130091042_IMG_1151-400x250.jpg&quot;,&quot;style&quot;:&quot;&quot;},{&quot;thumbcode&quot;:&quot;https:\\\/\\\/portalv1.com.br\\\/app\\\/wp-content\\\/uploads\\\/2021\\\/11\\\/20211130091340_IMG_1159-400x250.jpg&quot;,&quot;imageURL&quot;:&quot;https:\\\/\\\/portalv1.com.br\\\/app\\\/wp-content\\\/uploads\\\/2021\\\/11\\\/20211130091340_IMG_1159.jpg&quot;,&quot;pid&quot;:105930,&quot;galleryid&quot;:1,&quot;description&quot;:&quot;&quot;,&quot;alttext&quot;:&quot;Feira dos Artes\\u00e3os Valencianos \\u00e9 realizada no Terminal Rodovi\\u00e1rio&quot;,&quot;thumbnailURL&quot;:&quot;https:\\\/\\\/portalv1.com.br\\\/app\\\/wp-content\\\/uploads\\\/2021\\\/11\\\/20211130091340_IMG_1159-400x250.jpg&quot;,&quot;style&quot;:&quot;&quot;},{&quot;thumbcode&quot;:&quot;https:\\\/\\\/portalv1.com.br\\\/app\\\/wp-content\\\/uploads\\\/2021\\\/11\\\/20211130091438_IMG_1162-400x250.jpg&quot;,&quot;imageURL&quot;:&quot;https:\\\/\\\/portalv1.com.br\\\/app\\\/wp-content\\\/uploads\\\/2021\\\/11\\\/20211130091438_IMG_1162.jpg&quot;,&quot;pid&quot;:105931,&quot;galleryid&quot;:1,&quot;description&quot;:&quot;&quot;,&quot;alttext&quot;:&quot;Feira dos Artes\\u00e3os Valencianos \\u00e9 realizada no Terminal Rodovi\\u00e1rio&quot;,&quot;thumbnailURL&quot;:&quot;https:\\\/\\\/portalv1.com.br\\\/app\\\/wp-content\\\/uploads\\\/2021\\\/11\\\/20211130091438_IMG_1162-400x250.jpg&quot;,&quot;style&quot;:&quot;&quot;},{&quot;thumbcode&quot;:&quot;https:\\\/\\\/portalv1.com.br\\\/app\\\/wp-content\\\/uploads\\\/2021\\\/11\\\/20211130091522_IMG_1166-400x250.jpg&quot;,&quot;imageURL&quot;:&quot;https:\\\/\\\/portalv1.com.br\\\/app\\\/wp-content\\\/uploads\\\/2021\\\/11\\\/20211130091522_IMG_1166.jpg&quot;,&quot;pid&quot;:105932,&quot;galleryid&quot;:1,&quot;description&quot;:&quot;&quot;,&quot;alttext&quot;:&quot;Feira dos Artes\\u00e3os Valencianos \\u00e9 realizada no Terminal Rodovi\\u00e1rio&quot;,&quot;thumbnailURL&quot;:&quot;https:\\\/\\\/portalv1.com.br\\\/app\\\/wp-content\\\/uploads\\\/2021\\\/11\\\/20211130091522_IMG_1166-400x250.jpg&quot;,&quot;style&quot;:&quot;&quot;},{&quot;thumbcode&quot;:&quot;https:\\\/\\\/portalv1.com.br\\\/app\\\/wp-content\\\/uploads\\\/2021\\\/11\\\/20211130091539_IMG_1168-400x250.jpg&quot;,&quot;imageURL&quot;:&quot;https:\\\/\\\/portalv1.com.br\\\/app\\\/wp-content\\\/uploads\\\/2021\\\/11\\\/20211130091539_IMG_1168.jpg&quot;,&quot;pid&quot;:105933,&quot;galleryid&quot;:1,&quot;description&quot;:&quot;&quot;,&quot;alttext&quot;:&quot;Feira dos Artes\\u00e3os Valencianos \\u00e9 realizada no Terminal Rodovi\\u00e1rio&quot;,&quot;thumbnailURL&quot;:&quot;https:\\\/\\\/portalv1.com.br\\\/app\\\/wp-content\\\/uploads\\\/2021\\\/11\\\/20211130091539_IMG_1168-400x250.jpg&quot;,&quot;style&quot;:&quot;&quot;},{&quot;thumbcode&quot;:&quot;https:\\\/\\\/portalv1.com.br\\\/app\\\/wp-content\\\/uploads\\\/2021\\\/11\\\/20211130092818_IMG_1172-400x250.jpg&quot;,&quot;imageURL&quot;:&quot;https:\\\/\\\/portalv1.com.br\\\/app\\\/wp-content\\\/uploads\\\/2021\\\/11\\\/20211130092818_IMG_1172.jpg&quot;,&quot;pid&quot;:105934,&quot;galleryid&quot;:1,&quot;description&quot;:&quot;&quot;,&quot;alttext&quot;:&quot;Feira dos Artes\\u00e3os Valencianos \\u00e9 realizada no Terminal Rodovi\\u00e1rio&quot;,&quot;thumbnailURL&quot;:&quot;https:\\\/\\\/portalv1.com.br\\\/app\\\/wp-content\\\/uploads\\\/2021\\\/11\\\/20211130092818_IMG_1172-400x250.jpg&quot;,&quot;style&quot;:&quot;&quot;},{&quot;thumbcode&quot;:&quot;https:\\\/\\\/portalv1.com.br\\\/app\\\/wp-content\\\/uploads\\\/2021\\\/11\\\/20211130092938_IMG_1173-400x250.jpg&quot;,&quot;imageURL&quot;:&quot;https:\\\/\\\/portalv1.com.br\\\/app\\\/wp-content\\\/uploads\\\/2021\\\/11\\\/20211130092938_IMG_1173.jpg&quot;,&quot;pid&quot;:105935,&quot;galleryid&quot;:1,&quot;description&quot;:&quot;&quot;,&quot;alttext&quot;:&quot;Feira dos Artes\\u00e3os Valencianos \\u00e9 realizada no Terminal Rodovi\\u00e1rio&quot;,&quot;thumbnailURL&quot;:&quot;https:\\\/\\\/portalv1.com.br\\\/app\\\/wp-content\\\/uploads\\\/2021\\\/11\\\/20211130092938_IMG_1173-400x250.jpg&quot;,&quot;style&quot;:&quot;&quot;},{&quot;thumbcode&quot;:&quot;https:\\\/\\\/portalv1.com.br\\\/app\\\/wp-content\\\/uploads\\\/2021\\\/11\\\/20211130093207_IMG_1178-400x250.jpg&quot;,&quot;imageURL&quot;:&quot;https:\\\/\\\/portalv1.com.br\\\/app\\\/wp-content\\\/uploads\\\/2021\\\/11\\\/20211130093207_IMG_1178.jpg&quot;,&quot;pid&quot;:105936,&quot;galleryid&quot;:1,&quot;description&quot;:&quot;&quot;,&quot;alttext&quot;:&quot;Feira dos Artes\\u00e3os Valencianos \\u00e9 realizada no Terminal Rodovi\\u00e1rio&quot;,&quot;thumbnailURL&quot;:&quot;https:\\\/\\\/portalv1.com.br\\\/app\\\/wp-content\\\/uploads\\\/2021\\\/11\\\/20211130093207_IMG_1178-400x250.jpg&quot;,&quot;style&quot;:&quot;&quot;},{&quot;thumbcode&quot;:&quot;https:\\\/\\\/portalv1.com.br\\\/app\\\/wp-content\\\/uploads\\\/2021\\\/11\\\/20211130093236_IMG_1181-400x250.jpg&quot;,&quot;imageURL&quot;:&quot;https:\\\/\\\/portalv1.com.br\\\/app\\\/wp-content\\\/uploads\\\/2021\\\/11\\\/20211130093236_IMG_1181.jpg&quot;,&quot;pid&quot;:105937,&quot;galleryid&quot;:1,&quot;description&quot;:&quot;&quot;,&quot;alttext&quot;:&quot;Feira dos Artes\\u00e3os Valencianos \\u00e9 realizada no Terminal Rodovi\\u00e1rio&quot;,&quot;thumbnailURL&quot;:&quot;https:\\\/\\\/portalv1.com.br\\\/app\\\/wp-content\\\/uploads\\\/2021\\\/11\\\/20211130093236_IMG_1181-400x250.jpg&quot;,&quot;style&quot;:&quot;&quot;},{&quot;thumbcode&quot;:&quot;https:\\\/\\\/portalv1.com.br\\\/app\\\/wp-content\\\/uploads\\\/2021\\\/11\\\/20211130093351_IMG_1185-400x250.jpg&quot;,&quot;imageURL&quot;:&quot;https:\\\/\\\/portalv1.com.br\\\/app\\\/wp-content\\\/uploads\\\/2021\\\/11\\\/20211130093351_IMG_1185.jpg&quot;,&quot;pid&quot;:105938,&quot;galleryid&quot;:1,&quot;description&quot;:&quot;&quot;,&quot;alttext&quot;:&quot;Feira dos Artes\\u00e3os Valencianos \\u00e9 realizada no Terminal Rodovi\\u00e1rio&quot;,&quot;thumbnailURL&quot;:&quot;https:\\\/\\\/portalv1.com.br\\\/app\\\/wp-content\\\/uploads\\\/2021\\\/11\\\/20211130093351_IMG_1185-400x250.jpg&quot;,&quot;style&quot;:&quot;&quot;},{&quot;thumbcode&quot;:&quot;https:\\\/\\\/portalv1.com.br\\\/app\\\/wp-content\\\/uploads\\\/2021\\\/11\\\/20211130093409_IMG_1187-400x250.jpg&quot;,&quot;imageURL&quot;:&quot;https:\\\/\\\/portalv1.com.br\\\/app\\\/wp-content\\\/uploads\\\/2021\\\/11\\\/20211130093409_IMG_1187.jpg&quot;,&quot;pid&quot;:105939,&quot;galleryid&quot;:1,&quot;description&quot;:&quot;&quot;,&quot;alttext&quot;:&quot;Feira dos Artes\\u00e3os Valencianos \\u00e9 realizada no Terminal Rodovi\\u00e1rio&quot;,&quot;thumbnailURL&quot;:&quot;https:\\\/\\\/portalv1.com.br\\\/app\\\/wp-content\\\/uploads\\\/2021\\\/11\\\/20211130093409_IMG_1187-400x250.jpg&quot;,&quot;style&quot;:&quot;&quot;},{&quot;thumbcode&quot;:&quot;https:\\\/\\\/portalv1.com.br\\\/app\\\/wp-content\\\/uploads\\\/2021\\\/11\\\/20211130093753_IMG_1195-400x250.jpg&quot;,&quot;imageURL&quot;:&quot;https:\\\/\\\/portalv1.com.br\\\/app\\\/wp-content\\\/uploads\\\/2021\\\/11\\\/20211130093753_IMG_1195.jpg&quot;,&quot;pid&quot;:105940,&quot;galleryid&quot;:1,&quot;description&quot;:&quot;&quot;,&quot;alttext&quot;:&quot;Feira dos Artes\\u00e3os Valencianos \\u00e9 realizada no Terminal Rodovi\\u00e1rio&quot;,&quot;thumbnailURL&quot;:&quot;https:\\\/\\\/portalv1.com.br\\\/app\\\/wp-content\\\/uploads\\\/2021\\\/11\\\/20211130093753_IMG_1195-400x250.jpg&quot;,&quot;style&quot;:&quot;&quot;},{&quot;thumbcode&quot;:&quot;https:\\\/\\\/portalv1.com.br\\\/app\\\/wp-content\\\/uploads\\\/2021\\\/11\\\/20211130094336_IMG_1208-400x250.jpg&quot;,&quot;imageURL&quot;:&quot;https:\\\/\\\/portalv1.com.br\\\/app\\\/wp-content\\\/uploads\\\/2021\\\/11\\\/20211130094336_IMG_1208.jpg&quot;,&quot;pid&quot;:105941,&quot;galleryid&quot;:1,&quot;description&quot;:&quot;&quot;,&quot;alttext&quot;:&quot;Feira dos Artes\\u00e3os Valencianos \\u00e9 realizada no Terminal Rodovi\\u00e1rio&quot;,&quot;thumbnailURL&quot;:&quot;https:\\\/\\\/portalv1.com.br\\\/app\\\/wp-content\\\/uploads\\\/2021\\\/11\\\/20211130094336_IMG_1208-400x250.jpg&quot;,&quot;style&quot;:&quot;&quot;},{&quot;thumbcode&quot;:&quot;https:\\\/\\\/portalv1.com.br\\\/app\\\/wp-content\\\/uploads\\\/2021\\\/11\\\/20211130101221_IMG_1211-400x250.jpg&quot;,&quot;imageURL&quot;:&quot;https:\\\/\\\/portalv1.com.br\\\/app\\\/wp-content\\\/uploads\\\/2021\\\/11\\\/20211130101221_IMG_1211.jpg&quot;,&quot;pid&quot;:105942,&quot;galleryid&quot;:1,&quot;description&quot;:&quot;&quot;,&quot;alttext&quot;:&quot;Feira dos Artes\\u00e3os Valencianos \\u00e9 realizada no Terminal Rodovi\\u00e1rio&quot;,&quot;thumbnailURL&quot;:&quot;https:\\\/\\\/portalv1.com.br\\\/app\\\/wp-content\\\/uploads\\\/2021\\\/11\\\/20211130101221_IMG_1211-400x250.jpg&quot;,&quot;style&quot;:&quot;&quot;},{&quot;thumbcode&quot;:&quot;https:\\\/\\\/portalv1.com.br\\\/app\\\/wp-content\\\/uploads\\\/2021\\\/11\\\/IMG_2999-400x250.jpg&quot;,&quot;imageURL&quot;:&quot;https:\\\/\\\/portalv1.com.br\\\/app\\\/wp-content\\\/uploads\\\/2021\\\/11\\\/IMG_2999.jpg&quot;,&quot;pid&quot;:105943,&quot;galleryid&quot;:1,&quot;description&quot;:&quot;&quot;,&quot;alttext&quot;:&quot;Feira dos Artes\\u00e3os Valencianos \\u00e9 realizada no Terminal Rodovi\\u00e1rio&quot;,&quot;thumbnailURL&quot;:&quot;https:\\\/\\\/portalv1.com.br\\\/app\\\/wp-content\\\/uploads\\\/2021\\\/11\\\/IMG_2999-400x250.jpg&quot;,&quot;style&quot;:&quot;&quot;},{&quot;thumbcode&quot;:&quot;https:\\\/\\\/portalv1.com.br\\\/app\\\/wp-content\\\/uploads\\\/2021\\\/11\\\/IMG_3003-400x250.jpg&quot;,&quot;imageURL&quot;:&quot;https:\\\/\\\/portalv1.com.br\\\/app\\\/wp-content\\\/uploads\\\/2021\\\/11\\\/IMG_3003.jpg&quot;,&quot;pid&quot;:105944,&quot;galleryid&quot;:1,&quot;description&quot;:&quot;&quot;,&quot;alttext&quot;:&quot;Feira dos Artes\\u00e3os Valencianos \\u00e9 realizada no Terminal Rodovi\\u00e1rio&quot;,&quot;thumbnailURL&quot;:&quot;https:\\\/\\\/portalv1.com.br\\\/app\\\/wp-content\\\/uploads\\\/2021\\\/11\\\/IMG_3003-400x250.jpg&quot;,&quot;style&quot;:&quot;&quot;},{&quot;thumbcode&quot;:&quot;https:\\\/\\\/portalv1.com.br\\\/app\\\/wp-content\\\/uploads\\\/2021\\\/11\\\/IMG_3007-400x250.jpg&quot;,&quot;imageURL&quot;:&quot;https:\\\/\\\/portalv1.com.br\\\/app\\\/wp-content\\\/uploads\\\/2021\\\/11\\\/IMG_3007.jpg&quot;,&quot;pid&quot;:105945,&quot;galleryid&quot;:1,&quot;description&quot;:&quot;&quot;,&quot;alttext&quot;:&quot;Feira dos Artes\\u00e3os Valencianos \\u00e9 realizada no Terminal Rodovi\\u00e1rio&quot;,&quot;thumbnailURL&quot;:&quot;https:\\\/\\\/portalv1.com.br\\\/app\\\/wp-content\\\/uploads\\\/2021\\\/11\\\/IMG_3007-400x250.jpg&quot;,&quot;style&quot;:&quot;&quot;},{&quot;thumbcode&quot;:&quot;https:\\\/\\\/portalv1.com.br\\\/app\\\/wp-content\\\/uploads\\\/2021\\\/11\\\/IMG_3009-400x250.jpg&quot;,&quot;imageURL&quot;:&quot;https:\\\/\\\/portalv1.com.br\\\/app\\\/wp-content\\\/uploads\\\/2021\\\/11\\\/IMG_3009.jpg&quot;,&quot;pid&quot;:105946,&quot;galleryid&quot;:1,&quot;description&quot;:&quot;&quot;,&quot;alttext&quot;:&quot;Feira dos Artes\\u00e3os Valencianos \\u00e9 realizada no Terminal Rodovi\\u00e1rio&quot;,&quot;thumbnailURL&quot;:&quot;https:\\\/\\\/portalv1.com.br\\\/app\\\/wp-content\\\/uploads\\\/2021\\\/11\\\/IMG_3009-400x250.jpg&quot;,&quot;style&quot;:&quot;&quot;},{&quot;thumbcode&quot;:&quot;https:\\\/\\\/portalv1.com.br\\\/app\\\/wp-content\\\/uploads\\\/2021\\\/11\\\/IMG_3014-400x250.jpg&quot;,&quot;imageURL&quot;:&quot;https:\\\/\\\/portalv1.com.br\\\/app\\\/wp-content\\\/uploads\\\/2021\\\/11\\\/IMG_3014.jpg&quot;,&quot;pid&quot;:105947,&quot;galleryid&quot;:1,&quot;description&quot;:&quot;&quot;,&quot;alttext&quot;:&quot;Feira dos Artes\\u00e3os Valencianos \\u00e9 realizada no Terminal Rodovi\\u00e1rio&quot;,&quot;thumbnailURL&quot;:&quot;https:\\\/\\\/portalv1.com.br\\\/app\\\/wp-content\\\/uploads\\\/2021\\\/11\\\/IMG_3014-400x250.jpg&quot;,&quot;style&quot;:&quot;&quot;},{&quot;thumbcode&quot;:&quot;https:\\\/\\\/portalv1.com.br\\\/app\\\/wp-content\\\/uploads\\\/2021\\\/11\\\/IMG_3016-400x250.jpg&quot;,&quot;imageURL&quot;:&quot;https:\\\/\\\/portalv1.com.br\\\/app\\\/wp-content\\\/uploads\\\/2021\\\/11\\\/IMG_3016.jpg&quot;,&quot;pid&quot;:105948,&quot;galleryid&quot;:1,&quot;description&quot;:&quot;&quot;,&quot;alttext&quot;:&quot;Feira dos Artes\\u00e3os Valencianos \\u00e9 realizada no Terminal Rodovi\\u00e1rio&quot;,&quot;thumbnailURL&quot;:&quot;https:\\\/\\\/portalv1.com.br\\\/app\\\/wp-content\\\/uploads\\\/2021\\\/11\\\/IMG_3016-400x250.jpg&quot;,&quot;style&quot;:&quot;&quot;},{&quot;thumbcode&quot;:&quot;https:\\\/\\\/portalv1.com.br\\\/app\\\/wp-content\\\/uploads\\\/2021\\\/11\\\/IMG_3023-400x250.jpg&quot;,&quot;imageURL&quot;:&quot;https:\\\/\\\/portalv1.com.br\\\/app\\\/wp-content\\\/uploads\\\/2021\\\/11\\\/IMG_3023.jpg&quot;,&quot;pid&quot;:105949,&quot;galleryid&quot;:1,&quot;description&quot;:&quot;&quot;,&quot;alttext&quot;:&quot;Feira dos Artes\\u00e3os Valencianos \\u00e9 realizada no Terminal Rodovi\\u00e1rio&quot;,&quot;thumbnailURL&quot;:&quot;https:\\\/\\\/portalv1.com.br\\\/app\\\/wp-content\\\/uploads\\\/2021\\\/11\\\/IMG_3023-400x250.jpg&quot;,&quot;style&quot;:&quot;&quot;},{&quot;thumbcode&quot;:&quot;https:\\\/\\\/portalv1.com.br\\\/app\\\/wp-content\\\/uploads\\\/2021\\\/11\\\/IMG_3027-400x250.jpg&quot;,&quot;imageURL&quot;:&quot;https:\\\/\\\/portalv1.com.br\\\/app\\\/wp-content\\\/uploads\\\/2021\\\/11\\\/IMG_3027.jpg&quot;,&quot;pid&quot;:105950,&quot;galleryid&quot;:1,&quot;description&quot;:&quot;&quot;,&quot;alttext&quot;:&quot;Feira dos Artes\\u00e3os Valencianos \\u00e9 realizada no Terminal Rodovi\\u00e1rio&quot;,&quot;thumbnailURL&quot;:&quot;https:\\\/\\\/portalv1.com.br\\\/app\\\/wp-content\\\/uploads\\\/2021\\\/11\\\/IMG_3027-400x250.jpg&quot;,&quot;style&quot;:&quot;&quot;},{&quot;thumbcode&quot;:&quot;https:\\\/\\\/portalv1.com.br\\\/app\\\/wp-content\\\/uploads\\\/2021\\\/11\\\/IMG_3036-400x250.jpg&quot;,&quot;imageURL&quot;:&quot;https:\\\/\\\/portalv1.com.br\\\/app\\\/wp-content\\\/uploads\\\/2021\\\/11\\\/IMG_3036.jpg&quot;,&quot;pid&quot;:105951,&quot;galleryid&quot;:1,&quot;description&quot;:&quot;&quot;,&quot;alttext&quot;:&quot;Feira dos Artes\\u00e3os Valencianos \\u00e9 realizada no Terminal Rodovi\\u00e1rio&quot;,&quot;thumbnailURL&quot;:&quot;https:\\\/\\\/portalv1.com.br\\\/app\\\/wp-content\\\/uploads\\\/2021\\\/11\\\/IMG_3036-400x250.jpg&quot;,&quot;style&quot;:&quot;&quot;},{&quot;thumbcode&quot;:&quot;https:\\\/\\\/portalv1.com.br\\\/app\\\/wp-content\\\/uploads\\\/2021\\\/11\\\/IMG_3037-400x250.jpg&quot;,&quot;imageURL&quot;:&quot;https:\\\/\\\/portalv1.com.br\\\/app\\\/wp-content\\\/uploads\\\/2021\\\/11\\\/IMG_3037.jpg&quot;,&quot;pid&quot;:105952,&quot;galleryid&quot;:1,&quot;description&quot;:&quot;&quot;,&quot;alttext&quot;:&quot;Feira dos Artes\\u00e3os Valencianos \\u00e9 realizada no Terminal Rodovi\\u00e1rio&quot;,&quot;thumbnailURL&quot;:&quot;https:\\\/\\\/portalv1.com.br\\\/app\\\/wp-content\\\/uploads\\\/2021\\\/11\\\/IMG_3037-400x250.jpg&quot;,&quot;style&quot;:&quot;&quot;},{&quot;thumbcode&quot;:&quot;https:\\\/\\\/portalv1.com.br\\\/app\\\/wp-content\\\/uploads\\\/2021\\\/11\\\/IMG_3039-400x250.jpg&quot;,&quot;imageURL&quot;:&quot;https:\\\/\\\/portalv1.com.br\\\/app\\\/wp-content\\\/uploads\\\/2021\\\/11\\\/IMG_3039.jpg&quot;,&quot;pid&quot;:105953,&quot;galleryid&quot;:1,&quot;description&quot;:&quot;&quot;,&quot;alttext&quot;:&quot;Feira dos Artes\\u00e3os Valencianos \\u00e9 realizada no Terminal Rodovi\\u00e1rio&quot;,&quot;thumbnailURL&quot;:&quot;https:\\\/\\\/portalv1.com.br\\\/app\\\/wp-content\\\/uploads\\\/2021\\\/11\\\/IMG_3039-400x250.jpg&quot;,&quot;style&quot;:&quot;&quot;},{&quot;thumbcode&quot;:&quot;https:\\\/\\\/portalv1.com.br\\\/app\\\/wp-content\\\/uploads\\\/2021\\\/11\\\/IMG_3040-400x250.jpg&quot;,&quot;imageURL&quot;:&quot;https:\\\/\\\/portalv1.com.br\\\/app\\\/wp-content\\\/uploads\\\/2021\\\/11\\\/IMG_3040.jpg&quot;,&quot;pid&quot;:105954,&quot;galleryid&quot;:1,&quot;description&quot;:&quot;&quot;,&quot;alttext&quot;:&quot;Feira dos Artes\\u00e3os Valencianos \\u00e9 realizada no Terminal Rodovi\\u00e1rio&quot;,&quot;thumbnailURL&quot;:&quot;https:\\\/\\\/portalv1.com.br\\\/app\\\/wp-content\\\/uploads\\\/2021\\\/11\\\/IMG_3040-400x250.jpg&quot;,&quot;style&quot;:&quot;&quot;},{&quot;thumbcode&quot;:&quot;https:\\\/\\\/portalv1.com.br\\\/app\\\/wp-content\\\/uploads\\\/2021\\\/11\\\/IMG_3042-400x250.jpg&quot;,&quot;imageURL&quot;:&quot;https:\\\/\\\/portalv1.com.br\\\/app\\\/wp-content\\\/uploads\\\/2021\\\/11\\\/IMG_3042.jpg&quot;,&quot;pid&quot;:105955,&quot;galleryid&quot;:1,&quot;description&quot;:&quot;&quot;,&quot;alttext&quot;:&quot;Feira dos Artes\\u00e3os Valencianos \\u00e9 realizada no Terminal Rodovi\\u00e1rio&quot;,&quot;thumbnailURL&quot;:&quot;https:\\\/\\\/portalv1.com.br\\\/app\\\/wp-content\\\/uploads\\\/2021\\\/11\\\/IMG_3042-400x250.jpg&quot;,&quot;style&quot;:&quot;&quot;},{&quot;thumbcode&quot;:&quot;https:\\\/\\\/portalv1.com.br\\\/app\\\/wp-content\\\/uploads\\\/2021\\\/11\\\/IMG_3044-400x250.jpg&quot;,&quot;imageURL&quot;:&quot;https:\\\/\\\/portalv1.com.br\\\/app\\\/wp-content\\\/uploads\\\/2021\\\/11\\\/IMG_3044.jpg&quot;,&quot;pid&quot;:105956,&quot;galleryid&quot;:1,&quot;description&quot;:&quot;&quot;,&quot;alttext&quot;:&quot;Feira dos Artes\\u00e3os Valencianos \\u00e9 realizada no Terminal Rodovi\\u00e1rio&quot;,&quot;thumbnailURL&quot;:&quot;https:\\\/\\\/portalv1.com.br\\\/app\\\/wp-content\\\/uploads\\\/2021\\\/11\\\/IMG_3044-400x250.jpg&quot;,&quot;style&quot;:&quot;&quot;},{&quot;thumbcode&quot;:&quot;https:\\\/\\\/portalv1.com.br\\\/app\\\/wp-content\\\/uploads\\\/2021\\\/11\\\/IMG_3046-400x250.jpg&quot;,&quot;imageURL&quot;:&quot;https:\\\/\\\/portalv1.com.br\\\/app\\\/wp-content\\\/uploads\\\/2021\\\/11\\\/IMG_3046.jpg&quot;,&quot;pid&quot;:105957,&quot;galleryid&quot;:1,&quot;description&quot;:&quot;&quot;,&quot;alttext&quot;:&quot;Feira dos Artes\\u00e3os Valencianos \\u00e9 realizada no Terminal Rodovi\\u00e1rio&quot;,&quot;thumbnailURL&quot;:&quot;https:\\\/\\\/portalv1.com.br\\\/app\\\/wp-content\\\/uploads\\\/2021\\\/11\\\/IMG_3046-400x250.jpg&quot;,&quot;style&quot;:&quot;&quot;},{&quot;thumbcode&quot;:&quot;https:\\\/\\\/portalv1.com.br\\\/app\\\/wp-content\\\/uploads\\\/2021\\\/11\\\/IMG_3047-400x250.jpg&quot;,&quot;imageURL&quot;:&quot;https:\\\/\\\/portalv1.com.br\\\/app\\\/wp-content\\\/uploads\\\/2021\\\/11\\\/IMG_3047.jpg&quot;,&quot;pid&quot;:105958,&quot;galleryid&quot;:1,&quot;description&quot;:&quot;&quot;,&quot;alttext&quot;:&quot;Feira dos Artes\\u00e3os Valencianos \\u00e9 realizada no Terminal Rodovi\\u00e1rio&quot;,&quot;thumbnailURL&quot;:&quot;https:\\\/\\\/portalv1.com.br\\\/app\\\/wp-content\\\/uploads\\\/2021\\\/11\\\/IMG_3047-400x250.jpg&quot;,&quot;style&quot;:&quot;&quot;},{&quot;thumbcode&quot;:&quot;https:\\\/\\\/portalv1.com.br\\\/app\\\/wp-content\\\/uploads\\\/2021\\\/11\\\/IMG_3051-400x250.jpg&quot;,&quot;imageURL&quot;:&quot;https:\\\/\\\/portalv1.com.br\\\/app\\\/wp-content\\\/uploads\\\/2021\\\/11\\\/IMG_3051.jpg&quot;,&quot;pid&quot;:105959,&quot;galleryid&quot;:1,&quot;description&quot;:&quot;&quot;,&quot;alttext&quot;:&quot;Feira dos Artes\\u00e3os Valencianos \\u00e9 realizada no Terminal Rodovi\\u00e1rio&quot;,&quot;thumbnailURL&quot;:&quot;https:\\\/\\\/portalv1.com.br\\\/app\\\/wp-content\\\/uploads\\\/2021\\\/11\\\/IMG_3051-400x250.jpg&quot;,&quot;style&quot;:&quot;&quot;},{&quot;thumbcode&quot;:&quot;https:\\\/\\\/portalv1.com.br\\\/app\\\/wp-content\\\/uploads\\\/2021\\\/11\\\/IMG_3053-400x250.jpg&quot;,&quot;imageURL&quot;:&quot;https:\\\/\\\/portalv1.com.br\\\/app\\\/wp-content\\\/uploads\\\/2021\\\/11\\\/IMG_3053.jpg&quot;,&quot;pid&quot;:105960,&quot;galleryid&quot;:1,&quot;description&quot;:&quot;&quot;,&quot;alttext&quot;:&quot;Feira dos Artes\\u00e3os Valencianos \\u00e9 realizada no Terminal Rodovi\\u00e1rio&quot;,&quot;thumbnailURL&quot;:&quot;https:\\\/\\\/portalv1.com.br\\\/app\\\/wp-content\\\/uploads\\\/2021\\\/11\\\/IMG_3053-400x250.jpg&quot;,&quot;style&quot;:&quot;&quot;},{&quot;thumbcode&quot;:&quot;https:\\\/\\\/portalv1.com.br\\\/app\\\/wp-content\\\/uploads\\\/2021\\\/11\\\/IMG_3055-400x250.jpg&quot;,&quot;imageURL&quot;:&quot;https:\\\/\\\/portalv1.com.br\\\/app\\\/wp-content\\\/uploads\\\/2021\\\/11\\\/IMG_3055.jpg&quot;,&quot;pid&quot;:105961,&quot;galleryid&quot;:1,&quot;description&quot;:&quot;&quot;,&quot;alttext&quot;:&quot;Feira dos Artes\\u00e3os Valencianos \\u00e9 realizada no Terminal Rodovi\\u00e1rio&quot;,&quot;thumbnailURL&quot;:&quot;https:\\\/\\\/portalv1.com.br\\\/app\\\/wp-content\\\/uploads\\\/2021\\\/11\\\/IMG_3055-400x250.jpg&quot;,&quot;style&quot;:&quot;&quot;},{&quot;thumbcode&quot;:&quot;https:\\\/\\\/portalv1.com.br\\\/app\\\/wp-content\\\/uploads\\\/2021\\\/11\\\/IMG_3056-400x250.jpg&quot;,&quot;imageURL&quot;:&quot;https:\\\/\\\/portalv1.com.br\\\/app\\\/wp-content\\\/uploads\\\/2021\\\/11\\\/IMG_3056.jpg&quot;,&quot;pid&quot;:105962,&quot;galleryid&quot;:1,&quot;description&quot;:&quot;&quot;,&quot;alttext&quot;:&quot;Feira dos Artes\\u00e3os Valencianos \\u00e9 realizada no Terminal Rodovi\\u00e1rio&quot;,&quot;thumbnailURL&quot;:&quot;https:\\\/\\\/portalv1.com.br\\\/app\\\/wp-content\\\/uploads\\\/2021\\\/11\\\/IMG_3056-400x250.jpg&quot;,&quot;style&quot;:&quot;&quot;},{&quot;thumbcode&quot;:&quot;https:\\\/\\\/portalv1.com.br\\\/app\\\/wp-content\\\/uploads\\\/2021\\\/11\\\/IMG_3057-400x250.jpg&quot;,&quot;imageURL&quot;:&quot;https:\\\/\\\/portalv1.com.br\\\/app\\\/wp-content\\\/uploads\\\/2021\\\/11\\\/IMG_3057.jpg&quot;,&quot;pid&quot;:105963,&quot;galleryid&quot;:1,&quot;description&quot;:&quot;&quot;,&quot;alttext&quot;:&quot;Feira dos Artes\\u00e3os Valencianos \\u00e9 realizada no Terminal Rodovi\\u00e1rio&quot;,&quot;thumbnailURL&quot;:&quot;https:\\\/\\\/portalv1.com.br\\\/app\\\/wp-content\\\/uploads\\\/2021\\\/11\\\/IMG_3057-400x250.jpg&quot;,&quot;style&quot;:&quot;&quot;},{&quot;thumbcode&quot;:&quot;https:\\\/\\\/portalv1.com.br\\\/app\\\/wp-content\\\/uploads\\\/2021\\\/11\\\/IMG_3059-400x250.jpg&quot;,&quot;imageURL&quot;:&quot;https:\\\/\\\/portalv1.com.br\\\/app\\\/wp-content\\\/uploads\\\/2021\\\/11\\\/IMG_3059.jpg&quot;,&quot;pid&quot;:105964,&quot;galleryid&quot;:1,&quot;description&quot;:&quot;&quot;,&quot;alttext&quot;:&quot;Feira dos Artes\\u00e3os Valencianos \\u00e9 realizada no Terminal Rodovi\\u00e1rio&quot;,&quot;thumbnailURL&quot;:&quot;https:\\\/\\\/portalv1.com.br\\\/app\\\/wp-content\\\/uploads\\\/2021\\\/11\\\/IMG_3059-400x250.jpg&quot;,&quot;style&quot;:&quot;&quot;},{&quot;thumbcode&quot;:&quot;https:\\\/\\\/portalv1.com.br\\\/app\\\/wp-content\\\/uploads\\\/2021\\\/11\\\/IMG_3061-400x250.jpg&quot;,&quot;imageURL&quot;:&quot;https:\\\/\\\/portalv1.com.br\\\/app\\\/wp-content\\\/uploads\\\/2021\\\/11\\\/IMG_3061.jpg&quot;,&quot;pid&quot;:105965,&quot;galleryid&quot;:1,&quot;description&quot;:&quot;&quot;,&quot;alttext&quot;:&quot;Feira dos Artes\\u00e3os Valencianos \\u00e9 realizada no Terminal Rodovi\\u00e1rio&quot;,&quot;thumbnailURL&quot;:&quot;https:\\\/\\\/portalv1.com.br\\\/app\\\/wp-content\\\/uploads\\\/2021\\\/11\\\/IMG_3061-400x250.jpg&quot;,&quot;style&quot;:&quot;&quot;},{&quot;thumbcode&quot;:&quot;https:\\\/\\\/portalv1.com.br\\\/app\\\/wp-content\\\/uploads\\\/2021\\\/11\\\/IMG_3065-400x250.jpg&quot;,&quot;imageURL&quot;:&quot;https:\\\/\\\/portalv1.com.br\\\/app\\\/wp-content\\\/uploads\\\/2021\\\/11\\\/IMG_3065.jpg&quot;,&quot;pid&quot;:105966,&quot;galleryid&quot;:1,&quot;description&quot;:&quot;&quot;,&quot;alttext&quot;:&quot;Feira dos Artes\\u00e3os Valencianos \\u00e9 realizada no Terminal Rodovi\\u00e1rio&quot;,&quot;thumbnailURL&quot;:&quot;https:\\\/\\\/portalv1.com.br\\\/app\\\/wp-content\\\/uploads\\\/2021\\\/11\\\/IMG_3065-400x250.jpg&quot;,&quot;style&quot;:&quot;&quot;},{&quot;thumbcode&quot;:&quot;https:\\\/\\\/portalv1.com.br\\\/app\\\/wp-content\\\/uploads\\\/2021\\\/11\\\/IMG_3072-400x250.jpg&quot;,&quot;imageURL&quot;:&quot;https:\\\/\\\/portalv1.com.br\\\/app\\\/wp-content\\\/uploads\\\/2021\\\/11\\\/IMG_3072.jpg&quot;,&quot;pid&quot;:105967,&quot;galleryid&quot;:1,&quot;description&quot;:&quot;&quot;,&quot;alttext&quot;:&quot;Feira dos Artes\\u00e3os Valencianos \\u00e9 realizada no Terminal Rodovi\\u00e1rio&quot;,&quot;thumbnailURL&quot;:&quot;https:\\\/\\\/portalv1.com.br\\\/app\\\/wp-content\\\/uploads\\\/2021\\\/11\\\/IMG_3072-400x250.jpg&quot;,&quot;style&quot;:&quot;&quot;},{&quot;thumbcode&quot;:&quot;https:\\\/\\\/portalv1.com.br\\\/app\\\/wp-content\\\/uploads\\\/2021\\\/11\\\/IMG_3077-400x250.jpg&quot;,&quot;imageURL&quot;:&quot;https:\\\/\\\/portalv1.com.br\\\/app\\\/wp-content\\\/uploads\\\/2021\\\/11\\\/IMG_3077.jpg&quot;,&quot;pid&quot;:105968,&quot;galleryid&quot;:1,&quot;description&quot;:&quot;&quot;,&quot;alttext&quot;:&quot;Feira dos Artes\\u00e3os Valencianos \\u00e9 realizada no Terminal Rodovi\\u00e1rio&quot;,&quot;thumbnailURL&quot;:&quot;https:\\\/\\\/portalv1.com.br\\\/app\\\/wp-content\\\/uploads\\\/2021\\\/11\\\/IMG_3077-400x250.jpg&quot;,&quot;style&quot;:&quot;&quot;},{&quot;thumbcode&quot;:&quot;https:\\\/\\\/portalv1.com.br\\\/app\\\/wp-content\\\/uploads\\\/2021\\\/11\\\/IMG_3083-400x250.jpg&quot;,&quot;imageURL&quot;:&quot;https:\\\/\\\/portalv1.com.br\\\/app\\\/wp-content\\\/uploads\\\/2021\\\/11\\\/IMG_3083.jpg&quot;,&quot;pid&quot;:105969,&quot;galleryid&quot;:1,&quot;description&quot;:&quot;&quot;,&quot;alttext&quot;:&quot;Feira dos Artes\\u00e3os Valencianos \\u00e9 realizada no Terminal Rodovi\\u00e1rio&quot;,&quot;thumbnailURL&quot;:&quot;https:\\\/\\\/portalv1.com.br\\\/app\\\/wp-content\\\/uploads\\\/2021\\\/11\\\/IMG_3083-400x250.jpg&quot;,&quot;style&quot;:&quot;&quot;},{&quot;thumbcode&quot;:&quot;https:\\\/\\\/portalv1.com.br\\\/app\\\/wp-content\\\/uploads\\\/2021\\\/11\\\/IMG_3087-400x250.jpg&quot;,&quot;imageURL&quot;:&quot;https:\\\/\\\/portalv1.com.br\\\/app\\\/wp-content\\\/uploads\\\/2021\\\/11\\\/IMG_3087.jpg&quot;,&quot;pid&quot;:105970,&quot;galleryid&quot;:1,&quot;description&quot;:&quot;&quot;,&quot;alttext&quot;:&quot;Feira dos Artes\\u00e3os Valencianos \\u00e9 realizada no Terminal Rodovi\\u00e1rio&quot;,&quot;thumbnailURL&quot;:&quot;https:\\\/\\\/portalv1.com.br\\\/app\\\/wp-content\\\/uploads\\\/2021\\\/11\\\/IMG_3087-400x250.jpg&quot;,&quot;style&quot;:&quot;&quot;},{&quot;thumbcode&quot;:&quot;https:\\\/\\\/portalv1.com.br\\\/app\\\/wp-content\\\/uploads\\\/2021\\\/11\\\/IMG_3091-400x250.jpg&quot;,&quot;imageURL&quot;:&quot;https:\\\/\\\/portalv1.com.br\\\/app\\\/wp-content\\\/uploads\\\/2021\\\/11\\\/IMG_3091.jpg&quot;,&quot;pid&quot;:105971,&quot;galleryid&quot;:1,&quot;description&quot;:&quot;&quot;,&quot;alttext&quot;:&quot;Feira dos Artes\\u00e3os Valencianos \\u00e9 realizada no Terminal Rodovi\\u00e1rio&quot;,&quot;thumbnailURL&quot;:&quot;https:\\\/\\\/portalv1.com.br\\\/app\\\/wp-content\\\/uploads\\\/2021\\\/11\\\/IMG_3091-400x250.jpg&quot;,&quot;style&quot;:&quot;&quot;}]}}\"><\/div>\n                  <\/div>\n","protected":false},"excerpt":{"rendered":"<p>Prefeitura Municipal de Valen\u00e7a do Piau\u00ed por meio da Secretaria de Cultura realizou na manh\u00e3 deste s\u00e1bado 27 de novembro, a Feira dos Artes\u00e3os Valencianos no Terminal Rodovi\u00e1rio. A feira&#8230;<\/p>\n","protected":false},"author":1,"featured_media":105968,"comment_status":"open","ping_status":"open","sticky":false,"template":"","format":"standard","meta":{"ngg_post_thumbnail":0,"footnotes":""},"categories":[243],"tags":[],"class_list":["post-105916","post","type-post","status-publish","format-standard","has-post-thumbnail","hentry","category-geral"],"views":1020,"meta_data":{"thumb":"https:\/\/portalv1.com.br\/app\/wp-content\/uploads\/2021\/11\/IMG_3077.jpg","imagem":{"fullsize":{"url":"https:\/\/portalv1.com.br\/app\/wp-content\/uploads\/2021\/11\/IMG_3077.jpg","width":1024,"height":683},"medium":{"url":"https:\/\/portalv1.com.br\/app\/wp-content\/uploads\/2021\/11\/IMG_3077-300x200.jpg","width":300,"height":200},"large":{"url":"https:\/\/portalv1.com.br\/app\/wp-content\/uploads\/2021\/11\/IMG_3077-640x427.jpg","width":640,"height":427},"thumbnail":{"url":"https:\/\/portalv1.com.br\/app\/wp-content\/uploads\/2021\/11\/IMG_3077-100x100.jpg","width":100,"height":100},"medium_large":{"url":"https:\/\/portalv1.com.br\/app\/wp-content\/uploads\/2021\/11\/IMG_3077-768x512.jpg","width":768,"height":512}},"data":{"simple":"27\/11\/2021","date_time":"27\/11\/2021 11:14:55","date":"h\u00e1 4 anos"},"chapeu":"FOTOS ","source":"slide"},"_links":{"self":[{"href":"https:\/\/portalv1.com.br\/api\/wp\/v2\/posts\/105916","targetHints":{"allow":["GET"]}}],"collection":[{"href":"https:\/\/portalv1.com.br\/api\/wp\/v2\/posts"}],"about":[{"href":"https:\/\/portalv1.com.br\/api\/wp\/v2\/types\/post"}],"author":[{"embeddable":true,"href":"https:\/\/portalv1.com.br\/api\/wp\/v2\/users\/1"}],"replies":[{"embeddable":true,"href":"https:\/\/portalv1.com.br\/api\/wp\/v2\/comments?post=105916"}],"version-history":[{"count":0,"href":"https:\/\/portalv1.com.br\/api\/wp\/v2\/posts\/105916\/revisions"}],"wp:featuredmedia":[{"embeddable":true,"href":"https:\/\/portalv1.com.br\/api\/wp\/v2\/media\/105968"}],"wp:attachment":[{"href":"https:\/\/portalv1.com.br\/api\/wp\/v2\/media?parent=105916"}],"wp:term":[{"taxonomy":"category","embeddable":true,"href":"https:\/\/portalv1.com.br\/api\/wp\/v2\/categories?post=105916"},{"taxonomy":"post_tag","embeddable":true,"href":"https:\/\/portalv1.com.br\/api\/wp\/v2\/tags?post=105916"}],"curies":[{"name":"wp","href":"https:\/\/api.w.org\/{rel}","templated":true}]}}