{"id":106583,"date":"2021-12-08T11:02:57","date_gmt":"2021-12-08T14:02:57","guid":{"rendered":"https:\/\/portalv1.com.br\/?p=106583"},"modified":"2021-12-08T11:02:57","modified_gmt":"2021-12-08T14:02:57","slug":"novo-decreto-determina-corte-salarial-para-o-servidor-que-nao-tomar-vacina","status":"publish","type":"post","link":"https:\/\/portalv1.com.br\/novo-decreto-determina-corte-salarial-para-o-servidor-que-nao-tomar-vacina\/","title":{"rendered":"Novo decreto determina corte salarial para o servidor que n\u00e3o tomar vacina"},"content":{"rendered":"<p>O servidor p\u00fablico estadual ser\u00e1 punido com corte salarial se n\u00e3o apresentar o comprovante de vacina\u00e7\u00e3o contra a Covid-19. A medida \u00e9 uma determina\u00e7\u00e3o do governador Wellington Dias (PT), atrav\u00e9s do decreto n\u00ba 20.231, publicado nesta ter\u00e7a-feira (07\/12) no Di\u00e1rio Oficial do Estado.&nbsp;<\/p>\n<p>De acordo com o documento, todos os servidores e empregados p\u00fablicos dever\u00e3o comprovar no m\u00ednimo duas doses ou dose \u00fanica de vacina contra o novo coronav\u00edrus.&nbsp;<\/p>\n<p>&#8220;O servidor perder\u00e1 a remunera\u00e7\u00e3o dos dias em que faltar ao servi\u00e7o por n\u00e3o apresentar o passaporte de vacina\u00e7\u00e3o [&#8230;] sob pena de cometer viola\u00e7\u00e3o grave a dever funcional&#8221;, diz trecho do decreto publicado pelo Governo do Piau\u00ed.<\/p>\n<p>A nova investida do governo \u00e9 para barrar a onda de negacionistas e de pessoas que resistem a tomar o imunizante. No Piau\u00ed, cerca de 240 mil piauienses est\u00e3o com a vacina\u00e7\u00e3o atrasada.<\/p>\n<p>O decreto entrou em vigor no dia 7 de dezembro.&nbsp;<\/p>\n<p><a href=\"https:\/\/cidadeverde.com\/assets\/uploads\/files\/doe%202021(12.07).pmd_1638965548.pdf\" target=\"_blank\" rel=\"noopener\">Clique aqui<\/a>&nbsp;e confira o decreto.&nbsp;<\/p>\n<p>Fonte: cidade verde&nbsp;<\/p>\n","protected":false},"excerpt":{"rendered":"<p>O servidor p\u00fablico estadual ser\u00e1 punido com corte salarial se n\u00e3o apresentar o comprovante de vacina\u00e7\u00e3o contra a Covid-19. A medida \u00e9 uma determina\u00e7\u00e3o do governador Wellington Dias (PT), atrav\u00e9s&#8230;<\/p>\n","protected":false},"author":1,"featured_media":106584,"comment_status":"open","ping_status":"open","sticky":false,"template":"","format":"standard","meta":{"ngg_post_thumbnail":0,"footnotes":""},"categories":[243],"tags":[],"class_list":["post-106583","post","type-post","status-publish","format-standard","has-post-thumbnail","hentry","category-geral"],"views":625,"meta_data":{"thumb":"https:\/\/portalv1.com.br\/app\/wp-content\/uploads\/2021\/12\/PASSAPORTE.jpg","imagem":{"fullsize":{"url":"https:\/\/portalv1.com.br\/app\/wp-content\/uploads\/2021\/12\/PASSAPORTE.jpg","width":790,"height":526},"medium":{"url":"https:\/\/portalv1.com.br\/app\/wp-content\/uploads\/2021\/12\/PASSAPORTE-300x200.jpg","width":300,"height":200},"large":{"url":"https:\/\/portalv1.com.br\/app\/wp-content\/uploads\/2021\/12\/PASSAPORTE-640x426.jpg","width":640,"height":426},"thumbnail":{"url":"https:\/\/portalv1.com.br\/app\/wp-content\/uploads\/2021\/12\/PASSAPORTE-100x100.jpg","width":100,"height":100},"medium_large":{"url":"https:\/\/portalv1.com.br\/app\/wp-content\/uploads\/2021\/12\/PASSAPORTE-768x511.jpg","width":768,"height":511}},"data":{"simple":"08\/12\/2021","date_time":"08\/12\/2021 08:02:57","date":"h\u00e1 4 anos"},"chapeu":"VEJA DECRETO ","source":"slide"},"_links":{"self":[{"href":"https:\/\/portalv1.com.br\/api\/wp\/v2\/posts\/106583","targetHints":{"allow":["GET"]}}],"collection":[{"href":"https:\/\/portalv1.com.br\/api\/wp\/v2\/posts"}],"about":[{"href":"https:\/\/portalv1.com.br\/api\/wp\/v2\/types\/post"}],"author":[{"embeddable":true,"href":"https:\/\/portalv1.com.br\/api\/wp\/v2\/users\/1"}],"replies":[{"embeddable":true,"href":"https:\/\/portalv1.com.br\/api\/wp\/v2\/comments?post=106583"}],"version-history":[{"count":0,"href":"https:\/\/portalv1.com.br\/api\/wp\/v2\/posts\/106583\/revisions"}],"wp:featuredmedia":[{"embeddable":true,"href":"https:\/\/portalv1.com.br\/api\/wp\/v2\/media\/106584"}],"wp:attachment":[{"href":"https:\/\/portalv1.com.br\/api\/wp\/v2\/media?parent=106583"}],"wp:term":[{"taxonomy":"category","embeddable":true,"href":"https:\/\/portalv1.com.br\/api\/wp\/v2\/categories?post=106583"},{"taxonomy":"post_tag","embeddable":true,"href":"https:\/\/portalv1.com.br\/api\/wp\/v2\/tags?post=106583"}],"curies":[{"name":"wp","href":"https:\/\/api.w.org\/{rel}","templated":true}]}}