{"id":106892,"date":"2021-12-14T09:26:33","date_gmt":"2021-12-14T12:26:33","guid":{"rendered":"https:\/\/portalv1.com.br\/?p=106892"},"modified":"2021-12-14T09:28:23","modified_gmt":"2021-12-14T12:28:23","slug":"cbj-anuncia-sarah-menezes-como-nova-tecnica-da-selecao-brasileira-de-judo","status":"publish","type":"post","link":"https:\/\/portalv1.com.br\/cbj-anuncia-sarah-menezes-como-nova-tecnica-da-selecao-brasileira-de-judo\/","title":{"rendered":"CBJ anuncia Sarah Menezes como nova t\u00e9cnica da sele\u00e7\u00e3o brasileira de jud\u00f4"},"content":{"rendered":"<p><a href=\"https:\/\/portalv1.com.br\/app\/wp-content\/uploads\/2021\/12\/sara.jpg\"><img loading=\"lazy\" decoding=\"async\" class=\"aligncenter size-large wp-image-106893\" src=\"https:\/\/portalv1.com.br\/app\/wp-content\/uploads\/2021\/12\/sara-640x331.jpg\" alt=\"\" width=\"600\" height=\"310\" srcset=\"https:\/\/portalv1.com.br\/app\/wp-content\/uploads\/2021\/12\/sara-640x331.jpg 640w, https:\/\/portalv1.com.br\/app\/wp-content\/uploads\/2021\/12\/sara-300x155.jpg 300w, https:\/\/portalv1.com.br\/app\/wp-content\/uploads\/2021\/12\/sara-768x398.jpg 768w, https:\/\/portalv1.com.br\/app\/wp-content\/uploads\/2021\/12\/sara.jpg 790w\" sizes=\"auto, (max-width: 600px) 100vw, 600px\" \/><\/a>A judoca campe\u00e3 ol\u00edmpica Sarah Menezes ser\u00e1 a nova t\u00e9cnica da Sele\u00e7\u00e3o Brasileira. A not\u00edcia foi confirmada pela CBJ (Confedera\u00e7\u00e3o Brasileira de Jud\u00f4) na noite desta segunda-feira (13) junto com os nomes dos treinadores Ant\u00f4nio Carlos \u201cKiko\u201d Pereira, Andrea Berti e informado que os tr\u00eas ser\u00e3o apresentados pela Confedera\u00e7\u00e3o como novos integrantes da comiss\u00e3o t\u00e9cnica da sele\u00e7\u00e3o brasileira principal de jud\u00f4 para o ciclo Paris 2024, nesta ter\u00e7a-feira, 14, durante a abertura da Seletiva Nacional, em Pindamonhangaba (SP). A CBJ far\u00e1 ainda uma homenagem especial \u00e0 comiss\u00e3o t\u00e9cnica do ciclo T\u00f3quio 2020 na mesma ocasi\u00e3o.&nbsp;&nbsp;<\/p>\n<p>Em 2021, Sarah Menezes completou oito anos da conquita do ouro ol\u00edmpico em Londres-12. A judoca tamb\u00e9m comemorou o nascimento de sua primeira filha e viu sua carreira mudar de atleta para comentarista de TV e com isso Sarah come\u00e7ou a repensar como seria sua trilha fora dos tatames. Sarah est\u00e1 com 31 anos de idade e decidiu se aposentar em 2020 e no m\u00eas de maio desse ano teve sua primeira filha.&nbsp;<\/p>\n<p>Primeira campe\u00e3 ol\u00edmpica do jud\u00f4 feminino do Brasil, Sarah Menezes ser\u00e1 a treinadora principal da sele\u00e7\u00e3o feminina que briga por vagas e in\u00edcia de forma oficial o ciclo at\u00e9 os Jogos Ol\u00edmpicos de Paris-24, ao lado de Andrea Berti, que sair\u00e1 da sele\u00e7\u00e3o j\u00fanior para assumir o posto de coordenadora t\u00e9cnica da equipe principal feminina.&nbsp;<\/p>\n<p>J\u00e1 a sele\u00e7\u00e3o masculina ser\u00e1 comandada por Kiko Pereira, um dos treinadores mais vitoriosos do jud\u00f4 brasileiro, t\u00e9cnico formador do mais novo medalhista ol\u00edmpico do Brasil, Daniel Cargnin, al\u00e9m da trimedalhista ol\u00edmpica, Mayra Aguiar, e do bicampe\u00e3o mundial, Jo\u00e3o Derly. A japonesa Yuko Fujii, que entrou para hist\u00f3ria como a primeira mulher treinadora de uma sele\u00e7\u00e3o masculina de jud\u00f4 do Brasil, assumir\u00e1 o posto de coordenadora t\u00e9cnica da equipe masculina para Paris 2024.&nbsp;&nbsp;<\/p>\n<p><a href=\"https:\/\/portalv1.com.br\/app\/wp-content\/uploads\/2021\/12\/sarah.jpg\"><img loading=\"lazy\" decoding=\"async\" class=\"aligncenter size-large wp-image-106894\" src=\"https:\/\/portalv1.com.br\/app\/wp-content\/uploads\/2021\/12\/sarah-640x426.jpg\" alt=\"\" width=\"600\" height=\"399\" srcset=\"https:\/\/portalv1.com.br\/app\/wp-content\/uploads\/2021\/12\/sarah-640x426.jpg 640w, https:\/\/portalv1.com.br\/app\/wp-content\/uploads\/2021\/12\/sarah-300x200.jpg 300w, https:\/\/portalv1.com.br\/app\/wp-content\/uploads\/2021\/12\/sarah-768x511.jpg 768w, https:\/\/portalv1.com.br\/app\/wp-content\/uploads\/2021\/12\/sarah.jpg 790w\" sizes=\"auto, (max-width: 600px) 100vw, 600px\" \/><\/a><\/p>\n<p><strong>Hist\u00f3rico&nbsp;<\/strong><\/p>\n<p>No de 2012, a piauiense Sarah Menezes anotou seu nome na hist\u00f3ria como a primeira brasileira a ganhar a medalha de ouro ol\u00edmpica no jud\u00f4 e ainda quebrou um jejum de duas d\u00e9cadas da modalidade, que tinha subido no lugar mais alto do p\u00f3dio pela \u00faltima vez com Rog\u00e9rio Sampaio em Barcelona-1992.&nbsp;<\/p>\n<p>Em 2016 no Rio de Janeiro, a judoca n\u00e3o conseguiu repetir o feito e parou nas quartas-de-final. Nada, no entanto, que desanimasse a atleta de 26 anos. Em busca de novos desafios, ela resolveu mudar de categoria com um sonho na cabe\u00e7a: \u201cser bicampe\u00e3 ol\u00edmpica&#8221; e chegou a trocar de peso, subiu da categoria ligeiro (-48kg) para meio-leve (-52kg). Por\u00e9m em meio ao caminho at\u00e9 T\u00f3quio-20 a piauiense decidiu se aposentar e engravidou o esposo e tamb\u00e9m judoca Loic Pietri e teve sua filha no m\u00eas de maio desse ano.&nbsp;<\/p>\n<p>Fonte: cidade verde<\/p>\n","protected":false},"excerpt":{"rendered":"<p>A judoca campe\u00e3 ol\u00edmpica Sarah Menezes ser\u00e1 a nova t\u00e9cnica da Sele\u00e7\u00e3o Brasileira. A not\u00edcia foi confirmada pela CBJ (Confedera\u00e7\u00e3o Brasileira de Jud\u00f4) na noite desta segunda-feira (13) junto com&#8230;<\/p>\n","protected":false},"author":1,"featured_media":106893,"comment_status":"open","ping_status":"open","sticky":false,"template":"","format":"standard","meta":{"ngg_post_thumbnail":0,"footnotes":""},"categories":[243],"tags":[],"class_list":["post-106892","post","type-post","status-publish","format-standard","has-post-thumbnail","hentry","category-geral"],"views":146,"meta_data":{"thumb":"https:\/\/portalv1.com.br\/app\/wp-content\/uploads\/2021\/12\/sara.jpg","imagem":{"fullsize":{"url":"https:\/\/portalv1.com.br\/app\/wp-content\/uploads\/2021\/12\/sara.jpg","width":790,"height":409},"medium":{"url":"https:\/\/portalv1.com.br\/app\/wp-content\/uploads\/2021\/12\/sara-300x155.jpg","width":300,"height":155},"large":{"url":"https:\/\/portalv1.com.br\/app\/wp-content\/uploads\/2021\/12\/sara-640x331.jpg","width":640,"height":331},"thumbnail":{"url":"https:\/\/portalv1.com.br\/app\/wp-content\/uploads\/2021\/12\/sara-100x100.jpg","width":100,"height":100},"medium_large":{"url":"https:\/\/portalv1.com.br\/app\/wp-content\/uploads\/2021\/12\/sara-768x398.jpg","width":768,"height":398}},"data":{"simple":"14\/12\/2021","date_time":"14\/12\/2021 06:26:33","date":"h\u00e1 4 anos"},"chapeu":"Veja detalhes ","source":"m_destacada"},"_links":{"self":[{"href":"https:\/\/portalv1.com.br\/api\/wp\/v2\/posts\/106892","targetHints":{"allow":["GET"]}}],"collection":[{"href":"https:\/\/portalv1.com.br\/api\/wp\/v2\/posts"}],"about":[{"href":"https:\/\/portalv1.com.br\/api\/wp\/v2\/types\/post"}],"author":[{"embeddable":true,"href":"https:\/\/portalv1.com.br\/api\/wp\/v2\/users\/1"}],"replies":[{"embeddable":true,"href":"https:\/\/portalv1.com.br\/api\/wp\/v2\/comments?post=106892"}],"version-history":[{"count":0,"href":"https:\/\/portalv1.com.br\/api\/wp\/v2\/posts\/106892\/revisions"}],"wp:featuredmedia":[{"embeddable":true,"href":"https:\/\/portalv1.com.br\/api\/wp\/v2\/media\/106893"}],"wp:attachment":[{"href":"https:\/\/portalv1.com.br\/api\/wp\/v2\/media?parent=106892"}],"wp:term":[{"taxonomy":"category","embeddable":true,"href":"https:\/\/portalv1.com.br\/api\/wp\/v2\/categories?post=106892"},{"taxonomy":"post_tag","embeddable":true,"href":"https:\/\/portalv1.com.br\/api\/wp\/v2\/tags?post=106892"}],"curies":[{"name":"wp","href":"https:\/\/api.w.org\/{rel}","templated":true}]}}