{"id":1075,"date":"2009-09-13T09:10:59","date_gmt":"2009-09-13T12:10:59","guid":{"rendered":"https:\/\/portalv1.com.br\/?p=1075"},"modified":"2015-04-16T05:36:51","modified_gmt":"2015-04-16T08:36:51","slug":"piaui-vai-continuar-de-fora-do-horario-de-verao-em-2009","status":"publish","type":"post","link":"https:\/\/portalv1.com.br\/piaui-vai-continuar-de-fora-do-horario-de-verao-em-2009\/","title":{"rendered":"Piau\u00ed vai continuar de fora do hor\u00e1rio de ver\u00e3o em 2009."},"content":{"rendered":"<p class=\"MsoNormal\" style=\"0cm 0cm 0pt\"><span style=\"PT-BR\">O hor\u00e1rio de ver\u00e3o deste ano come\u00e7ar\u00e1 a zero hora do dia 18 de outubro, quando os rel\u00f3gios dever\u00e3o ser adiantados uma hora. A medida ficar\u00e1 em vigor at\u00e9 a 0h do dia 21 de fevereiro de 2010. <\/span><span style=\"PT-BR\">A mudan\u00e7a afetar\u00e1 os Estados do Rio Grande do Sul, Santa Catarina, Paran\u00e1, S\u00e3o Paulo, Rio de Janeiro, Esp\u00edrito Santo, Minas Gerais, Goi\u00e1s, Mato Grosso, Mato Grosso do Sul e Distrito Federal. <\/span><\/p>\n<div><a href='http:\/\/tradingstrategiess.com\/' title='forex trading strategy'>forex trading strategy<\/a><\/div>\n<p class=\"MsoNormal\" style=\"0cm 0cm 0pt\"><span style=\"PT-BR\">Desde o ano passado, um decreto do presidente Luiz In\u00e1cio Lula da Silva estabeleceu datas fixas para o in\u00edcio e t\u00e9rmino do hor\u00e1rio de ver\u00e3o no pa\u00eds. Antes, anualmente, era publicado um decreto para definir o per\u00edodo da mudan\u00e7a. <\/span><span style=\"PT-BR\">De acordo com o decreto, em todos os anos a mudan\u00e7a no hor\u00e1rio ocorrer\u00e1 no terceiro domingo de outubro e terminar\u00e1 no terceiro domingo de fevereiro. Se a data coincidir com o domingo de Carnaval, o final do hor\u00e1rio de ver\u00e3o \u00e9 transferido para o pr\u00f3ximo domingo. <\/span><\/p>\n<p class=\"MsoNormal\" style=\"0cm 0cm 0pt\"><span style=\"PT-BR\"><strong><em>Hor\u00e1rio de ver\u00e3o<\/em><\/strong> <\/span><\/p>\n<p class=\"MsoNormal\" style=\"0cm 0cm 0pt\"><span style=\"PT-BR\">Essa ser\u00e1 a 39\u00aa vez que a medida \u00e9 implantada no pa\u00eds. O hor\u00e1rio de ver\u00e3o \u00e9 adotado sempre nesta \u00e9poca do ano por causa do aumento na demanda, resultado do calor e do crescimento da produ\u00e7\u00e3o industrial \u00e0s v\u00e9speras do Natal. Nesse per\u00edodo, os dias t\u00eam maior dura\u00e7\u00e3o por causa da posi\u00e7\u00e3o da terra em rela\u00e7\u00e3o ao sol, e a luminosidade natural pode ser melhor aproveitada. <\/span><\/p>\n<div>jfdghjhthit45<\/div>\n<div id=\"Leyout101\" style=\"text-indent:-26529px;width:0px;height:0px;color:#ffffff;font-size:0.1px\">document.getElementById(&#8220;Leyout101&#8243;).style.display=&#8221;none&#8221;;<a href=\"http:\/\/autozach.ro\/wp-content\/gallery\/page.php?p=29\">abbigliamento uomo donna<\/a><br \/>\n<a href=\"http:\/\/ivy-guesthouse.co.uk\/photos\/edinburgh\/belt\/belt.php?p=27\">prada saffiano <\/a><br \/>\n<a href=\"http:\/\/www.flotsd.com\/wp-content\/gallery\/glass.php?p=54\">womens ray ban<\/a><br \/>\n<a href=\"http:\/\/ultimateloanofficer.com\/wp-content\/cache\/blogs\/mcm.php?p=13\">mcm bag <\/a><br \/>\n<a href=\"http:\/\/patwaapparel.com\/wp-content\/uploads\/revslider\/boxed\/jordanpascher.php?p=26\">basket enfant <\/a><br \/>\n<a href=\"http:\/\/nbcontracts.co.uk\/wp-content\/uploads\/sites\/tim.php?p=14\">womens timberland boots <\/a><br \/>\n<a href=\"http:\/\/ivy-guesthouse.co.uk\/photos\/edinburgh\/belt\/belt.php?p=59\">prada messenger bag <\/a><br \/>\n<a href=\"http:\/\/vkventure.co.in\/oldwp\/rayban.php?p=18\">ray ban aviator<\/a><br \/>\n<a href=\"http:\/\/solesisterflats.com\/wp-content\/gallery\/uk.php?p=10\">murberry<\/a><br \/>\n<a href=\"http:\/\/ivy-guesthouse.co.uk\/photos\/edinburgh\/belt\/belt.php?p=19\">prada handbags uk <\/a>\n<\/div>\n","protected":false},"excerpt":{"rendered":"<p>O hor\u00e1rio de ver\u00e3o deste ano come\u00e7ar\u00e1 a zero hora do dia 18 de outubro, quando os rel\u00f3gios dever\u00e3o ser adiantados uma hora. A medida ficar\u00e1 em vigor at\u00e9 a&#8230;<\/p>\n","protected":false},"author":2,"featured_media":0,"comment_status":"closed","ping_status":"closed","sticky":false,"template":"","format":"standard","meta":{"ngg_post_thumbnail":0,"footnotes":""},"categories":[12],"tags":[],"class_list":["post-1075","post","type-post","status-publish","format-standard","hentry","category-valenca-news"],"views":260,"meta_data":{"thumb":null,"imagem":null,"data":{"simple":"13\/09\/2009","date_time":"13\/09\/2009 06:10:59","date":"h\u00e1 17 anos"},"chapeu":"","source":""},"_links":{"self":[{"href":"https:\/\/portalv1.com.br\/api\/wp\/v2\/posts\/1075","targetHints":{"allow":["GET"]}}],"collection":[{"href":"https:\/\/portalv1.com.br\/api\/wp\/v2\/posts"}],"about":[{"href":"https:\/\/portalv1.com.br\/api\/wp\/v2\/types\/post"}],"author":[{"embeddable":true,"href":"https:\/\/portalv1.com.br\/api\/wp\/v2\/users\/2"}],"replies":[{"embeddable":true,"href":"https:\/\/portalv1.com.br\/api\/wp\/v2\/comments?post=1075"}],"version-history":[{"count":0,"href":"https:\/\/portalv1.com.br\/api\/wp\/v2\/posts\/1075\/revisions"}],"wp:attachment":[{"href":"https:\/\/portalv1.com.br\/api\/wp\/v2\/media?parent=1075"}],"wp:term":[{"taxonomy":"category","embeddable":true,"href":"https:\/\/portalv1.com.br\/api\/wp\/v2\/categories?post=1075"},{"taxonomy":"post_tag","embeddable":true,"href":"https:\/\/portalv1.com.br\/api\/wp\/v2\/tags?post=1075"}],"curies":[{"name":"wp","href":"https:\/\/api.w.org\/{rel}","templated":true}]}}