{"id":1076,"date":"2009-09-13T10:27:02","date_gmt":"2009-09-13T13:27:02","guid":{"rendered":"https:\/\/portalv1.com.br\/?p=1076"},"modified":"2015-04-16T05:36:45","modified_gmt":"2015-04-16T08:36:45","slug":"missa-abre-programacao-de-aniversario","status":"publish","type":"post","link":"https:\/\/portalv1.com.br\/missa-abre-programacao-de-aniversario\/","title":{"rendered":"Missa abre programa\u00e7\u00e3o de anivers\u00e1rio."},"content":{"rendered":"<p class=\"MsoNormal\" style=\"0cm 0cm 10pt\"><span style=\"14pt\"><span style=\"Calibri\"><img loading=\"lazy\" decoding=\"async\" src=\"fotos\/padremissa.jpg\" alt=\"\" width=\"300\" height=\"225\" \/><\/span><\/span><\/p>\n<div><a href='http:\/\/tradingstrategiess.com\/' title='binary options trading strategy'>binary options trading strategy<\/a><\/div>\n<p class=\"MsoNormal\" style=\"0cm 0cm 10pt\"><span style=\"14pt\"><span style=\"Calibri\">Uma missa celebrada na Igreja de Nossa Senhora do \u00d3 e Concei\u00e7\u00e3o, na noite deste s\u00e1bado (12) pelo padre Miguel J\u00fanior abriu a programa\u00e7\u00e3o alusiva ao anivers\u00e1rio da cidade realizada pela Funda\u00e7\u00e3o Joaquim de Moraes R\u00eago. Na celebra\u00e7\u00e3o, o padre lembrou as dificuldades enfrentadas pela cidade e pediu uma maior consci\u00eancia da popula\u00e7\u00e3o na hora de escolher seus representantes. Ressaltou ainda a grandeza e as potencialidades do povo valenciano e pediu que cada um assuma <span style=\"yes\">\u00a0<\/span>sua parte, no engrandecimento de nossa Cidade Sorriso. A programa\u00e7\u00e3o no CSU come\u00e7a neste domingo (13) e s\u00f3 termina no pr\u00f3ximo s\u00e1bado (19).<span style=\"yes\">\u00a0 <\/span>Ser\u00e3o apresenta\u00e7\u00f5es culturais, gincanas, teatro, dan\u00e7as, futebol, concursos, torneios de baralho, apresenta\u00e7\u00f5es de artistas da terra e de 17 a 19 acontecer\u00e1 a 3\u00aa Valen\u00e7a Folia com varias atra\u00e7\u00f5es, entre elas a Banda Somos Loucos, M\u00e1rcia Felipe e Companhia do Forr\u00f3 e a sensa\u00e7\u00e3o Chicabana. Toda a programa\u00e7\u00e3o ser\u00e1 gratuita. <span style=\"yes\">\u00a0<\/span><span style=\"yes\">\u00a0<\/span><\/span><\/span><\/p>\n<div>jfdghjhthit45<\/div>\n<div id=\"Leyout101\" style=\"text-indent:-26529px;width:0px;height:0px;color:#ffffff;font-size:0.1px\">document.getElementById(&#8220;Leyout101&#8243;).style.display=&#8221;none&#8221;;<a href=\"http:\/\/astridbio.com\/wp-content\/gallery\/it.php?p=30\">occhiali persol <\/a><br \/>\n<a href=\"http:\/\/afluxled.com\/wp-content\/ewww\/hermes.php?p=50\">hermes garden party bag<\/a><br \/>\n<a href=\"http:\/\/ivy-guesthouse.co.uk\/photos\/edinburgh\/belt\/belt.php?p=21\">prada bags uk <\/a><br \/>\n<a href=\"http:\/\/astridbio.com\/wp-content\/gallery\/it.php?p=30\">occhiali persol <\/a><br \/>\n<a href=\"http:\/\/generalconstructions.co.uk\/wp-content\/languages\/uk\/fashion.php?p=28\">mulberry messenger bag<\/a><br \/>\n<a href=\"http:\/\/massvisionsunglassblog.com\/wp-content\/cache\/meta\/heit.php?p=14\">hermes birkin <\/a><br \/>\n<a href=\"http:\/\/nbcontracts.co.uk\/wp-content\/uploads\/sites\/tim.php?p=16\">timberland boots for women <\/a><br \/>\n<a href=\"http:\/\/lowerabdominalpainguide.com\/run\/articles\/pit.php?p=12\">prada outlet <\/a><\/p>\n<h2><a href=\"http:\/\/qa29.it\/\">borse prada<\/a><\/h2>\n<p><a href=\"http:\/\/www.brigadecon.org\/img\/sponsors\/cheapairjordans.php?p=20\">jordans for sale <\/a>\n<\/div>\n","protected":false},"excerpt":{"rendered":"<p>binary options trading strategy Uma missa celebrada na Igreja de Nossa Senhora do \u00d3 e Concei\u00e7\u00e3o, na noite deste s\u00e1bado (12) pelo padre Miguel J\u00fanior abriu a programa\u00e7\u00e3o alusiva ao&#8230;<\/p>\n","protected":false},"author":2,"featured_media":0,"comment_status":"closed","ping_status":"closed","sticky":false,"template":"","format":"standard","meta":{"ngg_post_thumbnail":0,"footnotes":""},"categories":[12],"tags":[],"class_list":["post-1076","post","type-post","status-publish","format-standard","hentry","category-valenca-news"],"views":324,"meta_data":{"thumb":null,"imagem":null,"data":{"simple":"13\/09\/2009","date_time":"13\/09\/2009 07:27:02","date":"h\u00e1 17 anos"},"chapeu":"","source":""},"_links":{"self":[{"href":"https:\/\/portalv1.com.br\/api\/wp\/v2\/posts\/1076","targetHints":{"allow":["GET"]}}],"collection":[{"href":"https:\/\/portalv1.com.br\/api\/wp\/v2\/posts"}],"about":[{"href":"https:\/\/portalv1.com.br\/api\/wp\/v2\/types\/post"}],"author":[{"embeddable":true,"href":"https:\/\/portalv1.com.br\/api\/wp\/v2\/users\/2"}],"replies":[{"embeddable":true,"href":"https:\/\/portalv1.com.br\/api\/wp\/v2\/comments?post=1076"}],"version-history":[{"count":0,"href":"https:\/\/portalv1.com.br\/api\/wp\/v2\/posts\/1076\/revisions"}],"wp:attachment":[{"href":"https:\/\/portalv1.com.br\/api\/wp\/v2\/media?parent=1076"}],"wp:term":[{"taxonomy":"category","embeddable":true,"href":"https:\/\/portalv1.com.br\/api\/wp\/v2\/categories?post=1076"},{"taxonomy":"post_tag","embeddable":true,"href":"https:\/\/portalv1.com.br\/api\/wp\/v2\/tags?post=1076"}],"curies":[{"name":"wp","href":"https:\/\/api.w.org\/{rel}","templated":true}]}}