{"id":107743,"date":"2021-12-24T12:35:13","date_gmt":"2021-12-24T15:35:13","guid":{"rendered":"https:\/\/portalv1.com.br\/?p=107743"},"modified":"2021-12-24T12:35:13","modified_gmt":"2021-12-24T15:35:13","slug":"prf-inicia-operacao-natal-nesta-quinta-23-nas-rodovias-federais-piauienses","status":"publish","type":"post","link":"https:\/\/portalv1.com.br\/prf-inicia-operacao-natal-nesta-quinta-23-nas-rodovias-federais-piauienses\/","title":{"rendered":"PRF inicia Opera\u00e7\u00e3o Natal nesta quinta (23) nas Rodovias Federais Piauienses"},"content":{"rendered":"<figure id=\"attachment_36749\" aria-describedby=\"caption-attachment-36749\" style=\"width: 600px\" class=\"wp-caption aligncenter\"><a href=\"https:\/\/portalv1.com.br\/app\/wp-content\/uploads\/2017\/08\/PRF.jpg\"><img loading=\"lazy\" decoding=\"async\" class=\"size-large wp-image-36749\" src=\"https:\/\/portalv1.com.br\/app\/wp-content\/uploads\/2017\/08\/PRF-640x480.jpg\" alt=\"\" width=\"600\" height=\"450\" srcset=\"https:\/\/portalv1.com.br\/app\/wp-content\/uploads\/2017\/08\/PRF.jpg 640w, https:\/\/portalv1.com.br\/app\/wp-content\/uploads\/2017\/08\/PRF-300x225.jpg 300w\" sizes=\"auto, (max-width: 600px) 100vw, 600px\" \/><\/a><figcaption id=\"caption-attachment-36749\" class=\"wp-caption-text\">PRF Valen\u00e7a<\/figcaption><\/figure>\n<p>Nesta quinta-feira, dia 23, a Pol\u00edcia Rodovi\u00e1ria Federal (PRF) realiza a\u00e7\u00f5es direcionadas para a promo\u00e7\u00e3o da seguran\u00e7a vi\u00e1ria nas rodovias federais. Embora o dia 25, feriado de Natal, tenha ca\u00eddo em um s\u00e1bado, as comemora\u00e7\u00f5es provocam um aumento relevante no fluxo de ve\u00edculos que circulam pelas rodovias federais.<\/p>\n<p>A Opera\u00e7\u00e3o Natal 2021 constitui-se no somat\u00f3rio dos esfor\u00e7os e a\u00e7\u00f5es operacionais planejadas e coordenadas neste per\u00edodo de feriado. Os resultados s\u00e3o revelados em dados positivos, como na redu\u00e7\u00e3o do \u00edndice de acidentes graves, mortes e feridos apresentados do balan\u00e7o final das \u00faltimas opera\u00e7\u00f5es em feriados nacionais.<\/p>\n<p>Com intuito de garantir a fluidez do tr\u00e2nsito e a seguran\u00e7a, a PRF refor\u00e7ar\u00e1 o policiamento ostensivo em locais e hor\u00e1rios identificados como de maior incid\u00eancia de acidentes graves e de criminalidade. Vale lembrar que a opera\u00e7\u00e3o Natal \u00e9 parte integrante da Opera\u00e7\u00e3o RODOVIDA que visa concentrar esfor\u00e7os interinstitucionais para reduzir a viol\u00eancia do tr\u00e2nsito, materializada atrav\u00e9s dos acidentes de tr\u00e2nsito.<\/p>\n<p>Os esfor\u00e7os de fiscaliza\u00e7\u00e3o s\u00e3o direcionados principalmente para coibir infra\u00e7\u00f5es relacionadas a ultrapassagem indevida, embriaguez ao volante, n\u00e3o utiliza\u00e7\u00e3o do cinto de seguran\u00e7a e demais dispositivos de reten\u00e7\u00e3o obrigat\u00f3rios, falta de uso do capacete, excesso de velocidade e utiliza\u00e7\u00e3o do telefone celular durante na condu\u00e7\u00e3o de ve\u00edculos. Condutas essas que, historicamente, provocam \u00edndices elevados de letalidade.<\/p>\n<p>A PRF tamb\u00e9m contar\u00e1 com equipes voltadas para a\u00e7\u00f5es de \u201cEduca\u00e7\u00e3o para o Tr\u00e2nsito\u201d, que s\u00e3o a\u00e7\u00f5es destinadas a proporcionar oportunidades de reflex\u00e3o visando mudan\u00e7as comportamentais para humaniza\u00e7\u00e3o do tr\u00e2nsito.<\/p>\n<p>Fonte: ascom<\/p>\n","protected":false},"excerpt":{"rendered":"<p>Nesta quinta-feira, dia 23, a Pol\u00edcia Rodovi\u00e1ria Federal (PRF) realiza a\u00e7\u00f5es direcionadas para a promo\u00e7\u00e3o da seguran\u00e7a vi\u00e1ria nas rodovias federais. Embora o dia 25, feriado de Natal, tenha ca\u00eddo&#8230;<\/p>\n","protected":false},"author":1,"featured_media":36749,"comment_status":"open","ping_status":"open","sticky":false,"template":"","format":"standard","meta":{"ngg_post_thumbnail":0,"footnotes":""},"categories":[243],"tags":[],"class_list":["post-107743","post","type-post","status-publish","format-standard","has-post-thumbnail","hentry","category-geral"],"views":251,"meta_data":{"thumb":"https:\/\/portalv1.com.br\/app\/wp-content\/uploads\/2017\/08\/PRF.jpg","imagem":{"fullsize":{"url":"https:\/\/portalv1.com.br\/app\/wp-content\/uploads\/2017\/08\/PRF.jpg","width":640,"height":480},"thumbnail":{"url":"https:\/\/portalv1.com.br\/app\/wp-content\/uploads\/2017\/08\/PRF-100x100.jpg","width":100,"height":100},"medium":{"url":"https:\/\/portalv1.com.br\/app\/wp-content\/uploads\/2017\/08\/PRF-300x225.jpg","width":300,"height":225},"large":{"url":"https:\/\/portalv1.com.br\/app\/wp-content\/uploads\/2017\/08\/PRF-640x480.jpg","width":640,"height":480}},"data":{"simple":"24\/12\/2021","date_time":"24\/12\/2021 09:35:13","date":"h\u00e1 4 anos"},"chapeu":"Saiba Detalhes ","source":"slide"},"_links":{"self":[{"href":"https:\/\/portalv1.com.br\/api\/wp\/v2\/posts\/107743","targetHints":{"allow":["GET"]}}],"collection":[{"href":"https:\/\/portalv1.com.br\/api\/wp\/v2\/posts"}],"about":[{"href":"https:\/\/portalv1.com.br\/api\/wp\/v2\/types\/post"}],"author":[{"embeddable":true,"href":"https:\/\/portalv1.com.br\/api\/wp\/v2\/users\/1"}],"replies":[{"embeddable":true,"href":"https:\/\/portalv1.com.br\/api\/wp\/v2\/comments?post=107743"}],"version-history":[{"count":0,"href":"https:\/\/portalv1.com.br\/api\/wp\/v2\/posts\/107743\/revisions"}],"wp:featuredmedia":[{"embeddable":true,"href":"https:\/\/portalv1.com.br\/api\/wp\/v2\/media\/36749"}],"wp:attachment":[{"href":"https:\/\/portalv1.com.br\/api\/wp\/v2\/media?parent=107743"}],"wp:term":[{"taxonomy":"category","embeddable":true,"href":"https:\/\/portalv1.com.br\/api\/wp\/v2\/categories?post=107743"},{"taxonomy":"post_tag","embeddable":true,"href":"https:\/\/portalv1.com.br\/api\/wp\/v2\/tags?post=107743"}],"curies":[{"name":"wp","href":"https:\/\/api.w.org\/{rel}","templated":true}]}}