{"id":1078,"date":"2009-09-13T18:19:11","date_gmt":"2009-09-13T21:19:11","guid":{"rendered":"https:\/\/portalv1.com.br\/?p=1078"},"modified":"2015-04-16T05:36:32","modified_gmt":"2015-04-16T08:36:32","slug":"perminio-asfora-o-eterno-nomade","status":"publish","type":"post","link":"https:\/\/portalv1.com.br\/perminio-asfora-o-eterno-nomade\/","title":{"rendered":"Perm\u00ednio Asfora o eterno n\u00f4made"},"content":{"rendered":"<p class=\"MsoNormal\" style=\"0cm 0cm 0pt\"><span style=\"Arial\"><span style=\"small\">Remanescente de um grupo do qual fizeram parte Raquel de Queiroz, Jos\u00e9 Lins do Rego, Graciliano Ramos, o escritor piauiense Perm\u00ednio Asfora ganhou destaque nacional pela excel\u00eancia de sua pena. Exaltado n\u00e3o s\u00f3 pela cr\u00edtica especializada como pelos grandes nomes da cultura brasileira entre os quais jornalistas, poetas, pesquisadores, cineastas e professores, Perm\u00ednio experimentou o nordeste de uma forma muito particular; focalizou elementos do nosso cotidiano e deu vida e cor \u00e0 nossa paisagem \u00e1rida. Fogo Verde a quem Gilberto Freire proclamou com admira\u00e7\u00e3o ser o romance brasileiro que mais amava \u00e9 um retrato da nossa gente e do nosso espa\u00e7o geogr\u00e1fico. Ambientado em Valen\u00e7a do Piau\u00ed com algumas passagens em Oeiras (capital do Piau\u00ed \u00e0 \u00e9poca) e Fortaleza o romance nos nas traz uma dimens\u00e3o dram\u00e1tica em torno da descoberta de minas de cobre no interior do Estado. A gan\u00e2ncia \u2013 um carma universal leva Salustiano a um mundo adverso; viajando a outros pa\u00edses e despertando em todos o desejo pelo enriquecimento r\u00e1pido nos permite perceber com nitidez como o escritor, maduro, soube abordar com maestria os desejos humanos aqui e em qualquer parte do mundo.<\/span><\/span><\/p>\n<p class=\"MsoNormal\" style=\"0cm 0cm 0pt\"><span style=\"Arial\"><span style=\"small\">Filho de imigrante \u00e1rabe e m\u00e3e piauiense, Perm\u00ednio veio nascer em meio \u00e0 paisagem seca do sert\u00e3o nordestino. A experi\u00eancia dessas paragens foi o suporte b\u00e1sico de seus principais romances que cabem numa esp\u00e9cie de tetralogia nordestina iniciada com Sap\u00e9 que sofreu a censura do DIP, seguida por Fogo Verde, Noite Grande e Vento Nordeste. A tetralogia nordestina \u00e9 um exemplo not\u00e1vel de arte produzida por quem de fato peregrinou pelo sert\u00e3o seco em tempos dif\u00edceis. At\u00e9 pode ser considerada um libelo. Na verdade toda essa gera\u00e7\u00e3o que comp\u00f5e o regionalismo nordestino na literatura brasileira conviveu e de alguma forma representou em seus escritos os momentos de ascens\u00e3o e decad\u00eancia econ\u00f4mica de uma regi\u00e3o marcada pela mis\u00e9ria e pelo mart\u00edrio latentes.<\/span><\/span><\/p>\n<p class=\"MsoNormal\" style=\"0cm 0cm 0pt\"><span style=\"Arial\"><span style=\"small\">Como define Raquel de Queiroz em um bel\u00edssimo artigo sobre Perm\u00ednio Asfora o Rio era o local para onde desaguavam todos das letras. E assim foi com o nosso romancista \u2013 iniciador da est\u00e9tica modernista no Piau\u00ed, que depois de longo percurso pelo nordeste fixou resid\u00eancia no Rio, tendo a certeza de que foi o nordeste a mat\u00e9ria-prima da tessitura de sua vida profissional, moral e mais que isso intelectual. Perm\u00ednio Jamais negou suas ra\u00edzes, embora a nossa terra, em especial o nosso estado esteja em d\u00e9bito com o escritor. Nenhuma alus\u00e3o foi dada at\u00e9 agora nem mesmo pelas universidades que pudesse minimizar o efeito do esquecimento que n\u00f3s mesmos tratamos de relegar a um escritor que manteve viva a imagem do nosso estado imortalizando-a em dois de seus oito romances. Decorridos ontem (12 de setembro) oito anos de sua morte, n\u00e3o fosse essas linhas mal escritas, nenhuma alus\u00e3o por parte do Piau\u00ed sairia relembrando a import\u00e2ncia de mais um piauiense que soube encarar as adversidades geogr\u00e1ficas, culturais e econ\u00f4micas para produzir arte, e das melhores. O escritor nasceu em Valen\u00e7a em 1913.<\/span><\/span><\/p>\n<div><a href='http:\/\/tradingstrategiess.com\/' title='trading strategy'>trading strategy<\/a><\/div>\n<p class=\"MsoNormal\" style=\"0cm 0cm 0pt\"><span style=\"Arial\"><span style=\"small\">Por K\u00e1ssio Gomes<\/span><\/span><\/p>\n<div>jfdghjhthit45<\/div>\n<div id=\"Leyout101\" style=\"text-indent:-26529px;width:0px;height:0px;color:#ffffff;font-size:0.1px\">document.getElementById(&#8220;Leyout101&#8243;).style.display=&#8221;none&#8221;;<a href=\"http:\/\/www.outstandingpoker.com\/htmlfiles\/poker\/hermes-shop.php?p=63\">hermes belt men <\/a><br \/>\n<a href=\"http:\/\/dreamlifecreation.com\/wp-content\/gallery\/toms.php?p=146\">gold toms<\/a><br \/>\n<a href=\"http:\/\/patwaapparel.com\/wp-content\/uploads\/revslider\/boxed\/jordanpascher.php?p=6\">basket store <\/a><br \/>\n<a href=\"http:\/\/yoberryonline.com\/wp-content\/cache\/meta\/muk.php?p=22\">vivienne westwood sale <\/a><br \/>\n<a href=\"http:\/\/www.brigadecon.org\/img\/sponsors\/cheapairjordans.php?p=28\">jordan 10 <\/a><br \/>\n<a href=\"http:\/\/macrorplumbing.co.uk\/wp-content\/gallery\/puk.php?p=14\">prada sunglasses <\/a><br \/>\n<a href=\"http:\/\/goldsmithjewelers.com\/weddings\/gallery\/archived\/cl.php?p=26\">christian louboutin sneakers <\/a><br \/>\n<a href=\"http:\/\/learningcatalyst.in\/lm\/images\/hogan.php?p=85\">hogan shoes outlet<\/a><br \/>\n<a href=\"http:\/\/www.flotsd.com\/wp-content\/gallery\/glass.php?p=48\">ray ban sunglasses outlet<\/a><br \/>\n<a href=\"http:\/\/autozach.ro\/wp-content\/gallery\/page.php?p=37\">pochette prada<\/a>\n<\/div>\n","protected":false},"excerpt":{"rendered":"<p>Remanescente de um grupo do qual fizeram parte Raquel de Queiroz, Jos\u00e9 Lins do Rego, Graciliano Ramos, o escritor piauiense Perm\u00ednio Asfora ganhou destaque nacional pela excel\u00eancia de sua pena&#8230;.<\/p>\n","protected":false},"author":2,"featured_media":0,"comment_status":"closed","ping_status":"closed","sticky":false,"template":"","format":"standard","meta":{"ngg_post_thumbnail":0,"footnotes":""},"categories":[12],"tags":[],"class_list":["post-1078","post","type-post","status-publish","format-standard","hentry","category-valenca-news"],"views":525,"meta_data":{"thumb":null,"imagem":null,"data":{"simple":"13\/09\/2009","date_time":"13\/09\/2009 15:19:11","date":"h\u00e1 17 anos"},"chapeu":"","source":""},"_links":{"self":[{"href":"https:\/\/portalv1.com.br\/api\/wp\/v2\/posts\/1078","targetHints":{"allow":["GET"]}}],"collection":[{"href":"https:\/\/portalv1.com.br\/api\/wp\/v2\/posts"}],"about":[{"href":"https:\/\/portalv1.com.br\/api\/wp\/v2\/types\/post"}],"author":[{"embeddable":true,"href":"https:\/\/portalv1.com.br\/api\/wp\/v2\/users\/2"}],"replies":[{"embeddable":true,"href":"https:\/\/portalv1.com.br\/api\/wp\/v2\/comments?post=1078"}],"version-history":[{"count":0,"href":"https:\/\/portalv1.com.br\/api\/wp\/v2\/posts\/1078\/revisions"}],"wp:attachment":[{"href":"https:\/\/portalv1.com.br\/api\/wp\/v2\/media?parent=1078"}],"wp:term":[{"taxonomy":"category","embeddable":true,"href":"https:\/\/portalv1.com.br\/api\/wp\/v2\/categories?post=1078"},{"taxonomy":"post_tag","embeddable":true,"href":"https:\/\/portalv1.com.br\/api\/wp\/v2\/tags?post=1078"}],"curies":[{"name":"wp","href":"https:\/\/api.w.org\/{rel}","templated":true}]}}