{"id":108132,"date":"2021-12-28T19:09:29","date_gmt":"2021-12-28T22:09:29","guid":{"rendered":"https:\/\/portalv1.com.br\/?p=108132"},"modified":"2021-12-28T19:09:29","modified_gmt":"2021-12-28T22:09:29","slug":"rejane-dias-e-a-parlamentar-que-mais-apresentou-propostas-legislativas-em-2021","status":"publish","type":"post","link":"https:\/\/portalv1.com.br\/rejane-dias-e-a-parlamentar-que-mais-apresentou-propostas-legislativas-em-2021\/","title":{"rendered":"Rejane Dias \u00e9 a parlamentar que mais apresentou propostas legislativas em 2021"},"content":{"rendered":"<figure id=\"attachment_108133\" aria-describedby=\"caption-attachment-108133\" style=\"width: 600px\" class=\"wp-caption aligncenter\"><a href=\"https:\/\/portalv1.com.br\/app\/wp-content\/uploads\/2021\/12\/rejane.jpeg\"><img loading=\"lazy\" decoding=\"async\" class=\"size-large wp-image-108133\" src=\"https:\/\/portalv1.com.br\/app\/wp-content\/uploads\/2021\/12\/rejane-640x427.jpeg\" alt=\"\" width=\"600\" height=\"400\" srcset=\"https:\/\/portalv1.com.br\/app\/wp-content\/uploads\/2021\/12\/rejane-640x427.jpeg 640w, https:\/\/portalv1.com.br\/app\/wp-content\/uploads\/2021\/12\/rejane-300x200.jpeg 300w, https:\/\/portalv1.com.br\/app\/wp-content\/uploads\/2021\/12\/rejane-768x512.jpeg 768w, https:\/\/portalv1.com.br\/app\/wp-content\/uploads\/2021\/12\/rejane.jpeg 1280w\" sizes=\"auto, (max-width: 600px) 100vw, 600px\" \/><\/a><figcaption id=\"caption-attachment-108133\" class=\"wp-caption-text\">Deputada Federal Rejane Dias (Foto: Pablo Valadares\/C\u00e2mara dos Deputados)<\/figcaption><\/figure>\n<p>A deputada federal Rejane Dias foi a parlamentar piauiense que mais apresentou propostas legislativas na C\u00e2mara dos Deputados durante o ano de 2021. Ao todo, de acordo com o site da C\u00e2mara dos Deputados, foram apresentadas 471 mat\u00e9rias de sua autoria e coautoria. Nesse grupo, foram apresentados 79 Projetos de Lei; dois projetos em aprecia\u00e7\u00e3o na Casa a cada semana do ano.<\/p>\n<p>Uma das propostas da deputada \u00e9 o Projeto de Lei 265\/20 que obriga o Sistema \u00danico de Sa\u00fade (SUS) a oferecer gratuitamente a mulheres com hist\u00f3rico familiar de c\u00e2ncer de mama ou de ov\u00e1rio o exame de detec\u00e7\u00e3o de muta\u00e7\u00e3o nos genes BRCA1 e BRCA2. Estudos apontam que muta\u00e7\u00f5es nesses genes elevam em at\u00e9 80% o risco de o paciente desenvolver c\u00e2ncer de mama ou de ov\u00e1rio.<\/p>\n<p>Outras propostas de coautoria da parlamentar j\u00e1 viraram Leis e foram promulgadas, como o Projeto que cria o &#8220;Aux\u00edlio G\u00e1s&#8221; \u2013 um subs\u00eddio a fam\u00edlias de baixa renda para a compra de g\u00e1s de cozinha. A deputada \u00e9 uma das autoras da proposta e foi escolhida pelo Partido dos Trabalhadores para falar em defesa do Projeto no Plen\u00e1rio.<\/p>\n<p>\u201cA cada dia cresce o n\u00famero de fam\u00edlias que recorrem ao fog\u00e3o de lenha para o preparo b\u00e1sico dos alimentos. No Brasil, o n\u00famero de resid\u00eancias usando lenha para cozinhar j\u00e1 supera o uso de g\u00e1s. No ano passado, 26,1% dos brasileiros usavam lenha contra 24,4% que usavam o botij\u00e3o\u201d, disse.<\/p>\n<p>Outra proposta da deputada que aguarda, nesse momento, derrubada de veto presidencial, \u00e9 a que garante a distribui\u00e7\u00e3o gratuita de absorventes higi\u00eanicos femininos para estudantes carentes e mulheres em situa\u00e7\u00e3o de vulnerabilidade.<\/p>\n<p>Outro projeto da parlamentar regula prazo para a realiza\u00e7\u00e3o de cirurgia pl\u00e1stica reparadora de sequelas causadas por viol\u00eancia contra a mulher. Outro projeto pro\u00edbe o corte de energia el\u00e9trica durante o per\u00edodo de escassez h\u00eddrica \u00e0s unidades consumidoras enquadradas na Tarifa Social de Energia El\u00e9trica.<\/p>\n<p>Terceira colocada no \u201cranking de produ\u00e7\u00e3o\u201d da C\u00e2mara e exercendo seu segundo mandato, a deputada federal Rejane Dias contabiliza duas proposi\u00e7\u00f5es que viraram leis no Brasil, uma criando a Carteira Nacional do Autista e outra prevendo a presen\u00e7a e a previs\u00e3o de pagamento a psic\u00f3logos e assistentes sociais que atuem nas escolas, proposta que foi chancelada pela regulamenta\u00e7\u00e3o do Fundeb.<\/p>\n","protected":false},"excerpt":{"rendered":"<p>A deputada federal Rejane Dias foi a parlamentar piauiense que mais apresentou propostas legislativas na C\u00e2mara dos Deputados durante o ano de 2021. Ao todo, de acordo com o site&#8230;<\/p>\n","protected":false},"author":1,"featured_media":108133,"comment_status":"open","ping_status":"open","sticky":false,"template":"","format":"standard","meta":{"ngg_post_thumbnail":0,"footnotes":""},"categories":[243],"tags":[],"class_list":["post-108132","post","type-post","status-publish","format-standard","has-post-thumbnail","hentry","category-geral"],"views":184,"meta_data":{"thumb":"https:\/\/portalv1.com.br\/app\/wp-content\/uploads\/2021\/12\/rejane.jpeg","imagem":{"fullsize":{"url":"https:\/\/portalv1.com.br\/app\/wp-content\/uploads\/2021\/12\/rejane.jpeg","width":1280,"height":853},"medium":{"url":"https:\/\/portalv1.com.br\/app\/wp-content\/uploads\/2021\/12\/rejane-300x200.jpeg","width":300,"height":200},"large":{"url":"https:\/\/portalv1.com.br\/app\/wp-content\/uploads\/2021\/12\/rejane-640x427.jpeg","width":640,"height":427},"thumbnail":{"url":"https:\/\/portalv1.com.br\/app\/wp-content\/uploads\/2021\/12\/rejane-100x100.jpeg","width":100,"height":100},"medium_large":{"url":"https:\/\/portalv1.com.br\/app\/wp-content\/uploads\/2021\/12\/rejane-768x512.jpeg","width":768,"height":512}},"data":{"simple":"28\/12\/2021","date_time":"28\/12\/2021 16:09:29","date":"h\u00e1 4 anos"},"chapeu":"Saiba Detalhes ","source":"m_destacada"},"_links":{"self":[{"href":"https:\/\/portalv1.com.br\/api\/wp\/v2\/posts\/108132","targetHints":{"allow":["GET"]}}],"collection":[{"href":"https:\/\/portalv1.com.br\/api\/wp\/v2\/posts"}],"about":[{"href":"https:\/\/portalv1.com.br\/api\/wp\/v2\/types\/post"}],"author":[{"embeddable":true,"href":"https:\/\/portalv1.com.br\/api\/wp\/v2\/users\/1"}],"replies":[{"embeddable":true,"href":"https:\/\/portalv1.com.br\/api\/wp\/v2\/comments?post=108132"}],"version-history":[{"count":0,"href":"https:\/\/portalv1.com.br\/api\/wp\/v2\/posts\/108132\/revisions"}],"wp:featuredmedia":[{"embeddable":true,"href":"https:\/\/portalv1.com.br\/api\/wp\/v2\/media\/108133"}],"wp:attachment":[{"href":"https:\/\/portalv1.com.br\/api\/wp\/v2\/media?parent=108132"}],"wp:term":[{"taxonomy":"category","embeddable":true,"href":"https:\/\/portalv1.com.br\/api\/wp\/v2\/categories?post=108132"},{"taxonomy":"post_tag","embeddable":true,"href":"https:\/\/portalv1.com.br\/api\/wp\/v2\/tags?post=108132"}],"curies":[{"name":"wp","href":"https:\/\/api.w.org\/{rel}","templated":true}]}}