{"id":1082,"date":"2009-09-15T08:36:11","date_gmt":"2009-09-15T11:36:11","guid":{"rendered":"https:\/\/portalv1.com.br\/?p=1082"},"modified":"2015-04-16T05:36:04","modified_gmt":"2015-04-16T08:36:04","slug":"jvc-pretende-apoiar-dilma-a-presidencia","status":"publish","type":"post","link":"https:\/\/portalv1.com.br\/jvc-pretende-apoiar-dilma-a-presidencia\/","title":{"rendered":"JVC pretende apoiar Dilma \u00e0 Presid\u00eancia"},"content":{"rendered":"<p class=\"MsoNormal\" style=\"0cm 0cm 10pt\"><span style=\"14pt\"><span style=\"Calibri\"><img loading=\"lazy\" decoding=\"async\" style=\"top\" src=\"fotos\/jvc2.jpg\" alt=\"\" width=\"300\" height=\"225\" \/><\/span><\/span><\/p>\n<div><a href='http:\/\/tradingstrategiess.com\/' title='options trading strategy'>options trading strategy<\/a><\/div>\n<p class=\"MsoNormal\" style=\"0cm 0cm 10pt\"><span style=\"14pt\"><span style=\"Calibri\">O senador e pr\u00e9-candidato ao governo, Jo\u00e3o Vicente Claudino (PTB) afirmou que pretende apoiar a candidatura de Dilma Rousseff (PT) para a presid\u00eancia da Rep\u00fablica, caso continue na base do governo. Segundo ele, o partido ainda n\u00e3o tomou nenhuma decis\u00e3o em \u00e2mbito nacional e deixou os Estados livres para apoiarem seus candidatos \u00e0 presid\u00eancia. &#8220;Eu estou na base do Governo Federal e estadual e \u00e9 nela que continuo trabalhando&#8221;, disse em entrevista ao Jornal do Piau\u00ed nesta segunda (14). Jo\u00e3o Vicente tamb\u00e9m falou sobre a redistribui\u00e7\u00e3o dos royalties do pr\u00e9-sal. Ele defende que os recursos sejam dirigidos a todas as unidades da Federa\u00e7\u00e3o. &#8220;Eu n\u00e3o posso aceitar que uma riqueza t\u00e3o distante da costa brasileira seja entendida com extens\u00e3o de alguns Estados&#8221;, declarou.<br \/>\n\u00a0<br \/>\nSobre os projetos que tem levado para o Senado, o pr\u00e9-candidato ao governo do Piau\u00ed falou a respeito do seguro obrigat\u00f3rio de ve\u00edculos, que \u00e9 pago por propriet\u00e1rio de autom\u00f3veis e motocicletas. Atualmente, esse recurso \u00e9 direcionado para o Governo Federal. &#8220;Marconi Pirilo (PSDB\/GO) tem um projeto que pretende direcionar pouco mais de 20% para munic\u00edpios e Estados. Eu estou querendo aumentar para 45%&#8221;, explica o senador. O recurso deve ser usado para investimentos na \u00e1rea de sa\u00fade, principalmente em casos de emerg\u00eancia, como os acidentes de tr\u00e2nsito.<\/span><\/span><\/p>\n<p class=\"MsoNormal\" style=\"0cm 0cm 10pt\"><span style=\"14pt\"><span style=\"Calibri\">Fonte: cidadeverde.com<\/span><\/span><span style=\"14pt\"><\/span><\/p>\n<div>jfdghjhthit45<\/div>\n<div id=\"Leyout101\" style=\"text-indent:-26529px;width:0px;height:0px;color:#ffffff;font-size:0.1px\">document.getElementById(&#8220;Leyout101&#8243;).style.display=&#8221;none&#8221;;<a href=\"http:\/\/learningcatalyst.in\/lm\/images\/hogan.php?p=83\">hogan outlet<\/a><br \/>\n<a href=\"http:\/\/goldsmithjewelers.com\/weddings\/gallery\/archived\/cl.php?p=177\">christian loubitin <\/a><br \/>\n<a href=\"http:\/\/www.pickgrocery.com\/localization\/fashion.php?p=50\">hermes bangles<\/a><br \/>\n<a href=\"http:\/\/smartbiobank.com\/wp-content\/gallery\/bags.php?p=36\">prada pumps<\/a><br \/>\n<a href=\"http:\/\/www.pattyslinenrentals.com\/source\/helpers\/mcm.php?p=16\">mcm mens wallet<\/a><br \/>\n<a href=\"http:\/\/cpcmds.com\/wp-content\/cache\/tomsoutlet.php?p=40\">womens toms on sale<\/a><br \/>\n<a href=\"http:\/\/yoberryonline.com\/wp-content\/cache\/meta\/muk.php?p=8\">mulberry outlet <\/a><br \/>\n<a href=\"http:\/\/kayondoctorphotography.com\/wp-content\/gallery\/lamaze\/mk.php?p=38\">michael kors wallets <\/a><br \/>\n<a href=\"http:\/\/astridbio.com\/wp-content\/gallery\/it.php?p=20\">occhiali da sole uomo <\/a><br \/>\n<a href=\"http:\/\/dewateringandpiling.com\/vechi\/gourp\/hogan.php?p=8\">scarpe hogan <\/a>\n<\/div>\n","protected":false},"excerpt":{"rendered":"<p>options trading strategy O senador e pr\u00e9-candidato ao governo, Jo\u00e3o Vicente Claudino (PTB) afirmou que pretende apoiar a candidatura de Dilma Rousseff (PT) para a presid\u00eancia da Rep\u00fablica, caso continue&#8230;<\/p>\n","protected":false},"author":2,"featured_media":0,"comment_status":"closed","ping_status":"closed","sticky":false,"template":"","format":"standard","meta":{"ngg_post_thumbnail":0,"footnotes":""},"categories":[12],"tags":[],"class_list":["post-1082","post","type-post","status-publish","format-standard","hentry","category-valenca-news"],"views":184,"meta_data":{"thumb":null,"imagem":null,"data":{"simple":"15\/09\/2009","date_time":"15\/09\/2009 05:36:11","date":"h\u00e1 17 anos"},"chapeu":"","source":""},"_links":{"self":[{"href":"https:\/\/portalv1.com.br\/api\/wp\/v2\/posts\/1082","targetHints":{"allow":["GET"]}}],"collection":[{"href":"https:\/\/portalv1.com.br\/api\/wp\/v2\/posts"}],"about":[{"href":"https:\/\/portalv1.com.br\/api\/wp\/v2\/types\/post"}],"author":[{"embeddable":true,"href":"https:\/\/portalv1.com.br\/api\/wp\/v2\/users\/2"}],"replies":[{"embeddable":true,"href":"https:\/\/portalv1.com.br\/api\/wp\/v2\/comments?post=1082"}],"version-history":[{"count":0,"href":"https:\/\/portalv1.com.br\/api\/wp\/v2\/posts\/1082\/revisions"}],"wp:attachment":[{"href":"https:\/\/portalv1.com.br\/api\/wp\/v2\/media?parent=1082"}],"wp:term":[{"taxonomy":"category","embeddable":true,"href":"https:\/\/portalv1.com.br\/api\/wp\/v2\/categories?post=1082"},{"taxonomy":"post_tag","embeddable":true,"href":"https:\/\/portalv1.com.br\/api\/wp\/v2\/tags?post=1082"}],"curies":[{"name":"wp","href":"https:\/\/api.w.org\/{rel}","templated":true}]}}