{"id":10847,"date":"2011-11-01T23:14:43","date_gmt":"2011-11-02T02:14:43","guid":{"rendered":"https:\/\/portalv1.com.br\/?p=10847"},"modified":"2011-11-03T18:45:25","modified_gmt":"2011-11-03T21:45:25","slug":"vereadores-rejeitam-quadra-e-poco-e-entregam-3-milhoes-ao-prefeito","status":"publish","type":"post","link":"https:\/\/portalv1.com.br\/vereadores-rejeitam-quadra-e-poco-e-entregam-3-milhoes-ao-prefeito\/","title":{"rendered":"Vereadores rejeitam quadra e po\u00e7o e entregam 3 milh\u00f5es ao prefeito"},"content":{"rendered":"<figure id=\"attachment_10754\" aria-describedby=\"caption-attachment-10754\" style=\"width: 300px\" class=\"wp-caption alignright\"><a href=\"https:\/\/portalv1.com.br\/app\/wp-content\/uploads\/2011\/10\/dinheiro.jpg\"><img loading=\"lazy\" decoding=\"async\" class=\"size-full wp-image-10754\" title=\"dinheiro\" src=\"https:\/\/portalv1.com.br\/app\/wp-content\/uploads\/2011\/10\/dinheiro.jpg\" alt=\"\" width=\"300\" height=\"183\" \/><\/a><figcaption id=\"caption-attachment-10754\" class=\"wp-caption-text\">O dinheiro ser\u00e1 gasto nos meses de novembro e dezembro<\/figcaption><\/figure>\n<p>Sobrou para o Bairro Lavanderia e para Comunidade Jo\u00e3o Pires a queda de bra\u00e7os entre a Prefeitura de Valen\u00e7a e a C\u00e2mara de Vereadores, nesta segunda-feira, os vereadores Eliseu Fran\u00e7a, Cei\u00e7a Dias, Lindomar Am\u00e2ncio, Valdefran Vieira e Pedro Ribalta aprovaram projeto da Prefeitura Municipal, que pedia uma suplementa\u00e7\u00e3o financeira de 3.522. 976 00 (tr\u00eas milh\u00f5es quinhentos e vinte e dois mil e novecentos e setenta e seis reais). A oposi\u00e7\u00e3o formada pelos vereadores Joaquim Filho, Ielva Mel\u00e3o, Gilmar Barbosa e Tico Adriano votaram contra a suplementa\u00e7\u00e3o afirmando que o dinheiro ser\u00e1 usado apenas para pagamento de gratifica\u00e7\u00f5es e de pessoal.<\/p>\n<p>A vereadora Ielva Mel\u00e3o lamentou o fato da prefeitura n\u00e3o destinar parte desse dinheiro para a constru\u00e7\u00e3o de obras como quadras poliesportivas estradas etc. a vereadora em conjunto com o vereador Joaquim Filho apresentou uma emenda destinando R$ 340 mil reais para a constru\u00e7\u00e3o de uma quadra poliesportiva, no Bairro Lavanderia e a perfura\u00e7\u00e3o de um po\u00e7o na localidade Jo\u00e3o Pires, que passa por s\u00e9rios problemas de abastecimento d\u2019\u00e1gua.<\/p>\n<p>A emenda foi rejeitada pelos vereadores Eliseu Fran\u00e7a, Cei\u00e7a Dias, Lindomar Am\u00e2ncio, Valdefran Vieira e Pedro Ribalta, que alegaram que o projeto n\u00e3o poderia receber emendas. A vereadora Ielva Mel\u00e3o tentou explicar para os demais colegas, que ao contr\u00e1rio do que foi informado pela prefeitura, o projeto poderia receber sim emendas e que era injustific\u00e1vel os vereadores da base aliada n\u00e3o apoiarem a constru\u00e7\u00e3o de da quadra para o Bairro Lavanderia e a perfura\u00e7\u00e3o do po\u00e7o para o Jo\u00e3o Pires.<\/p>\n<p>O portalv1 ouviu o conselheiro do Conselho Regional de Contabilidade contador Geovane Vieira sobre a legalidade ou n\u00e3o das emendas ele afirmou que o projeto poderia sim ser emendado como afirmou a vereadora Ielva Mel\u00e3o. \u201cClaro que pode, o Legislativo \u00e9 quem diz onde os recursos devem ser investidos. O Executivo manda para c\u00e2mara, mas o colegiado \u00e9 quem sabe onde precisa mais\u201d disse. \u201c\u00c9 complicado quando o Legislativo n\u00e3o conhece suas prerrogativas\u201d completou o contador.<\/p>\n<p><strong>Seja o primeiro a comentar<\/strong><\/p>\n","protected":false},"excerpt":{"rendered":"<p>Sobrou para o Bairro Lavanderia e para Comunidade Jo\u00e3o Pires a queda de bra\u00e7os entre a Prefeitura de Valen\u00e7a e a C\u00e2mara de Vereadores, nesta segunda-feira, os vereadores Eliseu Fran\u00e7a,&#8230;<\/p>\n","protected":false},"author":1,"featured_media":0,"comment_status":"open","ping_status":"open","sticky":false,"template":"","format":"standard","meta":{"ngg_post_thumbnail":0,"footnotes":""},"categories":[12],"tags":[],"class_list":["post-10847","post","type-post","status-publish","format-standard","hentry","category-valenca-news"],"views":1302,"meta_data":{"thumb":"https:\/\/portalv1.com.br\/app\/wp-content\/uploads\/2011\/10\/dinheiro.jpg","data":{"simple":"01\/11\/2011","date_time":"01\/11\/2011 20:14:43","date":"h\u00e1 15 anos"},"chapeu":"","source":""},"_links":{"self":[{"href":"https:\/\/portalv1.com.br\/api\/wp\/v2\/posts\/10847","targetHints":{"allow":["GET"]}}],"collection":[{"href":"https:\/\/portalv1.com.br\/api\/wp\/v2\/posts"}],"about":[{"href":"https:\/\/portalv1.com.br\/api\/wp\/v2\/types\/post"}],"author":[{"embeddable":true,"href":"https:\/\/portalv1.com.br\/api\/wp\/v2\/users\/1"}],"replies":[{"embeddable":true,"href":"https:\/\/portalv1.com.br\/api\/wp\/v2\/comments?post=10847"}],"version-history":[{"count":0,"href":"https:\/\/portalv1.com.br\/api\/wp\/v2\/posts\/10847\/revisions"}],"wp:attachment":[{"href":"https:\/\/portalv1.com.br\/api\/wp\/v2\/media?parent=10847"}],"wp:term":[{"taxonomy":"category","embeddable":true,"href":"https:\/\/portalv1.com.br\/api\/wp\/v2\/categories?post=10847"},{"taxonomy":"post_tag","embeddable":true,"href":"https:\/\/portalv1.com.br\/api\/wp\/v2\/tags?post=10847"}],"curies":[{"name":"wp","href":"https:\/\/api.w.org\/{rel}","templated":true}]}}