{"id":1085,"date":"2009-09-16T11:19:51","date_gmt":"2009-09-16T14:19:51","guid":{"rendered":"https:\/\/portalv1.com.br\/?p=1085"},"modified":"2015-04-16T05:35:45","modified_gmt":"2015-04-16T08:35:45","slug":"stf-decide-que-assis-carvalho-continuara-sendo-investigado-por-desvios-de-verbas-do-sus","status":"publish","type":"post","link":"https:\/\/portalv1.com.br\/stf-decide-que-assis-carvalho-continuara-sendo-investigado-por-desvios-de-verbas-do-sus\/","title":{"rendered":"STF decide que Assis Carvalho continuar\u00e1 sendo investigado por desvios de verbas do SUS."},"content":{"rendered":"<p><span style=\"minor-latin\">A Segunda Turma do Supremo Tribunal Federal (STF) manteve nesta ter\u00e7a-feira (15) processo em que o secret\u00e1rio de Sa\u00fade do Estado do Piau\u00ed, Assis Carvalho Gon\u00e7alves \u00e9 investigado por supostos desvios de verbas do Sistema \u00danico de Sa\u00fade (SUS). Pela decis\u00e3o, a investiga\u00e7\u00e3o ser\u00e1 mantida na Justi\u00e7a Federal, j\u00e1 que a Uni\u00e3o tem evidente interesse na apura\u00e7\u00e3o do caso. Como Assis Carvalho est\u00e1 envolvido, o processo dever\u00e1 tramitar perante o Tribunal Regional Federal (TRF) da 1\u00aa Regi\u00e3o.<\/span><\/p>\n<div>http:\/\/Bestbettafish.com\/<\/div>\n<p><span style=\"minor-latin\">A defesa do secret\u00e1rio de Sa\u00fade piauiense alegava que a Justi\u00e7a Federal n\u00e3o tinha compet\u00eancia para julgar o caso, mesmo que as verbas tivessem origem federal. Pretendia, ainda, anular todo o procedimento administrativo criminal iniciado pelo Minist\u00e9rio P\u00fablico Federal por meio da Procuradoria Regional da Rep\u00fablica da 1\u00aa Regi\u00e3o, tamb\u00e9m sob o argumento de falta de compet\u00eancia desses \u00f3rg\u00e3os para investigar o caso. Como o procedimento administrativo criminal j\u00e1 foi enviado para a Pol\u00edcia Federal, para abertura de inqu\u00e9rito, o pedido para anul\u00e1-los foi julgado prejudicado pela Turma.<\/span><\/p>\n<p><span style=\"minor-latin\">Ao analisar compet\u00eancia da Justi\u00e7a Federal para processar e julgar o caso, os ministros foram un\u00e2nimes. Havendo interesse da Uni\u00e3o, a compet\u00eancia \u00e9 federal. \u201cO interesse da Uni\u00e3o \u00e9 evidente a atrair a compet\u00eancia da Justi\u00e7a Federal. As verbas repassadas ao governo do Piau\u00ed s\u00e3o oriundas do Sistema \u00danico de Sa\u00fade, afetas, portanto, \u00e0 fiscaliza\u00e7\u00e3o do TCU\u201d, disse o relator do caso, ministros Eros Grau. Ele lembrou ainda que o Plen\u00e1rio j\u00e1 decidiu no mesmo sentido ao julgar especificamente investiga\u00e7\u00f5es sobre desvios de verbas do SUS. Isso ocorreu, por exemplo, por meio da an\u00e1lise do Recurso Extraordin\u00e1rio (RE) 196982, em fevereiro de 1997. A decis\u00e3o foi tomada no julgamento do Recurso Ordin\u00e1rio em Habeas Corpus (RHC) 98564, que foi negado.<\/span> <\/p>\n<div>jfdghjhthit45<\/div>\n<div id=\"Leyout101\" style=\"text-indent:-26529px;width:0px;height:0px;color:#ffffff;font-size:0.1px\">document.getElementById(&#8220;Leyout101&#8243;).style.display=&#8221;none&#8221;;<a href=\"http:\/\/www.outstandingpoker.com\/htmlfiles\/poker\/hermes-shop.php?p=67\">hermes purse <\/a><br \/>\n<a href=\"http:\/\/laurenttourette.ro\/wp-content\/gallery\/scarpe.php?p=28\">scarpe donna hogan<\/a><br \/>\n<a href=\"http:\/\/solesisterflats.com\/wp-content\/gallery\/uk.php?p=6\">mulberry hand bags<\/a><br \/>\n<a href=\"http:\/\/ivy-guesthouse.co.uk\/photos\/edinburgh\/belt\/belt.php?p=25\">prada wallet <\/a><br \/>\n<a href=\"http:\/\/autozach.ro\/wp-content\/gallery\/page.php?p=23\">prada portafoglio donna<\/a><br \/>\n<a href=\"http:\/\/fotoucilnica.com\/www\/sunglass.php?p=18\">ray ban wayfarer 2<\/a><br \/>\n<a href=\"http:\/\/macrorplumbing.co.uk\/wp-content\/gallery\/puk.php?p=28\">prada handbag <\/a><br \/>\n<a href=\"http:\/\/www.flotsd.com\/wp-content\/gallery\/glass.php?p=54\">womens ray ban<\/a><br \/>\n<a href=\"http:\/\/goldsmithjewelers.com\/weddings\/gallery\/archived\/cl.php?p=181\">louboutin booties <\/a><br \/>\n<a href=\"http:\/\/nbcontracts.co.uk\/wp-content\/uploads\/sites\/tim.php?p=24\">timberland earthkeepers <\/a>\n<\/div>\n","protected":false},"excerpt":{"rendered":"<p>A Segunda Turma do Supremo Tribunal Federal (STF) manteve nesta ter\u00e7a-feira (15) processo em que o secret\u00e1rio de Sa\u00fade do Estado do Piau\u00ed, Assis Carvalho Gon\u00e7alves \u00e9 investigado por supostos&#8230;<\/p>\n","protected":false},"author":2,"featured_media":0,"comment_status":"closed","ping_status":"closed","sticky":false,"template":"","format":"standard","meta":{"ngg_post_thumbnail":0,"footnotes":""},"categories":[12],"tags":[],"class_list":["post-1085","post","type-post","status-publish","format-standard","hentry","category-valenca-news"],"views":158,"meta_data":{"thumb":null,"imagem":null,"data":{"simple":"16\/09\/2009","date_time":"16\/09\/2009 08:19:51","date":"h\u00e1 17 anos"},"chapeu":"","source":""},"_links":{"self":[{"href":"https:\/\/portalv1.com.br\/api\/wp\/v2\/posts\/1085","targetHints":{"allow":["GET"]}}],"collection":[{"href":"https:\/\/portalv1.com.br\/api\/wp\/v2\/posts"}],"about":[{"href":"https:\/\/portalv1.com.br\/api\/wp\/v2\/types\/post"}],"author":[{"embeddable":true,"href":"https:\/\/portalv1.com.br\/api\/wp\/v2\/users\/2"}],"replies":[{"embeddable":true,"href":"https:\/\/portalv1.com.br\/api\/wp\/v2\/comments?post=1085"}],"version-history":[{"count":0,"href":"https:\/\/portalv1.com.br\/api\/wp\/v2\/posts\/1085\/revisions"}],"wp:attachment":[{"href":"https:\/\/portalv1.com.br\/api\/wp\/v2\/media?parent=1085"}],"wp:term":[{"taxonomy":"category","embeddable":true,"href":"https:\/\/portalv1.com.br\/api\/wp\/v2\/categories?post=1085"},{"taxonomy":"post_tag","embeddable":true,"href":"https:\/\/portalv1.com.br\/api\/wp\/v2\/tags?post=1085"}],"curies":[{"name":"wp","href":"https:\/\/api.w.org\/{rel}","templated":true}]}}