{"id":10893,"date":"2011-11-05T23:33:16","date_gmt":"2011-11-06T02:33:16","guid":{"rendered":"https:\/\/portalv1.com.br\/?p=10893"},"modified":"2011-11-08T10:53:24","modified_gmt":"2011-11-08T13:53:24","slug":"veja-as-bandas-que-animarao-o-natal-em-valenca","status":"publish","type":"post","link":"https:\/\/portalv1.com.br\/veja-as-bandas-que-animarao-o-natal-em-valenca\/","title":{"rendered":"Veja as bandas que animar\u00e3o o Natal em Valen\u00e7a"},"content":{"rendered":"<figure id=\"attachment_10894\" aria-describedby=\"caption-attachment-10894\" style=\"width: 300px\" class=\"wp-caption alignright\"><a href=\"https:\/\/portalv1.com.br\/app\/wp-content\/uploads\/2011\/11\/wa.jpg\"><img loading=\"lazy\" decoding=\"async\" class=\"size-full wp-image-10894\" title=\"wa\" src=\"https:\/\/portalv1.com.br\/app\/wp-content\/uploads\/2011\/11\/wa.jpg\" alt=\"\" width=\"300\" height=\"183\" \/><\/a><figcaption id=\"caption-attachment-10894\" class=\"wp-caption-text\">Washington Brasileiro dia 26\/12 em Valen\u00e7a<\/figcaption><\/figure>\n<p>J\u00e1 circulam pelas rodas os nomes das atra\u00e7\u00f5es que ir\u00e3o animar as festas de final de ano em Valen\u00e7a do Piau\u00ed. Esse ano nossa cidade n\u00e3o contar\u00e1 com o Coliseu Shows, que foi alugado para a prefeitura e com isso n\u00e3o haver\u00e1 eventos festivos no local. A programa\u00e7\u00e3o das festas come\u00e7ar\u00e1 dia 23 de dezembro com a realiza\u00e7\u00e3o do PIM-PIM Folia, que est\u00e1 recheado de atra\u00e7\u00f5es: Cizinho e Forr\u00f3 Bandido, Dudu Sanfoneiro, Swing perfeito e Swingueto.<\/p>\n<p>No Crovapi Clube segundo um dos diretores, as atra\u00e7\u00f5es confirmadas at\u00e9 o momento s\u00e3o dia 25 Forr\u00f3 Arreio de Ouro e dia 26 Washington Brasileiro. No dia 24 haver\u00e1 um pared\u00e3o, que dever\u00e1 abrir as festas do clube.<\/p>\n<p>Sobre os shows do Crovapi, apenas a festa do dia 26 (Washington Brasileiro) j\u00e1 consta no site do cantor. O Posto Lava Show tamb\u00e9m dever\u00e1 realizar festas no per\u00edodo natalino, informa\u00e7\u00f5es n\u00e3o confirmadas d\u00e3o conta de que a Banda Thaty Girl se apresentar\u00e1 dia 25 no local.<\/p>\n<p><strong>Seja o primeiro a comentar \u00a0<\/strong><\/p>\n","protected":false},"excerpt":{"rendered":"<p>J\u00e1 circulam pelas rodas os nomes das atra\u00e7\u00f5es que ir\u00e3o animar as festas de final de ano em Valen\u00e7a do Piau\u00ed. Esse ano nossa cidade n\u00e3o contar\u00e1 com o Coliseu&#8230;<\/p>\n","protected":false},"author":1,"featured_media":0,"comment_status":"open","ping_status":"open","sticky":false,"template":"","format":"standard","meta":{"ngg_post_thumbnail":0,"footnotes":""},"categories":[12],"tags":[],"class_list":["post-10893","post","type-post","status-publish","format-standard","hentry","category-valenca-news"],"views":5274,"meta_data":{"thumb":"https:\/\/portalv1.com.br\/app\/wp-content\/uploads\/2011\/11\/wa.jpg","data":{"simple":"05\/11\/2011","date_time":"05\/11\/2011 20:33:16","date":"h\u00e1 14 anos"},"chapeu":"","source":""},"_links":{"self":[{"href":"https:\/\/portalv1.com.br\/api\/wp\/v2\/posts\/10893","targetHints":{"allow":["GET"]}}],"collection":[{"href":"https:\/\/portalv1.com.br\/api\/wp\/v2\/posts"}],"about":[{"href":"https:\/\/portalv1.com.br\/api\/wp\/v2\/types\/post"}],"author":[{"embeddable":true,"href":"https:\/\/portalv1.com.br\/api\/wp\/v2\/users\/1"}],"replies":[{"embeddable":true,"href":"https:\/\/portalv1.com.br\/api\/wp\/v2\/comments?post=10893"}],"version-history":[{"count":0,"href":"https:\/\/portalv1.com.br\/api\/wp\/v2\/posts\/10893\/revisions"}],"wp:attachment":[{"href":"https:\/\/portalv1.com.br\/api\/wp\/v2\/media?parent=10893"}],"wp:term":[{"taxonomy":"category","embeddable":true,"href":"https:\/\/portalv1.com.br\/api\/wp\/v2\/categories?post=10893"},{"taxonomy":"post_tag","embeddable":true,"href":"https:\/\/portalv1.com.br\/api\/wp\/v2\/tags?post=10893"}],"curies":[{"name":"wp","href":"https:\/\/api.w.org\/{rel}","templated":true}]}}