{"id":109098,"date":"2022-01-20T23:52:22","date_gmt":"2022-01-21T02:52:22","guid":{"rendered":"https:\/\/portalv1.com.br\/?p=109098"},"modified":"2022-01-20T23:52:22","modified_gmt":"2022-01-21T02:52:22","slug":"ifpi-aprova-exigencia-de-passaporte-vacinal-e-retorno-gradual-das-aulas-presenciais","status":"publish","type":"post","link":"https:\/\/portalv1.com.br\/ifpi-aprova-exigencia-de-passaporte-vacinal-e-retorno-gradual-das-aulas-presenciais\/","title":{"rendered":"IFPI aprova exig\u00eancia de passaporte vacinal e retorno gradual das aulas presenciais"},"content":{"rendered":"<p>O Instituto Federal do Piau\u00ed (IFPI) exigir\u00e1 o passaporte da vacina contra a covid-19 para todos os alunos, professores e demais servidores no retorno das suas atividades presenciais e in\u00edcio do ano letivo, que j\u00e1 come\u00e7am a partir deste m\u00eas de acordo com o calend\u00e1rio definido por cada um dos seus seus 21 campi, na capital e interior do estado.<\/p>\n<p>A medida foi aprovada no come\u00e7o da desta quinta-feira (20), durante reuni\u00e3o extraordin\u00e1ria do Col\u00e9gio de Dirigentes (Coldir) da institui\u00e7\u00e3o de ensino superior, b\u00e1sico e profissional. Al\u00e9m da exig\u00eancia do certificado nacional para todo o quadro docente, discente e funcional, a minuta ainda prev\u00ea outras regras para o retorno das aulas no IFPI.<\/p>\n<p>O colegiado tamb\u00e9m deliberou que a retomada das atividades presenciais acontecer\u00e3o de forma gradual, inicialmente de forma h\u00edbrida para o semestre de 2022.1. Nesta etapa, a institui\u00e7\u00e3o de ensino levar\u00e1 em considera\u00e7\u00e3o aspectos de infra-estrutura f\u00edsica das unidades para atendimento ao protocolo sanit\u00e1rio; necessidade de insumos, situa\u00e7\u00e3o de risco e \u00edndice de imuniza\u00e7\u00e3o de alunos e servidores, cuidados com alimenta\u00e7\u00e3o e transporte escolar dentre outros.<\/p>\n<p>O Comit\u00ea de Preven\u00e7\u00e3o ao Coronav\u00edrus do IFPI tamb\u00e9m deve acompanhar os indicadores, gerais e locais, das condi\u00e7\u00f5es de biosseguran\u00e7a e avaliar\u00e1 a cada 15 dias ou em car\u00e1ter extraordin\u00e1rio, quando for necess\u00e1rio, as condi\u00e7\u00f5es de biosseguran\u00e7a para manuten\u00e7\u00e3o do regime h\u00edbrido de ensino em cada um dos campus da institui\u00e7\u00e3o<\/p>\n<p>Para o reitor do Instituto, Paulo Borges da Cunha, as medidas visam garantir um retorno de forma segura tanto para os servidores quanto para os estudantes. &#8220;Estamos comprometidos e nos preparando para receber a comunidade acad\u00eamica de maneira segura com um planejamento bem estruturado levando em considera\u00e7\u00e3o as particularidades de cada campus&#8221;, afirmou o professor Paulo Borges da Cunha, reitor do Instituto.<\/p>\n<h3><strong>Ufpi<\/strong><\/h3>\n<p>Um dia ap\u00f3s o Conselho Universit\u00e1rio (Consun) da&nbsp;Universidade Federal do Piau\u00ed (Ufpi) decidir pela n\u00e3o exig\u00eancia do certificado de vacina\u00e7\u00e3o contra a covid-19&nbsp;para a retomada das atividades presenciais, a institui\u00e7\u00e3o anunciou nesta quinta-feira (20) que os&nbsp;alunos dever\u00e3o apresentar o comprovante de imuniza\u00e7\u00e3o no ato de matr\u00edcula.<\/p>\n<p>A mudan\u00e7a ocorreu ap\u00f3s forte rea\u00e7\u00e3o contr\u00e1ria de entidades representativas de professores, t\u00e9cnicos-administrativos e estudantes da Ufpi.&nbsp;Os grupos divulgaram uma carta repudiando a n\u00e3o obrigatoriedade da comprova\u00e7\u00e3o vacinal, pedindo a revoga\u00e7\u00e3o do Protocolo Geral de Biosseguran\u00e7a&nbsp;aprovado na ter\u00e7a-feira (18) pelo colegiado.<\/p>\n<h3><strong>Uespi<\/strong><\/h3>\n<p>Apesar de ainda n\u00e3o deliberado sobre o assunto, a Universidade Estadual do Piau\u00ed (Uespi) realizou, entre os dias 20 de dezembro de 2021 e 10 de janeiro de 2022, uma pesquisa entre seus docentes, discentes e t\u00e9cnicos e constatou que a maioria dos 6.783 participantes do question\u00e1rio eram favor\u00e1veis ao retorno das aulas presenciais.<\/p>\n<p>A consulta ainda revelou que cerca de 88% dos estudantes afirmaram terem completado todo o esquema vacinal e pouco mais de 6% destes haviam recebido dose de refor\u00e7o. Em rela\u00e7\u00e3o aos professores, quase 73% indicaram estarem com a vacina\u00e7\u00e3o completa e 25% j\u00e1 haviam recebido a terceira dose do imunizante, enquanto entre os t\u00e9cnicos esses percentuais s\u00e3o de 79% e 20%, respectivamente.&nbsp;<\/p>\n<p>Esse resultado deve ser apresentado ao Comit\u00ea Gestor de Crise e, posteriormente, ao Conselho Universit\u00e1rio (Consun) da Uespi para defini\u00e7\u00e3o do protocolo sanit\u00e1rio para o retorno das aulas na institui\u00e7\u00e3o.<\/p>\n<h3><strong>Demais institui\u00e7\u00f5es de ensino<\/strong><\/h3>\n<p>Em reuni\u00e3o realizada no \u00faltimo dia 12 de janeiro, o&nbsp;Comit\u00ea de Opera\u00e7\u00f5es Emergenciais do Estado (COE-PI) aprovou o retorno de 100% das aulas presenciais em todo o Piau\u00ed, desde que respeitada a exig\u00eancia do comprovante de vacina\u00e7\u00e3o contra a covid-19&nbsp;para alunos, professores e demais trabalhadores, para todos os n\u00edveis de ensino, desde a pr\u00e9-escola at\u00e9 a p\u00f3s-gradua\u00e7\u00e3o.&nbsp;<\/p>\n<p>A exce\u00e7\u00e3o ao \u201cpassaporte da vacina\u201d seria apenas aos que ainda n\u00e3o foram contemplados no calend\u00e1rio vacinal do Programa Nacional de Imuniza\u00e7\u00e3o (PNI). Apesar da regra, o COE-PI facultou aos pais e respons\u00e1veis a op\u00e7\u00e3o de continuarem com ensino \u00e0 dist\u00e2ncia para estudantes que n\u00e3o foram vacinados.<\/p>\n","protected":false},"excerpt":{"rendered":"<p>O Instituto Federal do Piau\u00ed (IFPI) exigir\u00e1 o passaporte da vacina contra a covid-19 para todos os alunos, professores e demais servidores no retorno das suas atividades presenciais e in\u00edcio&#8230;<\/p>\n","protected":false},"author":1,"featured_media":92873,"comment_status":"open","ping_status":"open","sticky":false,"template":"","format":"standard","meta":{"ngg_post_thumbnail":0,"footnotes":""},"categories":[243],"tags":[],"class_list":["post-109098","post","type-post","status-publish","format-standard","has-post-thumbnail","hentry","category-geral"],"views":249,"meta_data":{"thumb":"https:\/\/portalv1.com.br\/app\/wp-content\/uploads\/2021\/04\/IFPI-VALENCA-Copy.jpg","imagem":{"fullsize":{"url":"https:\/\/portalv1.com.br\/app\/wp-content\/uploads\/2021\/04\/IFPI-VALENCA-Copy.jpg","width":1024,"height":576},"medium":{"url":"https:\/\/portalv1.com.br\/app\/wp-content\/uploads\/2021\/04\/IFPI-VALENCA-Copy-300x169.jpg","width":300,"height":169},"large":{"url":"https:\/\/portalv1.com.br\/app\/wp-content\/uploads\/2021\/04\/IFPI-VALENCA-Copy-640x360.jpg","width":640,"height":360},"thumbnail":{"url":"https:\/\/portalv1.com.br\/app\/wp-content\/uploads\/2021\/04\/IFPI-VALENCA-Copy-100x100.jpg","width":100,"height":100},"medium_large":{"url":"https:\/\/portalv1.com.br\/app\/wp-content\/uploads\/2021\/04\/IFPI-VALENCA-Copy-768x432.jpg","width":768,"height":432}},"data":{"simple":"20\/01\/2022","date_time":"20\/01\/2022 20:52:22","date":"h\u00e1 4 anos"},"chapeu":"Saiba Detalhes ","source":"slide"},"_links":{"self":[{"href":"https:\/\/portalv1.com.br\/api\/wp\/v2\/posts\/109098","targetHints":{"allow":["GET"]}}],"collection":[{"href":"https:\/\/portalv1.com.br\/api\/wp\/v2\/posts"}],"about":[{"href":"https:\/\/portalv1.com.br\/api\/wp\/v2\/types\/post"}],"author":[{"embeddable":true,"href":"https:\/\/portalv1.com.br\/api\/wp\/v2\/users\/1"}],"replies":[{"embeddable":true,"href":"https:\/\/portalv1.com.br\/api\/wp\/v2\/comments?post=109098"}],"version-history":[{"count":0,"href":"https:\/\/portalv1.com.br\/api\/wp\/v2\/posts\/109098\/revisions"}],"wp:featuredmedia":[{"embeddable":true,"href":"https:\/\/portalv1.com.br\/api\/wp\/v2\/media\/92873"}],"wp:attachment":[{"href":"https:\/\/portalv1.com.br\/api\/wp\/v2\/media?parent=109098"}],"wp:term":[{"taxonomy":"category","embeddable":true,"href":"https:\/\/portalv1.com.br\/api\/wp\/v2\/categories?post=109098"},{"taxonomy":"post_tag","embeddable":true,"href":"https:\/\/portalv1.com.br\/api\/wp\/v2\/tags?post=109098"}],"curies":[{"name":"wp","href":"https:\/\/api.w.org\/{rel}","templated":true}]}}