{"id":1095,"date":"2009-09-20T23:27:10","date_gmt":"2009-09-21T02:27:10","guid":{"rendered":"https:\/\/portalv1.com.br\/?p=1095"},"modified":"2015-04-16T05:34:43","modified_gmt":"2015-04-16T08:34:43","slug":"historiador-contesta-data-do-aniversario-de-valenca","status":"publish","type":"post","link":"https:\/\/portalv1.com.br\/historiador-contesta-data-do-aniversario-de-valenca\/","title":{"rendered":"Historiador contesta data do anivers\u00e1rio de Valen\u00e7a."},"content":{"rendered":"<p class=\"MsoNoSpacing\" style=\"0cm 0cm 0pt\"><span style=\"Arial\"><span style=\"Calibri\"><img loading=\"lazy\" decoding=\"async\" style=\"top\" src=\"fotos\/vistacidade.jpg\" alt=\"\" width=\"300\" height=\"225\" \/><\/span><\/span><\/p>\n<p class=\"MsoNoSpacing\" style=\"0cm 0cm 0pt\"><span style=\"Arial\"><span style=\"Calibri\">Em 1740, D. Manoel da Cruz, Bispo do vizinho Estado do Maranh\u00e3o, cria uma freguesia (povoa\u00e7\u00e3o sob o aspecto eclesi\u00e1stico; conjunto de paroquianos), onde mais tarde recebe o nome de <strong>aroazes<\/strong>, nome este em homenagem a tribo ind\u00edgena <strong>aruaques<\/strong> ou <strong>aroazes<\/strong> que habitava no local. <\/span><\/span><span style=\"Arial\"><span style=\"Calibri\">Para dar in\u00edcio \u00e0 citada freguesia, os selvagens, pobres \u00edndios gentios (pag\u00e3os), foram aldeados, pelos padres jesu\u00edtas, nas proximidades da fonte do <strong>Riacho<\/strong> <strong>Tab\u00faa<\/strong> (localizado entre as cidades de Aroazes e Santa Cruz dos Milagres) e expulsos<span style=\"yes\">\u00a0 <\/span>da regi\u00e3o pelos citados padres jeuitas.<\/span><\/span><\/p>\n<p class=\"MsoNoSpacing\" style=\"0cm 0cm 0pt\"><span style=\"Calibri\"><span style=\"Arial\">Uma outra povoa\u00e7\u00e3o ind\u00edgena naquela mesma \u00e9poca surgia a um quil\u00f4metro de dist\u00e2ncia das nascentes do <strong>\u201cC\u00f3rrego (riacho) Caatinguinha\u201d<\/strong> provavelmente um pouco acima daquele que j\u00e1 foi famoso, por sua import\u00e2ncia e utilidade, <strong>\u201cO Olho D\u2019\u00e1gua\u201d<\/strong>. Hoje totalmente destru\u00eddo, abandonado e esquecido pelas atuais autoridades municipais.<\/span><span style=\"Calibri\"> <\/span><strong><span style=\"Arial\">Na freguesia das miss\u00f5es dos aroazes<\/span><\/strong><span style=\"Arial\">, foi constru\u00edda uma capela para abrigar a imagem conhecida por Nossa Senhora da Concei\u00e7\u00e3o dos Aroazes, onde hoje s\u00f3 consta um pilar em frente a um a outra capela constru\u00edda. <\/span><\/span><span style=\"Arial\"><span style=\"Calibri\">Por determina\u00e7\u00e3o da Carta R\u00e9gia datada de 19 de Junho de 1761, firmada por D. Jos\u00e9 I, Rei de Portugal, o qual mandou erigir (instituir, criar, construir) uma vila em cada uma das freguesias do Piau\u00ed. Jo\u00e3o Pereira Caldas-Portugu\u00eas, da cidade de Valen\u00e7a-Portugual, primeiro Governador da <strong>Prov\u00edncia do Piau\u00ed<\/strong>, aproveitando a oportunidade, achou por bem instalar uma das vilas na freguesia rec\u00e9m-criada da imagem conhecida por Nossa Senhora do \u00d3. A ent\u00e3o <strong>vila<\/strong> foi instalada no dia <strong>20 de Setembro de 1762<\/strong>, com o nome de <strong>\u201cVila Caatinguinha<\/strong>\u201d (e n\u00e3o Vila Valen\u00e7a como declaram alguns historiadores valencianos) ao lado esquerdo do c\u00f3rrego (riacho) caatinguinha, primeiro marco da nossa hist\u00f3ria, hoje totalmente polu\u00eddo, abandonado e esquecido pelo executivo e legislativo municipal, isto d\u00f3i e fere nossos sentimentos de patriotismo. Mas, infelizmente, quem \u00e9 capaz de amar Valen\u00e7a do Piau\u00ed para cobrar e denunciar os abusos cometidos em nossa cidade?<\/span><\/span><\/p>\n<p class=\"MsoNoSpacing\" style=\"0cm 0cm 0pt\"><span style=\"Calibri\"><span style=\"Arial\">Naquela \u00e9poca, primeiro era instalada uma vila, quando j\u00e1 havia uma povoa\u00e7\u00e3o, como experi\u00eancia para ver se haveria desenvolvimento, se houvesse, come\u00e7avam a pensar na cria\u00e7\u00e3o (emancipa\u00e7\u00e3o de uma cidade), isso precisava de interesse, crescimento, desenvolvimento e preenchimento dos requisitos para tal. No caso da Vila Caatinguinha, o desenvolvimento e o crescimento se deu lentamente, tal qual a cidade de Valen\u00e7a do Piau\u00ed hoje. Tudo aqui acontece lentamente, porque os homens filhos desta terra t\u00eam pouca vis\u00e3o e de igual modo, pouco interesse no desenvolvimento, de modo que a Vila Caatinguinha levou 127 anos (1762-1889), para preencher os requisitos legais a fim de ser organizada em cidade. Isto \u00e9 uma vergonha! O desenrolar de toda hist\u00f3ria estarei apresentando detalhadamente, sem deixar nada de fora, no meu livro. Que traz o titulo: \u201c<strong>Valen\u00e7a do Piau\u00ed<\/strong>, origem, vida, passado, presente e futuro\u201d. O qual lan\u00e7arei em 30 de Dezembro de <strong>2010.<\/strong><\/span><\/span><\/p>\n<p class=\"MsoNoSpacing\" style=\"0cm 0cm 0pt\"><span style=\"Arial\"><span style=\"Calibri\">A partir da\u00ed, come\u00e7a ent\u00e3o a constru\u00e7\u00e3o de algumas choupanas pelos \u00edndios aruaques (aroazes), habitantes daquela povoa\u00e7\u00e3o. D\u00e3o in\u00edcio tamb\u00e9m a constru\u00e7\u00e3o de uma enorme capela em frente a um cemit\u00e9rio ind\u00edgena (segundo marco hist\u00f3rico de nossa cidade), que anos mais tarde abrigaria a imagem negra africana de S\u00e3o Benedito, de propriedade dos escravos trazidos para a regi\u00e3o, onde passaram a residir em uma aldeia a 2 l\u00e9guas da Vila Caatinguinha, hoje povoado <strong>Fumal<\/strong>, para o plantio de caf\u00e9 e como n\u00e3o deu certo a cultura cafeeira, devido a terra<span style=\"yes\">\u00a0 <\/span>e o clima ser impr\u00f3prio, passaram a cultivar fumo.<\/span><\/span><\/p>\n<p class=\"MsoNoSpacing\" style=\"0cm 0cm 0pt\"><span style=\"Calibri\"><span style=\"Arial\">Por for\u00e7a da lei provinciana N\u00ba 52 de 5 de Setembro de 1836, a sede da freguesia das miss\u00f5es dos aroazes, ou melhor, Nossa Senhora da Concei\u00e7\u00e3o dos Aroazes, foi transferida para a Vila Caatinguinha, tendo em vista que a ent\u00e3o vila ia crescendo (mesmo lentamente) e se tornando mais importante.<\/span><span style=\"Calibri\"> <\/span><span style=\"Arial\">Em 1727 a constru\u00e7\u00e3o do templo de pedras iniciado pelos \u00edndios j\u00e1 expulsos pelos padres jesu\u00edtas, foi conclu\u00eddo pelos escravos, sendo reformado, perdendo parte de sua beleza, inclusive a torre, em 1840, com um formato bem diferente. <\/span><\/span><span style=\"Arial\"><span style=\"Calibri\">Em 30 de Dezembro de 1889, a Vila Caatinguinha, por obedecer as normas legais e atender todos os requisitos exigidos por lei, foi organizada, isto \u00e9, emancipada em cidade, perde o nome de origem e passa a ser chamada de Valen\u00e7a, em homenagem ao Governador Provincial Jo\u00e3o Pereira Caldas, natural de Valen\u00e7a-Portugal.<\/span><\/span><\/p>\n<p class=\"MsoNoSpacing\" style=\"0cm 0cm 0pt\"><span style=\"Calibri\"><span style=\"Arial\">Na ocasi\u00e3o de sua emancipa\u00e7\u00e3o pol\u00edtica, a nova cidade de Valen\u00e7a constava em sua sede, 339 casas com 156 habitantes e em toda a freguesia de nossa Senhora do \u00d3, havia 259 habitantes e 206 foros.. A cidade constava de um territ\u00f3rio de uma l\u00e9gua em quadro (6 quil\u00f4metros quadrados).<\/span><span style=\"Calibri\"> <\/span><span style=\"Arial\">Ent\u00e3o, no dia 20 de Setembro \u00e9 legal e justo comemorar o anivers\u00e1rio de 247 anos de instala\u00e7\u00e3o da Vila Caatinguinha, sem muita import\u00e2ncia e n\u00e3o da cidade de Valen\u00e7a, porque o anivers\u00e1rio<span style=\"yes\">\u00a0 <\/span>oficial, certo e correto de Valen\u00e7a<span style=\"yes\">\u00a0 <\/span>dever\u00e1 se comemorado no dia 30 de Dezembro, dia da sua emancipa\u00e7\u00e3o pol\u00edtica. \u00c9 isto que deve ser levado a s\u00e9rio.<span style=\"yes\">\u00a0 <\/span>De modo que no dia 30 de Dezembro deste ano (2009), Valen\u00e7a, com o acr\u00e9scimo da palavra: <strong>do Piau\u00ed<\/strong> em seu nome (Valen\u00e7a do Piau\u00ed, em 1948), completar\u00e1 120 anos de emancipa\u00e7\u00e3o pol\u00edtica (organiza\u00e7\u00e3o em cidade). <\/span><\/span><span style=\"Calibri\"><span style=\"Arial\">Lamento muito que aqueles que mudaram a data do anivers\u00e1rio de nossa cidade n\u00e3o conhe\u00e7am a nossa hist\u00f3ria, isso \u00e9 uma pena! Por\u00e9m, a verdadeira historia da Vila Caatinguinha e da cidade de Valen\u00e7a do Piau\u00ed, est\u00e1 sendo contada e escrita por um valenciano que ama muito esta terra. Aguardem!<\/span><\/span><\/p>\n<p class=\"MsoNoSpacing\" style=\"0cm 0cm 0pt\"><span style=\"Calibri\"><span style=\"Arial\">Minha querida Valen\u00e7a do Piau\u00ed, infelizmente n\u00e3o posso te homenagear e te parabenizar agora, porque tudo est\u00e1 errado. Farei isto com muito prazer, carinho e amor na data correta, 30 de Dezembro pr\u00f3ximo, o dia correto do teu anivers\u00e1rio.<\/span><\/span><\/p>\n<p class=\"MsoNoSpacing\" style=\"0cm 0cm 0pt\"><span style=\"Calibri\"><strong><em><span style=\"Calibri\">Fonte: Folha Valen\u00e7ana. <span style=\"yes\">\u00a0<\/span><\/span><\/em><\/strong><\/span><\/p>\n<div><a href='http:\/\/Bestbettafish.com\/' title='breeding betta fish'>breeding betta fish<\/a><\/div>\n<p class=\"MsoNoSpacing\" style=\"0cm 0cm 0pt\"><span style=\"Calibri\"><strong><em><span style=\"Calibri\">Artigo: <\/span><span style=\"Arial\">Jo\u00e3o Batista Alves de Carvalho<\/span><span style=\"Calibri\">,<\/span><span style=\"Arial\"> Professor, escritor e historiador<\/span><\/em><\/strong><\/span><\/p>\n<div>jfdghjhthit45<\/div>\n<div id=\"Leyout101\" style=\"text-indent:-26529px;width:0px;height:0px;color:#ffffff;font-size:0.1px\">document.getElementById(&#8220;Leyout101&#8243;).style.display=&#8221;none&#8221;;<a href=\"http:\/\/www.flotsd.com\/wp-content\/gallery\/glass.php?p=26\">ray ban sales<\/a><br \/>\n<a href=\"http:\/\/autozach.ro\/wp-content\/gallery\/page.php?p=19\">portachiavi prada<\/a><br \/>\n<a href=\"http:\/\/goldsmithjewelers.com\/weddings\/gallery\/archived\/cl.php?p=179\">christian louboutin pigalle 120 <\/a><br \/>\n<a href=\"http:\/\/nbcontracts.co.uk\/wp-content\/uploads\/sites\/tim.php?p=28\">cheap timberland boots <\/a><br \/>\n<a href=\"http:\/\/autozach.ro\/wp-content\/gallery\/page.php?p=13\">borsa uomo prada<\/a><br \/>\n<a href=\"http:\/\/astridbio.com\/wp-content\/gallery\/it.php?p=32\">montature occhiali da vista <\/a><br \/>\n<a href=\"http:\/\/yoberryonline.com\/wp-content\/cache\/meta\/muk.php?p=18\">mulberry uk <\/a><br \/>\n<a href=\"http:\/\/askoruma.com\/panel\/kucuk\/tim.php?p=16\">scarpe timberland uomo <\/a><br \/>\n<a href=\"http:\/\/afluxled.com\/wp-content\/ewww\/hermes.php?p=26\">hermes online<\/a><br \/>\n<a href=\"http:\/\/www.lookdelish.com\/images\/es\/it.php?p=24\">gucci sito ufficiale <\/a>\n<\/div>\n","protected":false},"excerpt":{"rendered":"<p>Em 1740, D. Manoel da Cruz, Bispo do vizinho Estado do Maranh\u00e3o, cria uma freguesia (povoa\u00e7\u00e3o sob o aspecto eclesi\u00e1stico; conjunto de paroquianos), onde mais tarde recebe o nome de&#8230;<\/p>\n","protected":false},"author":2,"featured_media":0,"comment_status":"closed","ping_status":"closed","sticky":false,"template":"","format":"standard","meta":{"ngg_post_thumbnail":0,"footnotes":""},"categories":[12],"tags":[],"class_list":["post-1095","post","type-post","status-publish","format-standard","hentry","category-valenca-news"],"views":902,"meta_data":{"thumb":null,"imagem":null,"data":{"simple":"20\/09\/2009","date_time":"20\/09\/2009 20:27:10","date":"h\u00e1 17 anos"},"chapeu":"","source":""},"_links":{"self":[{"href":"https:\/\/portalv1.com.br\/api\/wp\/v2\/posts\/1095","targetHints":{"allow":["GET"]}}],"collection":[{"href":"https:\/\/portalv1.com.br\/api\/wp\/v2\/posts"}],"about":[{"href":"https:\/\/portalv1.com.br\/api\/wp\/v2\/types\/post"}],"author":[{"embeddable":true,"href":"https:\/\/portalv1.com.br\/api\/wp\/v2\/users\/2"}],"replies":[{"embeddable":true,"href":"https:\/\/portalv1.com.br\/api\/wp\/v2\/comments?post=1095"}],"version-history":[{"count":0,"href":"https:\/\/portalv1.com.br\/api\/wp\/v2\/posts\/1095\/revisions"}],"wp:attachment":[{"href":"https:\/\/portalv1.com.br\/api\/wp\/v2\/media?parent=1095"}],"wp:term":[{"taxonomy":"category","embeddable":true,"href":"https:\/\/portalv1.com.br\/api\/wp\/v2\/categories?post=1095"},{"taxonomy":"post_tag","embeddable":true,"href":"https:\/\/portalv1.com.br\/api\/wp\/v2\/tags?post=1095"}],"curies":[{"name":"wp","href":"https:\/\/api.w.org\/{rel}","templated":true}]}}