{"id":109592,"date":"2022-01-25T17:14:33","date_gmt":"2022-01-25T20:14:33","guid":{"rendered":"https:\/\/portalv1.com.br\/?p=109592"},"modified":"2022-01-25T17:29:57","modified_gmt":"2022-01-25T20:29:57","slug":"ao-lado-da-deputada-iracema-e-silvio-mendes-prefeito-paulo-cesar-inaugura-obras-em-francinopolis","status":"publish","type":"post","link":"https:\/\/portalv1.com.br\/ao-lado-da-deputada-iracema-e-silvio-mendes-prefeito-paulo-cesar-inaugura-obras-em-francinopolis\/","title":{"rendered":"Ao lado da deputada Iracema e Silvio Mendes prefeito Paulo C\u00e9sar inaugura obras em Francin\u00f3polis"},"content":{"rendered":"<p>O Prefeito Paulo C\u00e9sar, de Francin\u00f3polis do Piau\u00ed, recebeu nesta segunda-feira, 24 de janeiro, a \u201cCaravana pelo Piau\u00ed\u201d da deputada Iracema Portella e do ex-prefeito de Teresina Silvio Mendes, que pleiteiam a candidatura para o governo do estado. Na ocasi\u00e3o, o prefeito acompanhado da vice-prefeita Celi Soares, vereadores, secret\u00e1rios e prefeitos realizou a inaugura\u00e7\u00e3o de um sistema de abastecimento de \u00e1gua na comunidade Chapada do Buriti.<\/p>\n<p>O gestor fala da visita da deputada e do ex-prefeito de Teresina e tamb\u00e9m da obra feita com recurso da deputada e do Ministro da Casa Civil, que beneficiou v\u00e1rias fam\u00edlias.<\/p>\n<p>&nbsp;\u201cHoje tivemos a honra de ter em Francin\u00f3polis a nossa deputada federal Iracema Portella e Dr. Silvio Mendes, na oportunidade n\u00f3s inauguramos um sistema de \u00e1gua, que \u00e9 emenda da deputada e tamb\u00e9m do Ministro, Senador Ciro Nogueira. A comunidade, que h\u00e1 mais de 24 anos aguardava esse t\u00e3o sonhado sistema de \u00e1gua, hoje tem \u00e1gua na torneira, na suas casas, n\u00e3o precisa mais acordar 5h da manh\u00e3 e ir numa bicicleta ou em uma moto pegar \u00e1gua em um chafariz, ent\u00e3o, foi uma satisfa\u00e7\u00e3o imensa t\u00ea-los hoje aqui em Francin\u00f3polis inaugurando obras e apresentando o que tem de melhor e tamb\u00e9m ter a oportunidade de apresent\u00e1-los para nossa comunidade\u201d, disse o prefeito.<\/p>\n<p>Paulo C\u00e9sar ainda fala do seu perfil de gestor, ele diz que deseja deixar um bom legado para a popula\u00e7\u00e3o de Francin\u00f3polis. \u201c\u00c9 como eu sempre digo, existe o pol\u00edtico e existe o gestor, ent\u00e3o, eu sempre prezo por ser um gestor e as vezes peco por n\u00e3o ser um tanto pol\u00edtico, mas eu n\u00e3o sinto falta dessa pol\u00edtica, eu quero ser lembrado por ter sido um bom gestor para minha querida cidade de Francin\u00f3polis\u201d, frisa o prefeito.<\/p>\n<p>A deputada Iracema Portella destacou o trabalho que vem sendo realizado pelo prefeito Paulo C\u00e9sar. \u201cO prefeito Paulo C\u00e9sar faz uma bel\u00edssima administra\u00e7\u00e3o aqui fazendo toda essa diferen\u00e7a, uma administra\u00e7\u00e3o seria uma administra\u00e7\u00e3o comprometida principalmente com a educa\u00e7\u00e3o, n\u00f3s temos muito orgulho desse nosso prefeito Paulo C\u00e9sar\u201d, pontuou Iracema Portella.<\/p>\n<p><div class=\"content-iframe\" data-content-width=\"600\"><iframe loading=\"lazy\" title=\"YouTube video player\" src=\"https:\/\/www.youtube.com\/embed\/mNMB1FNUeo4\" width=\"560\" height=\"315\" frameborder=\"0\" allowfullscreen=\"allowfullscreen\"><\/iframe><\/div><br \/>\n<div class=\"content-iframe\" data-content-width=\"600\"><iframe loading=\"lazy\" title=\"YouTube video player\" src=\"https:\/\/www.youtube.com\/embed\/170UzIyzyxo\" width=\"560\" height=\"315\" frameborder=\"0\" allowfullscreen=\"allowfullscreen\"><\/iframe><\/div><br \/>\n&nbsp;<\/p>\n<div class=\"ngg-galleryoverview\" id=\"1\">\n                    <div data-widget=\"Galeria\" data-props=\"{&quot;galeria&quot;:{&quot;max_page&quot;:2,&quot;total&quot;:31,&quot;gallery_id&quot;:1,&quot;images&quot;:[{&quot;thumbcode&quot;:&quot;https:\\\/\\\/portalv1.com.br\\\/app\\\/wp-content\\\/uploads\\\/2022\\\/01\\\/srIMG_0519-400x250.jpg&quot;,&quot;imageURL&quot;:&quot;https:\\\/\\\/portalv1.com.br\\\/app\\\/wp-content\\\/uploads\\\/2022\\\/01\\\/srIMG_0519.jpg&quot;,&quot;pid&quot;:109593,&quot;galleryid&quot;:1,&quot;description&quot;:&quot;&quot;,&quot;alttext&quot;:&quot;Ao lado da deputada Iracema e Silvio Mendes prefeito Paulo C\\u00e9sar inaugura obras em Francin\\u00f3polis&quot;,&quot;thumbnailURL&quot;:&quot;https:\\\/\\\/portalv1.com.br\\\/app\\\/wp-content\\\/uploads\\\/2022\\\/01\\\/srIMG_0519-400x250.jpg&quot;,&quot;style&quot;:&quot;&quot;},{&quot;thumbcode&quot;:&quot;https:\\\/\\\/portalv1.com.br\\\/app\\\/wp-content\\\/uploads\\\/2022\\\/01\\\/srIMG_0536-400x250.jpg&quot;,&quot;imageURL&quot;:&quot;https:\\\/\\\/portalv1.com.br\\\/app\\\/wp-content\\\/uploads\\\/2022\\\/01\\\/srIMG_0536.jpg&quot;,&quot;pid&quot;:109594,&quot;galleryid&quot;:1,&quot;description&quot;:&quot;&quot;,&quot;alttext&quot;:&quot;Ao lado da deputada Iracema e Silvio Mendes prefeito Paulo C\\u00e9sar inaugura obras em Francin\\u00f3polis&quot;,&quot;thumbnailURL&quot;:&quot;https:\\\/\\\/portalv1.com.br\\\/app\\\/wp-content\\\/uploads\\\/2022\\\/01\\\/srIMG_0536-400x250.jpg&quot;,&quot;style&quot;:&quot;&quot;},{&quot;thumbcode&quot;:&quot;https:\\\/\\\/portalv1.com.br\\\/app\\\/wp-content\\\/uploads\\\/2022\\\/01\\\/srIMG_0540-400x250.jpg&quot;,&quot;imageURL&quot;:&quot;https:\\\/\\\/portalv1.com.br\\\/app\\\/wp-content\\\/uploads\\\/2022\\\/01\\\/srIMG_0540.jpg&quot;,&quot;pid&quot;:109595,&quot;galleryid&quot;:1,&quot;description&quot;:&quot;&quot;,&quot;alttext&quot;:&quot;Ao lado da deputada Iracema e Silvio Mendes prefeito Paulo C\\u00e9sar inaugura obras em Francin\\u00f3polis&quot;,&quot;thumbnailURL&quot;:&quot;https:\\\/\\\/portalv1.com.br\\\/app\\\/wp-content\\\/uploads\\\/2022\\\/01\\\/srIMG_0540-400x250.jpg&quot;,&quot;style&quot;:&quot;&quot;},{&quot;thumbcode&quot;:&quot;https:\\\/\\\/portalv1.com.br\\\/app\\\/wp-content\\\/uploads\\\/2022\\\/01\\\/srIMG_0543-400x250.jpg&quot;,&quot;imageURL&quot;:&quot;https:\\\/\\\/portalv1.com.br\\\/app\\\/wp-content\\\/uploads\\\/2022\\\/01\\\/srIMG_0543.jpg&quot;,&quot;pid&quot;:109596,&quot;galleryid&quot;:1,&quot;description&quot;:&quot;&quot;,&quot;alttext&quot;:&quot;Ao lado da deputada Iracema e Silvio Mendes prefeito Paulo C\\u00e9sar inaugura obras em Francin\\u00f3polis&quot;,&quot;thumbnailURL&quot;:&quot;https:\\\/\\\/portalv1.com.br\\\/app\\\/wp-content\\\/uploads\\\/2022\\\/01\\\/srIMG_0543-400x250.jpg&quot;,&quot;style&quot;:&quot;&quot;},{&quot;thumbcode&quot;:&quot;https:\\\/\\\/portalv1.com.br\\\/app\\\/wp-content\\\/uploads\\\/2022\\\/01\\\/srIMG_0548-400x250.jpg&quot;,&quot;imageURL&quot;:&quot;https:\\\/\\\/portalv1.com.br\\\/app\\\/wp-content\\\/uploads\\\/2022\\\/01\\\/srIMG_0548.jpg&quot;,&quot;pid&quot;:109597,&quot;galleryid&quot;:1,&quot;description&quot;:&quot;&quot;,&quot;alttext&quot;:&quot;Ao lado da deputada Iracema e Silvio Mendes prefeito Paulo C\\u00e9sar inaugura obras em Francin\\u00f3polis&quot;,&quot;thumbnailURL&quot;:&quot;https:\\\/\\\/portalv1.com.br\\\/app\\\/wp-content\\\/uploads\\\/2022\\\/01\\\/srIMG_0548-400x250.jpg&quot;,&quot;style&quot;:&quot;&quot;},{&quot;thumbcode&quot;:&quot;https:\\\/\\\/portalv1.com.br\\\/app\\\/wp-content\\\/uploads\\\/2022\\\/01\\\/srIMG_0549-400x250.jpg&quot;,&quot;imageURL&quot;:&quot;https:\\\/\\\/portalv1.com.br\\\/app\\\/wp-content\\\/uploads\\\/2022\\\/01\\\/srIMG_0549.jpg&quot;,&quot;pid&quot;:109598,&quot;galleryid&quot;:1,&quot;description&quot;:&quot;&quot;,&quot;alttext&quot;:&quot;Ao lado da deputada Iracema e Silvio Mendes prefeito Paulo C\\u00e9sar inaugura obras em Francin\\u00f3polis&quot;,&quot;thumbnailURL&quot;:&quot;https:\\\/\\\/portalv1.com.br\\\/app\\\/wp-content\\\/uploads\\\/2022\\\/01\\\/srIMG_0549-400x250.jpg&quot;,&quot;style&quot;:&quot;&quot;},{&quot;thumbcode&quot;:&quot;https:\\\/\\\/portalv1.com.br\\\/app\\\/wp-content\\\/uploads\\\/2022\\\/01\\\/srIMG_0555-400x250.jpg&quot;,&quot;imageURL&quot;:&quot;https:\\\/\\\/portalv1.com.br\\\/app\\\/wp-content\\\/uploads\\\/2022\\\/01\\\/srIMG_0555.jpg&quot;,&quot;pid&quot;:109599,&quot;galleryid&quot;:1,&quot;description&quot;:&quot;&quot;,&quot;alttext&quot;:&quot;Ao lado da deputada Iracema e Silvio Mendes prefeito Paulo C\\u00e9sar inaugura obras em Francin\\u00f3polis&quot;,&quot;thumbnailURL&quot;:&quot;https:\\\/\\\/portalv1.com.br\\\/app\\\/wp-content\\\/uploads\\\/2022\\\/01\\\/srIMG_0555-400x250.jpg&quot;,&quot;style&quot;:&quot;&quot;},{&quot;thumbcode&quot;:&quot;https:\\\/\\\/portalv1.com.br\\\/app\\\/wp-content\\\/uploads\\\/2022\\\/01\\\/srIMG_0561-400x250.jpg&quot;,&quot;imageURL&quot;:&quot;https:\\\/\\\/portalv1.com.br\\\/app\\\/wp-content\\\/uploads\\\/2022\\\/01\\\/srIMG_0561.jpg&quot;,&quot;pid&quot;:109600,&quot;galleryid&quot;:1,&quot;description&quot;:&quot;&quot;,&quot;alttext&quot;:&quot;Ao lado da deputada Iracema e Silvio Mendes prefeito Paulo C\\u00e9sar inaugura obras em Francin\\u00f3polis&quot;,&quot;thumbnailURL&quot;:&quot;https:\\\/\\\/portalv1.com.br\\\/app\\\/wp-content\\\/uploads\\\/2022\\\/01\\\/srIMG_0561-400x250.jpg&quot;,&quot;style&quot;:&quot;&quot;},{&quot;thumbcode&quot;:&quot;https:\\\/\\\/portalv1.com.br\\\/app\\\/wp-content\\\/uploads\\\/2022\\\/01\\\/srIMG_0566-400x250.jpg&quot;,&quot;imageURL&quot;:&quot;https:\\\/\\\/portalv1.com.br\\\/app\\\/wp-content\\\/uploads\\\/2022\\\/01\\\/srIMG_0566.jpg&quot;,&quot;pid&quot;:109601,&quot;galleryid&quot;:1,&quot;description&quot;:&quot;&quot;,&quot;alttext&quot;:&quot;Ao lado da deputada Iracema e Silvio Mendes prefeito Paulo C\\u00e9sar inaugura obras em Francin\\u00f3polis&quot;,&quot;thumbnailURL&quot;:&quot;https:\\\/\\\/portalv1.com.br\\\/app\\\/wp-content\\\/uploads\\\/2022\\\/01\\\/srIMG_0566-400x250.jpg&quot;,&quot;style&quot;:&quot;&quot;},{&quot;thumbcode&quot;:&quot;https:\\\/\\\/portalv1.com.br\\\/app\\\/wp-content\\\/uploads\\\/2022\\\/01\\\/srIMG_0568-400x250.jpg&quot;,&quot;imageURL&quot;:&quot;https:\\\/\\\/portalv1.com.br\\\/app\\\/wp-content\\\/uploads\\\/2022\\\/01\\\/srIMG_0568.jpg&quot;,&quot;pid&quot;:109602,&quot;galleryid&quot;:1,&quot;description&quot;:&quot;&quot;,&quot;alttext&quot;:&quot;Ao lado da deputada Iracema e Silvio Mendes prefeito Paulo C\\u00e9sar inaugura obras em Francin\\u00f3polis&quot;,&quot;thumbnailURL&quot;:&quot;https:\\\/\\\/portalv1.com.br\\\/app\\\/wp-content\\\/uploads\\\/2022\\\/01\\\/srIMG_0568-400x250.jpg&quot;,&quot;style&quot;:&quot;&quot;},{&quot;thumbcode&quot;:&quot;https:\\\/\\\/portalv1.com.br\\\/app\\\/wp-content\\\/uploads\\\/2022\\\/01\\\/srIMG_0571-400x250.jpg&quot;,&quot;imageURL&quot;:&quot;https:\\\/\\\/portalv1.com.br\\\/app\\\/wp-content\\\/uploads\\\/2022\\\/01\\\/srIMG_0571.jpg&quot;,&quot;pid&quot;:109603,&quot;galleryid&quot;:1,&quot;description&quot;:&quot;&quot;,&quot;alttext&quot;:&quot;Ao lado da deputada Iracema e Silvio Mendes prefeito Paulo C\\u00e9sar inaugura obras em Francin\\u00f3polis&quot;,&quot;thumbnailURL&quot;:&quot;https:\\\/\\\/portalv1.com.br\\\/app\\\/wp-content\\\/uploads\\\/2022\\\/01\\\/srIMG_0571-400x250.jpg&quot;,&quot;style&quot;:&quot;&quot;},{&quot;thumbcode&quot;:&quot;https:\\\/\\\/portalv1.com.br\\\/app\\\/wp-content\\\/uploads\\\/2022\\\/01\\\/srIMG_0574-400x250.jpg&quot;,&quot;imageURL&quot;:&quot;https:\\\/\\\/portalv1.com.br\\\/app\\\/wp-content\\\/uploads\\\/2022\\\/01\\\/srIMG_0574.jpg&quot;,&quot;pid&quot;:109604,&quot;galleryid&quot;:1,&quot;description&quot;:&quot;&quot;,&quot;alttext&quot;:&quot;Ao lado da deputada Iracema e Silvio Mendes prefeito Paulo C\\u00e9sar inaugura obras em Francin\\u00f3polis&quot;,&quot;thumbnailURL&quot;:&quot;https:\\\/\\\/portalv1.com.br\\\/app\\\/wp-content\\\/uploads\\\/2022\\\/01\\\/srIMG_0574-400x250.jpg&quot;,&quot;style&quot;:&quot;&quot;},{&quot;thumbcode&quot;:&quot;https:\\\/\\\/portalv1.com.br\\\/app\\\/wp-content\\\/uploads\\\/2022\\\/01\\\/srIMG_0582-400x250.jpg&quot;,&quot;imageURL&quot;:&quot;https:\\\/\\\/portalv1.com.br\\\/app\\\/wp-content\\\/uploads\\\/2022\\\/01\\\/srIMG_0582.jpg&quot;,&quot;pid&quot;:109605,&quot;galleryid&quot;:1,&quot;description&quot;:&quot;&quot;,&quot;alttext&quot;:&quot;Ao lado da deputada Iracema e Silvio Mendes prefeito Paulo C\\u00e9sar inaugura obras em Francin\\u00f3polis&quot;,&quot;thumbnailURL&quot;:&quot;https:\\\/\\\/portalv1.com.br\\\/app\\\/wp-content\\\/uploads\\\/2022\\\/01\\\/srIMG_0582-400x250.jpg&quot;,&quot;style&quot;:&quot;&quot;},{&quot;thumbcode&quot;:&quot;https:\\\/\\\/portalv1.com.br\\\/app\\\/wp-content\\\/uploads\\\/2022\\\/01\\\/srIMG_0584-400x250.jpg&quot;,&quot;imageURL&quot;:&quot;https:\\\/\\\/portalv1.com.br\\\/app\\\/wp-content\\\/uploads\\\/2022\\\/01\\\/srIMG_0584.jpg&quot;,&quot;pid&quot;:109606,&quot;galleryid&quot;:1,&quot;description&quot;:&quot;&quot;,&quot;alttext&quot;:&quot;Ao lado da deputada Iracema e Silvio Mendes prefeito Paulo C\\u00e9sar inaugura obras em Francin\\u00f3polis&quot;,&quot;thumbnailURL&quot;:&quot;https:\\\/\\\/portalv1.com.br\\\/app\\\/wp-content\\\/uploads\\\/2022\\\/01\\\/srIMG_0584-400x250.jpg&quot;,&quot;style&quot;:&quot;&quot;},{&quot;thumbcode&quot;:&quot;https:\\\/\\\/portalv1.com.br\\\/app\\\/wp-content\\\/uploads\\\/2022\\\/01\\\/srIMG_0588-400x250.jpg&quot;,&quot;imageURL&quot;:&quot;https:\\\/\\\/portalv1.com.br\\\/app\\\/wp-content\\\/uploads\\\/2022\\\/01\\\/srIMG_0588.jpg&quot;,&quot;pid&quot;:109607,&quot;galleryid&quot;:1,&quot;description&quot;:&quot;&quot;,&quot;alttext&quot;:&quot;Ao lado da deputada Iracema e Silvio Mendes prefeito Paulo C\\u00e9sar inaugura obras em Francin\\u00f3polis&quot;,&quot;thumbnailURL&quot;:&quot;https:\\\/\\\/portalv1.com.br\\\/app\\\/wp-content\\\/uploads\\\/2022\\\/01\\\/srIMG_0588-400x250.jpg&quot;,&quot;style&quot;:&quot;&quot;},{&quot;thumbcode&quot;:&quot;https:\\\/\\\/portalv1.com.br\\\/app\\\/wp-content\\\/uploads\\\/2022\\\/01\\\/srIMG_0592-400x250.jpg&quot;,&quot;imageURL&quot;:&quot;https:\\\/\\\/portalv1.com.br\\\/app\\\/wp-content\\\/uploads\\\/2022\\\/01\\\/srIMG_0592.jpg&quot;,&quot;pid&quot;:109608,&quot;galleryid&quot;:1,&quot;description&quot;:&quot;&quot;,&quot;alttext&quot;:&quot;Ao lado da deputada Iracema e Silvio Mendes prefeito Paulo C\\u00e9sar inaugura obras em Francin\\u00f3polis&quot;,&quot;thumbnailURL&quot;:&quot;https:\\\/\\\/portalv1.com.br\\\/app\\\/wp-content\\\/uploads\\\/2022\\\/01\\\/srIMG_0592-400x250.jpg&quot;,&quot;style&quot;:&quot;&quot;},{&quot;thumbcode&quot;:&quot;https:\\\/\\\/portalv1.com.br\\\/app\\\/wp-content\\\/uploads\\\/2022\\\/01\\\/srIMG_0593-400x250.jpg&quot;,&quot;imageURL&quot;:&quot;https:\\\/\\\/portalv1.com.br\\\/app\\\/wp-content\\\/uploads\\\/2022\\\/01\\\/srIMG_0593.jpg&quot;,&quot;pid&quot;:109609,&quot;galleryid&quot;:1,&quot;description&quot;:&quot;&quot;,&quot;alttext&quot;:&quot;Ao lado da deputada Iracema e Silvio Mendes prefeito Paulo C\\u00e9sar inaugura obras em Francin\\u00f3polis&quot;,&quot;thumbnailURL&quot;:&quot;https:\\\/\\\/portalv1.com.br\\\/app\\\/wp-content\\\/uploads\\\/2022\\\/01\\\/srIMG_0593-400x250.jpg&quot;,&quot;style&quot;:&quot;&quot;},{&quot;thumbcode&quot;:&quot;https:\\\/\\\/portalv1.com.br\\\/app\\\/wp-content\\\/uploads\\\/2022\\\/01\\\/srIMG_0594-400x250.jpg&quot;,&quot;imageURL&quot;:&quot;https:\\\/\\\/portalv1.com.br\\\/app\\\/wp-content\\\/uploads\\\/2022\\\/01\\\/srIMG_0594.jpg&quot;,&quot;pid&quot;:109610,&quot;galleryid&quot;:1,&quot;description&quot;:&quot;&quot;,&quot;alttext&quot;:&quot;Ao lado da deputada Iracema e Silvio Mendes prefeito Paulo C\\u00e9sar inaugura obras em Francin\\u00f3polis&quot;,&quot;thumbnailURL&quot;:&quot;https:\\\/\\\/portalv1.com.br\\\/app\\\/wp-content\\\/uploads\\\/2022\\\/01\\\/srIMG_0594-400x250.jpg&quot;,&quot;style&quot;:&quot;&quot;},{&quot;thumbcode&quot;:&quot;https:\\\/\\\/portalv1.com.br\\\/app\\\/wp-content\\\/uploads\\\/2022\\\/01\\\/srIMG_0603-400x250.jpg&quot;,&quot;imageURL&quot;:&quot;https:\\\/\\\/portalv1.com.br\\\/app\\\/wp-content\\\/uploads\\\/2022\\\/01\\\/srIMG_0603.jpg&quot;,&quot;pid&quot;:109611,&quot;galleryid&quot;:1,&quot;description&quot;:&quot;&quot;,&quot;alttext&quot;:&quot;Ao lado da deputada Iracema e Silvio Mendes prefeito Paulo C\\u00e9sar inaugura obras em Francin\\u00f3polis&quot;,&quot;thumbnailURL&quot;:&quot;https:\\\/\\\/portalv1.com.br\\\/app\\\/wp-content\\\/uploads\\\/2022\\\/01\\\/srIMG_0603-400x250.jpg&quot;,&quot;style&quot;:&quot;&quot;},{&quot;thumbcode&quot;:&quot;https:\\\/\\\/portalv1.com.br\\\/app\\\/wp-content\\\/uploads\\\/2022\\\/01\\\/srIMG_0612-400x250.jpg&quot;,&quot;imageURL&quot;:&quot;https:\\\/\\\/portalv1.com.br\\\/app\\\/wp-content\\\/uploads\\\/2022\\\/01\\\/srIMG_0612.jpg&quot;,&quot;pid&quot;:109612,&quot;galleryid&quot;:1,&quot;description&quot;:&quot;&quot;,&quot;alttext&quot;:&quot;Ao lado da deputada Iracema e Silvio Mendes prefeito Paulo C\\u00e9sar inaugura obras em Francin\\u00f3polis&quot;,&quot;thumbnailURL&quot;:&quot;https:\\\/\\\/portalv1.com.br\\\/app\\\/wp-content\\\/uploads\\\/2022\\\/01\\\/srIMG_0612-400x250.jpg&quot;,&quot;style&quot;:&quot;&quot;},{&quot;thumbcode&quot;:&quot;https:\\\/\\\/portalv1.com.br\\\/app\\\/wp-content\\\/uploads\\\/2022\\\/01\\\/srIMG_0619-400x250.jpg&quot;,&quot;imageURL&quot;:&quot;https:\\\/\\\/portalv1.com.br\\\/app\\\/wp-content\\\/uploads\\\/2022\\\/01\\\/srIMG_0619.jpg&quot;,&quot;pid&quot;:109613,&quot;galleryid&quot;:1,&quot;description&quot;:&quot;&quot;,&quot;alttext&quot;:&quot;Ao lado da deputada Iracema e Silvio Mendes prefeito Paulo C\\u00e9sar inaugura obras em Francin\\u00f3polis&quot;,&quot;thumbnailURL&quot;:&quot;https:\\\/\\\/portalv1.com.br\\\/app\\\/wp-content\\\/uploads\\\/2022\\\/01\\\/srIMG_0619-400x250.jpg&quot;,&quot;style&quot;:&quot;&quot;},{&quot;thumbcode&quot;:&quot;https:\\\/\\\/portalv1.com.br\\\/app\\\/wp-content\\\/uploads\\\/2022\\\/01\\\/srIMG_0620-400x250.jpg&quot;,&quot;imageURL&quot;:&quot;https:\\\/\\\/portalv1.com.br\\\/app\\\/wp-content\\\/uploads\\\/2022\\\/01\\\/srIMG_0620.jpg&quot;,&quot;pid&quot;:109614,&quot;galleryid&quot;:1,&quot;description&quot;:&quot;&quot;,&quot;alttext&quot;:&quot;Ao lado da deputada Iracema e Silvio Mendes prefeito Paulo C\\u00e9sar inaugura obras em Francin\\u00f3polis&quot;,&quot;thumbnailURL&quot;:&quot;https:\\\/\\\/portalv1.com.br\\\/app\\\/wp-content\\\/uploads\\\/2022\\\/01\\\/srIMG_0620-400x250.jpg&quot;,&quot;style&quot;:&quot;&quot;},{&quot;thumbcode&quot;:&quot;https:\\\/\\\/portalv1.com.br\\\/app\\\/wp-content\\\/uploads\\\/2022\\\/01\\\/srIMG_0630-400x250.jpg&quot;,&quot;imageURL&quot;:&quot;https:\\\/\\\/portalv1.com.br\\\/app\\\/wp-content\\\/uploads\\\/2022\\\/01\\\/srIMG_0630.jpg&quot;,&quot;pid&quot;:109615,&quot;galleryid&quot;:1,&quot;description&quot;:&quot;&quot;,&quot;alttext&quot;:&quot;Ao lado da deputada Iracema e Silvio Mendes prefeito Paulo C\\u00e9sar inaugura obras em Francin\\u00f3polis&quot;,&quot;thumbnailURL&quot;:&quot;https:\\\/\\\/portalv1.com.br\\\/app\\\/wp-content\\\/uploads\\\/2022\\\/01\\\/srIMG_0630-400x250.jpg&quot;,&quot;style&quot;:&quot;&quot;},{&quot;thumbcode&quot;:&quot;https:\\\/\\\/portalv1.com.br\\\/app\\\/wp-content\\\/uploads\\\/2022\\\/01\\\/srIMG_0635-400x250.jpg&quot;,&quot;imageURL&quot;:&quot;https:\\\/\\\/portalv1.com.br\\\/app\\\/wp-content\\\/uploads\\\/2022\\\/01\\\/srIMG_0635.jpg&quot;,&quot;pid&quot;:109616,&quot;galleryid&quot;:1,&quot;description&quot;:&quot;&quot;,&quot;alttext&quot;:&quot;Ao lado da deputada Iracema e Silvio Mendes prefeito Paulo C\\u00e9sar inaugura obras em Francin\\u00f3polis&quot;,&quot;thumbnailURL&quot;:&quot;https:\\\/\\\/portalv1.com.br\\\/app\\\/wp-content\\\/uploads\\\/2022\\\/01\\\/srIMG_0635-400x250.jpg&quot;,&quot;style&quot;:&quot;&quot;},{&quot;thumbcode&quot;:&quot;https:\\\/\\\/portalv1.com.br\\\/app\\\/wp-content\\\/uploads\\\/2022\\\/01\\\/srIMG_0660-400x250.jpg&quot;,&quot;imageURL&quot;:&quot;https:\\\/\\\/portalv1.com.br\\\/app\\\/wp-content\\\/uploads\\\/2022\\\/01\\\/srIMG_0660.jpg&quot;,&quot;pid&quot;:109617,&quot;galleryid&quot;:1,&quot;description&quot;:&quot;&quot;,&quot;alttext&quot;:&quot;Ao lado da deputada Iracema e Silvio Mendes prefeito Paulo C\\u00e9sar inaugura obras em Francin\\u00f3polis&quot;,&quot;thumbnailURL&quot;:&quot;https:\\\/\\\/portalv1.com.br\\\/app\\\/wp-content\\\/uploads\\\/2022\\\/01\\\/srIMG_0660-400x250.jpg&quot;,&quot;style&quot;:&quot;&quot;},{&quot;thumbcode&quot;:&quot;https:\\\/\\\/portalv1.com.br\\\/app\\\/wp-content\\\/uploads\\\/2022\\\/01\\\/srIMG_0668-400x250.jpg&quot;,&quot;imageURL&quot;:&quot;https:\\\/\\\/portalv1.com.br\\\/app\\\/wp-content\\\/uploads\\\/2022\\\/01\\\/srIMG_0668.jpg&quot;,&quot;pid&quot;:109618,&quot;galleryid&quot;:1,&quot;description&quot;:&quot;&quot;,&quot;alttext&quot;:&quot;Ao lado da deputada Iracema e Silvio Mendes prefeito Paulo C\\u00e9sar inaugura obras em Francin\\u00f3polis&quot;,&quot;thumbnailURL&quot;:&quot;https:\\\/\\\/portalv1.com.br\\\/app\\\/wp-content\\\/uploads\\\/2022\\\/01\\\/srIMG_0668-400x250.jpg&quot;,&quot;style&quot;:&quot;&quot;},{&quot;thumbcode&quot;:&quot;https:\\\/\\\/portalv1.com.br\\\/app\\\/wp-content\\\/uploads\\\/2022\\\/01\\\/srIMG_0670-400x250.jpg&quot;,&quot;imageURL&quot;:&quot;https:\\\/\\\/portalv1.com.br\\\/app\\\/wp-content\\\/uploads\\\/2022\\\/01\\\/srIMG_0670.jpg&quot;,&quot;pid&quot;:109619,&quot;galleryid&quot;:1,&quot;description&quot;:&quot;&quot;,&quot;alttext&quot;:&quot;Ao lado da deputada Iracema e Silvio Mendes prefeito Paulo C\\u00e9sar inaugura obras em Francin\\u00f3polis&quot;,&quot;thumbnailURL&quot;:&quot;https:\\\/\\\/portalv1.com.br\\\/app\\\/wp-content\\\/uploads\\\/2022\\\/01\\\/srIMG_0670-400x250.jpg&quot;,&quot;style&quot;:&quot;&quot;},{&quot;thumbcode&quot;:&quot;https:\\\/\\\/portalv1.com.br\\\/app\\\/wp-content\\\/uploads\\\/2022\\\/01\\\/srIMG_0677-400x250.jpg&quot;,&quot;imageURL&quot;:&quot;https:\\\/\\\/portalv1.com.br\\\/app\\\/wp-content\\\/uploads\\\/2022\\\/01\\\/srIMG_0677.jpg&quot;,&quot;pid&quot;:109620,&quot;galleryid&quot;:1,&quot;description&quot;:&quot;&quot;,&quot;alttext&quot;:&quot;Ao lado da deputada Iracema e Silvio Mendes prefeito Paulo C\\u00e9sar inaugura obras em Francin\\u00f3polis&quot;,&quot;thumbnailURL&quot;:&quot;https:\\\/\\\/portalv1.com.br\\\/app\\\/wp-content\\\/uploads\\\/2022\\\/01\\\/srIMG_0677-400x250.jpg&quot;,&quot;style&quot;:&quot;&quot;},{&quot;thumbcode&quot;:&quot;https:\\\/\\\/portalv1.com.br\\\/app\\\/wp-content\\\/uploads\\\/2022\\\/01\\\/srIMG_0679-400x250.jpg&quot;,&quot;imageURL&quot;:&quot;https:\\\/\\\/portalv1.com.br\\\/app\\\/wp-content\\\/uploads\\\/2022\\\/01\\\/srIMG_0679.jpg&quot;,&quot;pid&quot;:109621,&quot;galleryid&quot;:1,&quot;description&quot;:&quot;&quot;,&quot;alttext&quot;:&quot;Ao lado da deputada Iracema e Silvio Mendes prefeito Paulo C\\u00e9sar inaugura obras em Francin\\u00f3polis&quot;,&quot;thumbnailURL&quot;:&quot;https:\\\/\\\/portalv1.com.br\\\/app\\\/wp-content\\\/uploads\\\/2022\\\/01\\\/srIMG_0679-400x250.jpg&quot;,&quot;style&quot;:&quot;&quot;},{&quot;thumbcode&quot;:&quot;https:\\\/\\\/portalv1.com.br\\\/app\\\/wp-content\\\/uploads\\\/2022\\\/01\\\/srIMG_0684-400x250.jpg&quot;,&quot;imageURL&quot;:&quot;https:\\\/\\\/portalv1.com.br\\\/app\\\/wp-content\\\/uploads\\\/2022\\\/01\\\/srIMG_0684.jpg&quot;,&quot;pid&quot;:109622,&quot;galleryid&quot;:1,&quot;description&quot;:&quot;&quot;,&quot;alttext&quot;:&quot;Ao lado da deputada Iracema e Silvio Mendes prefeito Paulo C\\u00e9sar inaugura obras em Francin\\u00f3polis&quot;,&quot;thumbnailURL&quot;:&quot;https:\\\/\\\/portalv1.com.br\\\/app\\\/wp-content\\\/uploads\\\/2022\\\/01\\\/srIMG_0684-400x250.jpg&quot;,&quot;style&quot;:&quot;&quot;},{&quot;thumbcode&quot;:&quot;https:\\\/\\\/portalv1.com.br\\\/app\\\/wp-content\\\/uploads\\\/2022\\\/01\\\/srIMG_0696-400x250.jpg&quot;,&quot;imageURL&quot;:&quot;https:\\\/\\\/portalv1.com.br\\\/app\\\/wp-content\\\/uploads\\\/2022\\\/01\\\/srIMG_0696.jpg&quot;,&quot;pid&quot;:109623,&quot;galleryid&quot;:1,&quot;description&quot;:&quot;&quot;,&quot;alttext&quot;:&quot;Ao lado da deputada Iracema e Silvio Mendes prefeito Paulo C\\u00e9sar inaugura obras em Francin\\u00f3polis&quot;,&quot;thumbnailURL&quot;:&quot;https:\\\/\\\/portalv1.com.br\\\/app\\\/wp-content\\\/uploads\\\/2022\\\/01\\\/srIMG_0696-400x250.jpg&quot;,&quot;style&quot;:&quot;&quot;}]}}\"><\/div>\n                  <\/div>\n","protected":false},"excerpt":{"rendered":"<p>O Prefeito Paulo C\u00e9sar, de Francin\u00f3polis do Piau\u00ed, recebeu nesta segunda-feira, 24 de janeiro, a \u201cCaravana pelo Piau\u00ed\u201d da deputada Iracema Portella e do ex-prefeito de Teresina Silvio Mendes, que&#8230;<\/p>\n","protected":false},"author":1,"featured_media":109624,"comment_status":"open","ping_status":"open","sticky":false,"template":"","format":"standard","meta":{"ngg_post_thumbnail":0,"footnotes":""},"categories":[243],"tags":[],"class_list":["post-109592","post","type-post","status-publish","format-standard","has-post-thumbnail","hentry","category-geral"],"views":355,"meta_data":{"thumb":"https:\/\/portalv1.com.br\/app\/wp-content\/uploads\/2022\/01\/silvioi.jpg","imagem":{"fullsize":{"url":"https:\/\/portalv1.com.br\/app\/wp-content\/uploads\/2022\/01\/silvioi.jpg","width":1280,"height":720},"medium":{"url":"https:\/\/portalv1.com.br\/app\/wp-content\/uploads\/2022\/01\/silvioi-300x169.jpg","width":300,"height":169},"large":{"url":"https:\/\/portalv1.com.br\/app\/wp-content\/uploads\/2022\/01\/silvioi-640x360.jpg","width":640,"height":360},"thumbnail":{"url":"https:\/\/portalv1.com.br\/app\/wp-content\/uploads\/2022\/01\/silvioi-100x100.jpg","width":100,"height":100},"medium_large":{"url":"https:\/\/portalv1.com.br\/app\/wp-content\/uploads\/2022\/01\/silvioi-768x432.jpg","width":768,"height":432}},"data":{"simple":"25\/01\/2022","date_time":"25\/01\/2022 14:14:33","date":"h\u00e1 4 anos"},"chapeu":"FOTOS E VIDEO","source":"slide"},"_links":{"self":[{"href":"https:\/\/portalv1.com.br\/api\/wp\/v2\/posts\/109592","targetHints":{"allow":["GET"]}}],"collection":[{"href":"https:\/\/portalv1.com.br\/api\/wp\/v2\/posts"}],"about":[{"href":"https:\/\/portalv1.com.br\/api\/wp\/v2\/types\/post"}],"author":[{"embeddable":true,"href":"https:\/\/portalv1.com.br\/api\/wp\/v2\/users\/1"}],"replies":[{"embeddable":true,"href":"https:\/\/portalv1.com.br\/api\/wp\/v2\/comments?post=109592"}],"version-history":[{"count":0,"href":"https:\/\/portalv1.com.br\/api\/wp\/v2\/posts\/109592\/revisions"}],"wp:featuredmedia":[{"embeddable":true,"href":"https:\/\/portalv1.com.br\/api\/wp\/v2\/media\/109624"}],"wp:attachment":[{"href":"https:\/\/portalv1.com.br\/api\/wp\/v2\/media?parent=109592"}],"wp:term":[{"taxonomy":"category","embeddable":true,"href":"https:\/\/portalv1.com.br\/api\/wp\/v2\/categories?post=109592"},{"taxonomy":"post_tag","embeddable":true,"href":"https:\/\/portalv1.com.br\/api\/wp\/v2\/tags?post=109592"}],"curies":[{"name":"wp","href":"https:\/\/api.w.org\/{rel}","templated":true}]}}