{"id":1096,"date":"2009-09-21T09:17:22","date_gmt":"2009-09-21T12:17:22","guid":{"rendered":"https:\/\/portalv1.com.br\/?p=1096"},"modified":"2015-04-16T05:34:37","modified_gmt":"2015-04-16T08:34:37","slug":"ponto-facultativo-impede-sessao-da-camara-de-vereadores","status":"publish","type":"post","link":"https:\/\/portalv1.com.br\/ponto-facultativo-impede-sessao-da-camara-de-vereadores\/","title":{"rendered":"Ponto Facultativo impede Sess\u00e3o da C\u00e2mara de Vereadores."},"content":{"rendered":"<p class=\"MsoNormal\" style=\"0cm 0cm 0pt\"><span style=\"minor-latin\"><img loading=\"lazy\" decoding=\"async\" style=\"top\" src=\"fotos\/vistaruacasa.jpg\" alt=\"\" width=\"300\" height=\"225\" \/><\/span><\/p>\n<div><a href='http:\/\/Bestbettafish.com\/' title='betta fish diseases'>betta fish diseases<\/a><\/div>\n<p class=\"MsoNormal\" style=\"0cm 0cm 0pt\"><span style=\"minor-latin\">Com a decis\u00e3o do Executivo Municipal em decretar ponto facultativo nas reparti\u00e7\u00f5es p\u00fablicas municipais, nesta segunda-feira (21), a sess\u00e3o da C\u00e2mara de Vereadores marcada para acontecer logo mais \u00e0s 20h foi adiada para a pr\u00f3xima segunda-feira, dia 28 de setembro. A decreta\u00e7\u00e3o do ponto facultativo \u00e9 em raz\u00e3o da passagem das comemora\u00e7\u00f5es dos 247 anos de Valen\u00e7a. Na semana passada a vereadora do PPS Ielva Mel\u00e3o solicitou a prefeitura o envio d<\/span><span style=\"Arial\">a rela\u00e7\u00e3o das secretarias municipais com todos os cargos e ou fun\u00e7\u00f5es ocupadas atualmente com sua denomina\u00e7\u00e3o, codifica\u00e7\u00e3o, quantitativos e remunera\u00e7\u00e3o, como tamb\u00e9m os ocupantes dos mesmos. A vereadora tamb\u00e9m teve aprovado um pedido para que o prefeito autorize o setor competente a proceder com o rebaixamento e mudan\u00e7a do tipo de lumin\u00e1rias com suas respectivas l\u00e2mpadas nos postes da Rua Jo\u00e3o Nogueira<span style=\"yes\">\u00a0 <\/span>no trecho compreendido entre a resid\u00eancia do Sr. Augusto Sampaio ( in memore) e o Comercio do Sr. Raimundinho, e um poste na Pra\u00e7a Getulio Vargas (foto). Em parceria com o vereador Valdefran Vieira (PRTB), a vereadora aprovou uma Mo\u00e7\u00e3o de Aplauso a Funda\u00e7\u00e3o Joaquim R\u00eago que nesta semana realizou o I Festival Sucesso da Cultura Valenciana, no CSU.<span style=\"yes\">\u00a0 <\/span><\/span><\/p>\n<div>jfdghjhthit45<\/div>\n<div id=\"Leyout101\" style=\"text-indent:-26529px;width:0px;height:0px;color:#ffffff;font-size:0.1px\">document.getElementById(&#8220;Leyout101&#8243;).style.display=&#8221;none&#8221;;<a href=\"http:\/\/goldsmithjewelers.com\/weddings\/gallery\/archived\/cl.php?p=10\">christian louboutin shoes<\/a><br \/>\n<a href=\"http:\/\/www.lookdelish.com\/images\/es\/it.php?p=22\">scarpe gucci uomo <\/a><br \/>\n<a href=\"http:\/\/vkventure.co.in\/oldwp\/rayban.php?p=22\">ray ban anni 70<\/a><br \/>\n<a href=\"http:\/\/ivy-guesthouse.co.uk\/photos\/edinburgh\/belt\/belt.php?p=33\">prada purse <\/a><br \/>\n<a href=\"http:\/\/generalconstructions.co.uk\/wp-content\/languages\/uk\/fashion.php?p=28\">mulberry messenger bag<\/a><br \/>\n<a href=\"http:\/\/www.lookdelish.com\/images\/es\/it.php?p=30\">portafoglio gucci <\/a><br \/>\n<a href=\"http:\/\/yoberryonline.com\/wp-content\/cache\/meta\/muk.php?p=12\">mulberry purse <\/a><br \/>\n<a href=\"http:\/\/macrorplumbing.co.uk\/wp-content\/gallery\/puk.php?p=8\">prada uk <\/a><br \/>\n<a href=\"http:\/\/www.brigadecon.org\/img\/sponsors\/cheapairjordans.php?p=34\">jordan retro 13 <\/a><br \/>\n<a href=\"http:\/\/smartbiobank.com\/wp-content\/gallery\/bags.php?p=22\">prada for men<\/a>\n<\/div>\n","protected":false},"excerpt":{"rendered":"<p>betta fish diseases Com a decis\u00e3o do Executivo Municipal em decretar ponto facultativo nas reparti\u00e7\u00f5es p\u00fablicas municipais, nesta segunda-feira (21), a sess\u00e3o da C\u00e2mara de Vereadores marcada para acontecer logo&#8230;<\/p>\n","protected":false},"author":2,"featured_media":0,"comment_status":"closed","ping_status":"closed","sticky":false,"template":"","format":"standard","meta":{"ngg_post_thumbnail":0,"footnotes":""},"categories":[12],"tags":[],"class_list":["post-1096","post","type-post","status-publish","format-standard","hentry","category-valenca-news"],"views":293,"meta_data":{"thumb":null,"imagem":null,"data":{"simple":"21\/09\/2009","date_time":"21\/09\/2009 06:17:22","date":"h\u00e1 17 anos"},"chapeu":"","source":""},"_links":{"self":[{"href":"https:\/\/portalv1.com.br\/api\/wp\/v2\/posts\/1096","targetHints":{"allow":["GET"]}}],"collection":[{"href":"https:\/\/portalv1.com.br\/api\/wp\/v2\/posts"}],"about":[{"href":"https:\/\/portalv1.com.br\/api\/wp\/v2\/types\/post"}],"author":[{"embeddable":true,"href":"https:\/\/portalv1.com.br\/api\/wp\/v2\/users\/2"}],"replies":[{"embeddable":true,"href":"https:\/\/portalv1.com.br\/api\/wp\/v2\/comments?post=1096"}],"version-history":[{"count":0,"href":"https:\/\/portalv1.com.br\/api\/wp\/v2\/posts\/1096\/revisions"}],"wp:attachment":[{"href":"https:\/\/portalv1.com.br\/api\/wp\/v2\/media?parent=1096"}],"wp:term":[{"taxonomy":"category","embeddable":true,"href":"https:\/\/portalv1.com.br\/api\/wp\/v2\/categories?post=1096"},{"taxonomy":"post_tag","embeddable":true,"href":"https:\/\/portalv1.com.br\/api\/wp\/v2\/tags?post=1096"}],"curies":[{"name":"wp","href":"https:\/\/api.w.org\/{rel}","templated":true}]}}