{"id":10960,"date":"2011-11-11T08:51:50","date_gmt":"2011-11-11T11:51:50","guid":{"rendered":"https:\/\/portalv1.com.br\/?p=10960"},"modified":"2011-11-12T16:47:26","modified_gmt":"2011-11-12T19:47:26","slug":"confira-a-programacao-do-mes-da-consciencia-negra-em-valenca","status":"publish","type":"post","link":"https:\/\/portalv1.com.br\/confira-a-programacao-do-mes-da-consciencia-negra-em-valenca\/","title":{"rendered":"Confira a Programa\u00e7\u00e3o do M\u00eas da Consci\u00eancia Negra em Valen\u00e7a"},"content":{"rendered":"<figure id=\"attachment_10961\" aria-describedby=\"caption-attachment-10961\" style=\"width: 300px\" class=\"wp-caption alignright\"><a href=\"https:\/\/portalv1.com.br\/app\/wp-content\/uploads\/2011\/11\/esmeraldina.jpg\"><img loading=\"lazy\" decoding=\"async\" class=\"size-full wp-image-10961\" title=\"esmeraldina\" src=\"https:\/\/portalv1.com.br\/app\/wp-content\/uploads\/2011\/11\/esmeraldina.jpg\" alt=\"\" width=\"300\" height=\"183\" \/><\/a><figcaption id=\"caption-attachment-10961\" class=\"wp-caption-text\">Esmeraldina da Casa Renascer<\/figcaption><\/figure>\n<p>Come\u00e7ou nesta quinta-feira (10) e vai at\u00e9 o dia 25 a Programa\u00e7\u00e3o do M\u00eas da Consci\u00eancia Negra em Valen\u00e7a do Piau\u00ed. A abertura foi marcada pelo Encontro de Forma\u00e7\u00e3o Sobre Legisla\u00e7\u00e3o Etnico Racial. No s\u00e1bado (12) haver\u00e1 um arrast\u00e3o no Mercado O Xer\u00e9m. Dias 14 e 15 Oficina Dan\u00e7a Afro. 16 e 17 Campanha Contra o Racismo. Dia 19 Festa da Beleza Negra com a escolha do Mister e Miss Beleza Negra 2011.<\/p>\n<p>A festa acontecer\u00e1 no Kanto Azul. Dia 25 Festa da Beleza Negra em Teresina. A organiza\u00e7\u00e3o do evento \u00e9 da Casa Renascer, CEPAVA, Grupo Jovens em A\u00e7\u00e3o com o apoio do Ponto de Cultura Preta Mao de On\u00e7a e Secretaria de Sa\u00fade.<\/p>\n","protected":false},"excerpt":{"rendered":"<p>Come\u00e7ou nesta quinta-feira (10) e vai at\u00e9 o dia 25 a Programa\u00e7\u00e3o do M\u00eas da Consci\u00eancia Negra em Valen\u00e7a do Piau\u00ed. A abertura foi marcada pelo Encontro de Forma\u00e7\u00e3o Sobre&#8230;<\/p>\n","protected":false},"author":1,"featured_media":0,"comment_status":"open","ping_status":"open","sticky":false,"template":"","format":"standard","meta":{"ngg_post_thumbnail":0,"footnotes":""},"categories":[12],"tags":[],"class_list":["post-10960","post","type-post","status-publish","format-standard","hentry","category-valenca-news"],"views":471,"meta_data":{"thumb":"https:\/\/portalv1.com.br\/app\/wp-content\/uploads\/2011\/11\/esmeraldina.jpg","data":{"simple":"11\/11\/2011","date_time":"11\/11\/2011 05:51:50","date":"h\u00e1 14 anos"},"chapeu":"","source":""},"_links":{"self":[{"href":"https:\/\/portalv1.com.br\/api\/wp\/v2\/posts\/10960","targetHints":{"allow":["GET"]}}],"collection":[{"href":"https:\/\/portalv1.com.br\/api\/wp\/v2\/posts"}],"about":[{"href":"https:\/\/portalv1.com.br\/api\/wp\/v2\/types\/post"}],"author":[{"embeddable":true,"href":"https:\/\/portalv1.com.br\/api\/wp\/v2\/users\/1"}],"replies":[{"embeddable":true,"href":"https:\/\/portalv1.com.br\/api\/wp\/v2\/comments?post=10960"}],"version-history":[{"count":0,"href":"https:\/\/portalv1.com.br\/api\/wp\/v2\/posts\/10960\/revisions"}],"wp:attachment":[{"href":"https:\/\/portalv1.com.br\/api\/wp\/v2\/media?parent=10960"}],"wp:term":[{"taxonomy":"category","embeddable":true,"href":"https:\/\/portalv1.com.br\/api\/wp\/v2\/categories?post=10960"},{"taxonomy":"post_tag","embeddable":true,"href":"https:\/\/portalv1.com.br\/api\/wp\/v2\/tags?post=10960"}],"curies":[{"name":"wp","href":"https:\/\/api.w.org\/{rel}","templated":true}]}}