{"id":110648,"date":"2022-02-11T12:59:47","date_gmt":"2022-02-11T15:59:47","guid":{"rendered":"https:\/\/portalv1.com.br\/?p=110648"},"modified":"2022-02-11T16:31:44","modified_gmt":"2022-02-11T19:31:44","slug":"prefeito-de-varzea-grande-participa-de-reuniao-de-lancamento-do-selo-unicef-no-municipio","status":"publish","type":"post","link":"https:\/\/portalv1.com.br\/prefeito-de-varzea-grande-participa-de-reuniao-de-lancamento-do-selo-unicef-no-municipio\/","title":{"rendered":"Prefeito de V\u00e1rzea Grande participa de reuni\u00e3o do Selo UNICEF no munic\u00edpio"},"content":{"rendered":"<p>O prefeito Robert Segundo participou nesta sexta-feira 11 de fevereiro, da reuni\u00e3o do Selo UNICEF de V\u00e1rzea Grande do Piau\u00ed. Al\u00e9m do gestor, participaram do encontro secret\u00e1rios das principais pastas da administra\u00e7\u00e3o p\u00fablica do munic\u00edpio.<\/p>\n<p>A reuni\u00e3o visa articular entre as secretarias da Educa\u00e7\u00e3o, Sa\u00fade, Assist\u00eancia Social, Agricultura a\u00e7\u00f5es que promovam qualidade e \u00eaxito na administra\u00e7\u00e3o p\u00fablica do munic\u00edpio.<\/p>\n<p>\u201cSeguimos imbu\u00eddos na busca pela conquista do Selo UNICEF, desde que assumi a gest\u00e3o temos investido em a\u00e7\u00f5es de cidadania e na promo\u00e7\u00e3o de projetos que incluam nossas crian\u00e7as e adolescentes no centro do governo, a\u00e7\u00f5es de sa\u00fade, na \u00e1rea social e na educa\u00e7\u00e3o e esporte, hoje dialoguei com a equipe Pr\u00f3-Selo em V\u00e1rzea Grande, e na certeza de que conquistaremos a aprova\u00e7\u00e3o. Avaliamos a metodologia e vamos nos dedicar a tornar V\u00e1rzea Grande um munic\u00edpio aprovado\u201d, afirma o prefeito Robert Segundo.<\/p>\n<p>O prefeito ainda agradeceu o empenho da equipe a frente dos trabalhos que propiciaram a conquista do Selo UNICEF. \u201cAgrade\u00e7o aos envolvidos com esse projeto, \u00e9 um projeto com muito trabalho e n\u00f3s estamos aqui trabalhando duro para trazer qualidade a nosso administra\u00e7\u00e3o\u201d, disse o gestor.<\/p>\n<p>O lan\u00e7amento da metodologia do Selo UNICEF vai nortear o trabalho das diversas pastar e garantir que o munic\u00edpio alcance a certifica\u00e7\u00e3o e melhore os \u00edndices do munic\u00edpio nos quesitos avaliados.<\/p>\n<p><div class=\"content-iframe\" data-content-width=\"600\"><iframe loading=\"lazy\" style=\"border: none; overflow: hidden;\" src=\"https:\/\/www.facebook.com\/plugins\/video.php?height=316&amp;href=https%3A%2F%2Fwww.facebook.com%2FSergioAlvesValenca%2Fvideos%2F2086704998165331%2F&amp;show_text=false&amp;width=560&amp;t=0\" width=\"560\" height=\"316\" frameborder=\"0\" scrolling=\"no\" allowfullscreen=\"allowfullscreen\"><\/iframe><\/div>&nbsp;<\/p>\n<p><img loading=\"lazy\" decoding=\"async\" class=\"alignnone size-medium wp-image-110649\" src=\"https:\/\/portalv1.com.br\/app\/wp-content\/uploads\/2022\/02\/WhatsApp-Image-2022-02-11-at-11.39.47-300x225.jpeg\" alt=\"\" width=\"300\" height=\"225\" srcset=\"https:\/\/portalv1.com.br\/app\/wp-content\/uploads\/2022\/02\/WhatsApp-Image-2022-02-11-at-11.39.47-300x225.jpeg 300w, https:\/\/portalv1.com.br\/app\/wp-content\/uploads\/2022\/02\/WhatsApp-Image-2022-02-11-at-11.39.47-640x480.jpeg 640w, https:\/\/portalv1.com.br\/app\/wp-content\/uploads\/2022\/02\/WhatsApp-Image-2022-02-11-at-11.39.47-768x576.jpeg 768w, https:\/\/portalv1.com.br\/app\/wp-content\/uploads\/2022\/02\/WhatsApp-Image-2022-02-11-at-11.39.47.jpeg 1024w\" sizes=\"auto, (max-width: 300px) 100vw, 300px\" \/> <img loading=\"lazy\" decoding=\"async\" class=\"alignnone size-medium wp-image-110650\" src=\"https:\/\/portalv1.com.br\/app\/wp-content\/uploads\/2022\/02\/WhatsApp-Image-2022-02-11-at-11.39.48-1-300x225.jpeg\" alt=\"\" width=\"300\" height=\"225\" srcset=\"https:\/\/portalv1.com.br\/app\/wp-content\/uploads\/2022\/02\/WhatsApp-Image-2022-02-11-at-11.39.48-1-300x225.jpeg 300w, https:\/\/portalv1.com.br\/app\/wp-content\/uploads\/2022\/02\/WhatsApp-Image-2022-02-11-at-11.39.48-1-640x480.jpeg 640w, https:\/\/portalv1.com.br\/app\/wp-content\/uploads\/2022\/02\/WhatsApp-Image-2022-02-11-at-11.39.48-1-768x576.jpeg 768w, https:\/\/portalv1.com.br\/app\/wp-content\/uploads\/2022\/02\/WhatsApp-Image-2022-02-11-at-11.39.48-1.jpeg 1024w\" sizes=\"auto, (max-width: 300px) 100vw, 300px\" \/> <img loading=\"lazy\" decoding=\"async\" class=\"alignnone size-medium wp-image-110651\" src=\"https:\/\/portalv1.com.br\/app\/wp-content\/uploads\/2022\/02\/WhatsApp-Image-2022-02-11-at-11.39.48-300x225.jpeg\" alt=\"\" width=\"300\" height=\"225\" srcset=\"https:\/\/portalv1.com.br\/app\/wp-content\/uploads\/2022\/02\/WhatsApp-Image-2022-02-11-at-11.39.48-300x225.jpeg 300w, https:\/\/portalv1.com.br\/app\/wp-content\/uploads\/2022\/02\/WhatsApp-Image-2022-02-11-at-11.39.48-640x480.jpeg 640w, https:\/\/portalv1.com.br\/app\/wp-content\/uploads\/2022\/02\/WhatsApp-Image-2022-02-11-at-11.39.48-768x576.jpeg 768w, https:\/\/portalv1.com.br\/app\/wp-content\/uploads\/2022\/02\/WhatsApp-Image-2022-02-11-at-11.39.48.jpeg 1024w\" sizes=\"auto, (max-width: 300px) 100vw, 300px\" \/><\/p>\n","protected":false},"excerpt":{"rendered":"<p>O prefeito Robert Segundo participou nesta sexta-feira 11 de fevereiro, da reuni\u00e3o do Selo UNICEF de V\u00e1rzea Grande do Piau\u00ed. Al\u00e9m do gestor, participaram do encontro secret\u00e1rios das principais pastas&#8230;<\/p>\n","protected":false},"author":16,"featured_media":110649,"comment_status":"open","ping_status":"open","sticky":false,"template":"","format":"standard","meta":{"ngg_post_thumbnail":0,"footnotes":""},"categories":[243],"tags":[],"class_list":["post-110648","post","type-post","status-publish","format-standard","has-post-thumbnail","hentry","category-geral"],"views":256,"meta_data":{"thumb":"https:\/\/portalv1.com.br\/app\/wp-content\/uploads\/2022\/02\/WhatsApp-Image-2022-02-11-at-11.39.47.jpeg","imagem":{"fullsize":{"url":"https:\/\/portalv1.com.br\/app\/wp-content\/uploads\/2022\/02\/WhatsApp-Image-2022-02-11-at-11.39.47.jpeg","width":1024,"height":768},"medium":{"url":"https:\/\/portalv1.com.br\/app\/wp-content\/uploads\/2022\/02\/WhatsApp-Image-2022-02-11-at-11.39.47-300x225.jpeg","width":300,"height":225},"large":{"url":"https:\/\/portalv1.com.br\/app\/wp-content\/uploads\/2022\/02\/WhatsApp-Image-2022-02-11-at-11.39.47-640x480.jpeg","width":640,"height":480},"thumbnail":{"url":"https:\/\/portalv1.com.br\/app\/wp-content\/uploads\/2022\/02\/WhatsApp-Image-2022-02-11-at-11.39.47-100x100.jpeg","width":100,"height":100},"medium_large":{"url":"https:\/\/portalv1.com.br\/app\/wp-content\/uploads\/2022\/02\/WhatsApp-Image-2022-02-11-at-11.39.47-768x576.jpeg","width":768,"height":576}},"data":{"simple":"11\/02\/2022","date_time":"11\/02\/2022 09:59:47","date":"h\u00e1 4 anos"},"chapeu":"LAN\u00c7AMENTO ","source":"slide"},"_links":{"self":[{"href":"https:\/\/portalv1.com.br\/api\/wp\/v2\/posts\/110648","targetHints":{"allow":["GET"]}}],"collection":[{"href":"https:\/\/portalv1.com.br\/api\/wp\/v2\/posts"}],"about":[{"href":"https:\/\/portalv1.com.br\/api\/wp\/v2\/types\/post"}],"author":[{"embeddable":true,"href":"https:\/\/portalv1.com.br\/api\/wp\/v2\/users\/16"}],"replies":[{"embeddable":true,"href":"https:\/\/portalv1.com.br\/api\/wp\/v2\/comments?post=110648"}],"version-history":[{"count":0,"href":"https:\/\/portalv1.com.br\/api\/wp\/v2\/posts\/110648\/revisions"}],"wp:featuredmedia":[{"embeddable":true,"href":"https:\/\/portalv1.com.br\/api\/wp\/v2\/media\/110649"}],"wp:attachment":[{"href":"https:\/\/portalv1.com.br\/api\/wp\/v2\/media?parent=110648"}],"wp:term":[{"taxonomy":"category","embeddable":true,"href":"https:\/\/portalv1.com.br\/api\/wp\/v2\/categories?post=110648"},{"taxonomy":"post_tag","embeddable":true,"href":"https:\/\/portalv1.com.br\/api\/wp\/v2\/tags?post=110648"}],"curies":[{"name":"wp","href":"https:\/\/api.w.org\/{rel}","templated":true}]}}