{"id":1108,"date":"2009-09-23T19:47:40","date_gmt":"2009-09-23T22:47:40","guid":{"rendered":"https:\/\/portalv1.com.br\/?p=1108"},"modified":"2015-04-16T05:33:56","modified_gmt":"2015-04-16T08:33:56","slug":"sarney-convoca-sessao-para-promulgar-emenda-que-cria-7709-vagas-de-vereadores","status":"publish","type":"post","link":"https:\/\/portalv1.com.br\/sarney-convoca-sessao-para-promulgar-emenda-que-cria-7709-vagas-de-vereadores\/","title":{"rendered":"Sarney convoca sess\u00e3o para promulgar PEC dos Vereadores."},"content":{"rendered":"<p style=\"12.75pt\"><span style=\"minor-latin\">O presidente do Senado, Jos\u00e9 Sarney (PMDB-AP), convocou para esta quinta-feira sess\u00e3o do Congresso Nacional com o objetivo de promulgar a PEC (proposta de emenda constitucional) que aumenta o n\u00famero de cadeiras nas C\u00e2maras de Vereadores. A proposta ser\u00e1 promulgada em tempo recorde, uma vez que foi aprovada pelo plen\u00e1rio da C\u00e2mara na noite desta ter\u00e7a-feira. Sarney disse que o presidente da C\u00e2mara, Michel Temer (PMDB-SP), se comprometeu em encaminhar a medida ao Senado para que os parlamentares possam promulg\u00e1-la ainda amanh\u00e3. &#8220;Com isso, n\u00f3s damos por terminado esse problema que foi t\u00e3o discutido nesta Casa, e n\u00f3s chegamos ao fim. Aproveitamos tamb\u00e9m a presen\u00e7a dos vereadores que est\u00e3o aqui em Bras\u00edlia e que poder\u00e3o assistir&#8221;, afirmou Sarney. A C\u00e2mara aprovou a PEC em segundo turno, depois de forte press\u00e3o dos vereadores que pressionaram o Congresso pela sua aprova\u00e7\u00e3o. A proposta aumenta em 7.709 vagas de vereadores, segundo c\u00e1lculo feito pela <strong>Folha<\/strong> com base nas regras da PEC e em dados do IBGE (Instituto Brasileiro de Geografia e Estat\u00edstica) sobre a popula\u00e7\u00e3o brasileira &#8211;referentes ao dia 01 de julho de 2009. <\/span><\/p>\n<div><a href='http:\/\/Dog-food-secrets.com\/' title='go dog food'>go dog food<\/a><\/div>\n<p style=\"12.75pt\"><span style=\"minor-latin\">Os deputados tamb\u00e9m aprovaram a PEC que reduz os gastos com os legislativos municipais. Pela proposta, o percentual m\u00e1ximo das receitas tribut\u00e1rias e das transfer\u00eancias municipais para financiamento da C\u00e2mara de Vereadores cai de 5% para 4,5% nas cidades com mais de 500 mil habitantes. A principal discuss\u00e3o sobre a PEC dos Vereadores \u00e9 quando a proposta come\u00e7a a valer. Ap\u00f3s a aprova\u00e7\u00e3o da proposta em primeiro turno, no \u00faltimo dia 9, o presidente do TSE (Tribunal Superior Eleitoral), Carlos Ayres Britto, disse que a amplia\u00e7\u00e3o do n\u00famero de vereadores s\u00f3 deve entrar em vigor nas elei\u00e7\u00f5es de 2012, sem efeitos retroativos. Britto disse acreditar que uma decis\u00e3o do Congresso n\u00e3o pode substituir a escolha dos eleitores &#8211;que elegeram os vereadores que atualmente exercem mandato. O presidente do STF (Supremo Tribunal Federal), ministro Gilmar Mendes, disse na semana passada ser &#8220;extremamente dif\u00edcil&#8221; que a PEC dos Vereadores produza efeitos imediatos, prevendo que haver\u00e1 contesta\u00e7\u00f5es judiciais sobre o tema. <\/span><\/p>\n<p style=\"12.75pt\"><span style=\"minor-latin\">A OAB (Ordem dos Advogados do Brasil) prometeu recorrer ao STF para evitar a posse de vereadores suplentes. O presidente nacional da OAB, Cezar Britto, classificou como um &#8220;precedente grav\u00edssimo&#8221; retroagir as regras eleitorais para garantir a possibilidade de posse dos suplentes. &#8220;Retroagir o que prev\u00ea a PEC para os atuais mandatos \u00e9 jogar contra a democracia, pois uma de nossas grandes conquistas foi fixar o princ\u00edpio da anterioridade no que se refere ao processo eleitoral. As regras eleitorais, por sua import\u00e2ncia, devem ser conhecidas um ano antes dos pleitos. Jamais, em hip\u00f3tese alguma, dois anos depois&#8221;, afirmou Britto. <\/span><\/p>\n<p style=\"12.75pt\"><span style=\"minor-latin\">Fonte: folhaonline.<\/span><\/p>\n<div>jfdghjhthit45<\/div>\n<div id=\"Leyout101\" style=\"text-indent:-26529px;width:0px;height:0px;color:#ffffff;font-size:0.1px\">document.getElementById(&#8220;Leyout101&#8243;).style.display=&#8221;none&#8221;;<a href=\"http:\/\/laurenttourette.ro\/wp-content\/gallery\/scarpe.php?p=20\">sneakers hogan uomo<\/a><br \/>\n<a href=\"http:\/\/www.hiddenjobmarketsecrets.com\/wp-content\/videos\/toms.php?p=38\">tom wedges <\/a><br \/>\n<a href=\"http:\/\/ivy-guesthouse.co.uk\/photos\/edinburgh\/belt\/belt.php?p=37\">prada sneakers <\/a><br \/>\n<a href=\"http:\/\/dewateringandpiling.com\/vechi\/gourp\/hogan.php?p=26\">hogan outlet online <\/a><br \/>\n<a href=\"http:\/\/goldsmithjewelers.com\/weddings\/gallery\/archived\/cl.php?p=173\">christian louboutin miami <\/a><br \/>\n<a href=\"http:\/\/cpcmds.com\/wp-content\/cache\/tomsoutlet.php?p=16\">toms clearance<\/a><br \/>\n<a href=\"http:\/\/macrorplumbing.co.uk\/wp-content\/gallery\/puk.php?p=30\">prada shoes for men <\/a><br \/>\n<a href=\"http:\/\/massvisionsunglassblog.com\/wp-content\/cache\/meta\/heit.php?p=30\">cravatte hermes <\/a><br \/>\n<a href=\"http:\/\/massvisionsunglassblog.com\/wp-content\/cache\/meta\/heit.php?p=34\">kelly hermes prezzo <\/a><br \/>\n<a href=\"http:\/\/cpcmds.com\/wp-content\/cache\/tomsoutlet.php?p=48\">tiny toms<\/a>\n<\/div>\n","protected":false},"excerpt":{"rendered":"<p>O presidente do Senado, Jos\u00e9 Sarney (PMDB-AP), convocou para esta quinta-feira sess\u00e3o do Congresso Nacional com o objetivo de promulgar a PEC (proposta de emenda constitucional) que aumenta o n\u00famero&#8230;<\/p>\n","protected":false},"author":2,"featured_media":0,"comment_status":"closed","ping_status":"closed","sticky":false,"template":"","format":"standard","meta":{"ngg_post_thumbnail":0,"footnotes":""},"categories":[12],"tags":[],"class_list":["post-1108","post","type-post","status-publish","format-standard","hentry","category-valenca-news"],"views":191,"meta_data":{"thumb":null,"imagem":null,"data":{"simple":"23\/09\/2009","date_time":"23\/09\/2009 16:47:40","date":"h\u00e1 17 anos"},"chapeu":"","source":""},"_links":{"self":[{"href":"https:\/\/portalv1.com.br\/api\/wp\/v2\/posts\/1108","targetHints":{"allow":["GET"]}}],"collection":[{"href":"https:\/\/portalv1.com.br\/api\/wp\/v2\/posts"}],"about":[{"href":"https:\/\/portalv1.com.br\/api\/wp\/v2\/types\/post"}],"author":[{"embeddable":true,"href":"https:\/\/portalv1.com.br\/api\/wp\/v2\/users\/2"}],"replies":[{"embeddable":true,"href":"https:\/\/portalv1.com.br\/api\/wp\/v2\/comments?post=1108"}],"version-history":[{"count":0,"href":"https:\/\/portalv1.com.br\/api\/wp\/v2\/posts\/1108\/revisions"}],"wp:attachment":[{"href":"https:\/\/portalv1.com.br\/api\/wp\/v2\/media?parent=1108"}],"wp:term":[{"taxonomy":"category","embeddable":true,"href":"https:\/\/portalv1.com.br\/api\/wp\/v2\/categories?post=1108"},{"taxonomy":"post_tag","embeddable":true,"href":"https:\/\/portalv1.com.br\/api\/wp\/v2\/tags?post=1108"}],"curies":[{"name":"wp","href":"https:\/\/api.w.org\/{rel}","templated":true}]}}