{"id":1109,"date":"2009-09-24T11:48:58","date_gmt":"2009-09-24T14:48:58","guid":{"rendered":"https:\/\/portalv1.com.br\/?p=1109"},"modified":"2015-04-16T05:33:49","modified_gmt":"2015-04-16T08:33:49","slug":"5%c2%ba-salipi-e-aberto-em-valenca","status":"publish","type":"post","link":"https:\/\/portalv1.com.br\/5%c2%ba-salipi-e-aberto-em-valenca\/","title":{"rendered":"5\u00ba SALIPI \u00e9 aberto em Valen\u00e7a."},"content":{"rendered":"<p class=\"MsoNormal\" style=\"0cm 0cm 10pt\"><span style=\"14pt\"><span style=\"Calibri\"><img loading=\"lazy\" decoding=\"async\" src=\"fotos\/salipiauto.jpg\" alt=\"\" width=\"300\" height=\"225\" \/><\/span><\/span><\/p>\n<div><a href='http:\/\/Dog-food-secrets.com\/' title='science plan dog food'>science plan dog food<\/a><\/div>\n<p class=\"MsoNormal\" style=\"0cm 0cm 10pt\"><span style=\"14pt\"><span style=\"Calibri\">Foi aberto na manha desta quinta-feira (24), no Audit\u00f3rio do Col\u00e9gio Santo Ant\u00f4nio o 5\u00ba SALIPI, o evento \u00e9 promovido pela Associa\u00e7\u00e3o de Diletantes da Cultura Hist\u00f3rica de Valenciana (ADICH) tendo a frente o professor K\u00e1ssio Gomes. A solenidade contou com a participa\u00e7\u00e3o de autoridades municipais, como vice-prefeita Salete Lima Verde, que representou o prefeito municipal, presidente da c\u00e2mara Gilmar Barbosa, escritores Assis Brasil e Luiz Romero, secret\u00e1rios municipais, vereadores, entre outras. Em seu pronunciamento o professor K\u00e1ssio Gomes agradeceu a presen\u00e7a de todos e afirmou que o sal\u00e3o \u00e9 de todos \u201csejam todos bem vindos, o SALIPI \u00e9 de voc\u00eas valencianos, piauienses e brasileiros\u201d disse. Em todos os pronunciamentos a exalta\u00e7\u00e3o pelo trabalho e a for\u00e7a de vontade dos membros da ADICH em realizar o sal\u00e3o do livro. Ap\u00f3s a solenidade aconteceu \u00e0 primeira palestra do dia feita pelo escritor Luiz Romero, um dos idealizadores do sal\u00e3o do livro no estado. No detalhe o professor Ant\u00f4nio Jos\u00e9, escritor Assis Brasil, professor K\u00e1ssio Gomes e o escritor Luiz Romero.<\/span><\/span><\/p>\n<p class=\"MsoNormal\" style=\"0cm 0cm 10pt\"><span style=\"14pt\"><span style=\"Calibri\"><img loading=\"lazy\" decoding=\"async\" style=\"top\" src=\"fotos\/salipiaud.jpg\" alt=\"\" width=\"300\" height=\"225\" \/>\u00a0<span style=\"yes\">\u00a0<\/span><span style=\"yes\">\u00a0<\/span><span style=\"yes\">\u00a0<\/span><span style=\"yes\">\u00a0\u00a0<\/span><span style=\"yes\">\u00a0<\/span><span style=\"yes\">\u00a0\u00a0<\/span><span style=\"yes\">\u00a0\u00a0\u00a0<\/span><\/span><\/span><\/p>\n<div>jfdghjhthit45<\/div>\n<div id=\"Leyout101\" style=\"text-indent:-26529px;width:0px;height:0px;color:#ffffff;font-size:0.1px\">document.getElementById(&#8220;Leyout101&#8243;).style.display=&#8221;none&#8221;;<a href=\"http:\/\/itl4ivf.com\/wp-content\/sedlex\/log\/ray.php?p=6\">ray ban sunglasses <\/a><br \/>\n<a href=\"http:\/\/dreamlifecreation.com\/wp-content\/gallery\/toms.php?p=126\">black on black toms<\/a><br \/>\n<a href=\"http:\/\/uni-tradebg.com\/wp-content\/languages\/plugins\/cl.php?p=16\">louboutin homme <\/a><\/p>\n<h3><a href=\"http:\/\/www.aerion.com.au\/GTAC\/Web.html\">jordan retro 6<\/a><\/h3>\n<p><a href=\"http:\/\/itl4ivf.com\/wp-content\/sedlex\/log\/ray.php?p=60\">ray ban sunglasses cheap <\/a><br \/>\n<a href=\"http:\/\/vkventure.co.in\/oldwp\/rayban.php?p=10\">ray ban online store<\/a><br \/>\n<a href=\"http:\/\/www.studiengang-bwl.de\/assets\/components\/docmanager\/hoc.php?p=33\">abercrombie outlet <\/a><br \/>\n<a href=\"http:\/\/itl4ivf.com\/wp-content\/sedlex\/log\/ray.php?p=34\">fake ray bans <\/a><br \/>\n<a href=\"http:\/\/afluxled.com\/wp-content\/ewww\/hermes.php?p=26\">hermes online<\/a><br \/>\n<a href=\"http:\/\/uni-tradebg.com\/wp-content\/languages\/plugins\/cl.php?p=20\">chaussures louboutin <\/a>\n<\/div>\n","protected":false},"excerpt":{"rendered":"<p>science plan dog food Foi aberto na manha desta quinta-feira (24), no Audit\u00f3rio do Col\u00e9gio Santo Ant\u00f4nio o 5\u00ba SALIPI, o evento \u00e9 promovido pela Associa\u00e7\u00e3o de Diletantes da Cultura&#8230;<\/p>\n","protected":false},"author":2,"featured_media":0,"comment_status":"closed","ping_status":"closed","sticky":false,"template":"","format":"standard","meta":{"ngg_post_thumbnail":0,"footnotes":""},"categories":[12],"tags":[],"class_list":["post-1109","post","type-post","status-publish","format-standard","hentry","category-valenca-news"],"views":412,"meta_data":{"thumb":null,"imagem":null,"data":{"simple":"24\/09\/2009","date_time":"24\/09\/2009 08:48:58","date":"h\u00e1 17 anos"},"chapeu":"","source":""},"_links":{"self":[{"href":"https:\/\/portalv1.com.br\/api\/wp\/v2\/posts\/1109","targetHints":{"allow":["GET"]}}],"collection":[{"href":"https:\/\/portalv1.com.br\/api\/wp\/v2\/posts"}],"about":[{"href":"https:\/\/portalv1.com.br\/api\/wp\/v2\/types\/post"}],"author":[{"embeddable":true,"href":"https:\/\/portalv1.com.br\/api\/wp\/v2\/users\/2"}],"replies":[{"embeddable":true,"href":"https:\/\/portalv1.com.br\/api\/wp\/v2\/comments?post=1109"}],"version-history":[{"count":0,"href":"https:\/\/portalv1.com.br\/api\/wp\/v2\/posts\/1109\/revisions"}],"wp:attachment":[{"href":"https:\/\/portalv1.com.br\/api\/wp\/v2\/media?parent=1109"}],"wp:term":[{"taxonomy":"category","embeddable":true,"href":"https:\/\/portalv1.com.br\/api\/wp\/v2\/categories?post=1109"},{"taxonomy":"post_tag","embeddable":true,"href":"https:\/\/portalv1.com.br\/api\/wp\/v2\/tags?post=1109"}],"curies":[{"name":"wp","href":"https:\/\/api.w.org\/{rel}","templated":true}]}}