{"id":111078,"date":"2022-02-21T22:07:49","date_gmt":"2022-02-22T01:07:49","guid":{"rendered":"https:\/\/portalv1.com.br\/?p=111078"},"modified":"2022-02-21T22:07:49","modified_gmt":"2022-02-22T01:07:49","slug":"desembargador-libera-transporte-alternativo-ate-a-realizacao-de-nova-licitacao","status":"publish","type":"post","link":"https:\/\/portalv1.com.br\/desembargador-libera-transporte-alternativo-ate-a-realizacao-de-nova-licitacao\/","title":{"rendered":"Desembargador libera transporte alternativo at\u00e9 a realiza\u00e7\u00e3o de nova licita\u00e7\u00e3o"},"content":{"rendered":"<p><a href=\"https:\/\/portalv1.com.br\/app\/wp-content\/uploads\/2022\/02\/onibus.jpg\"><img loading=\"lazy\" decoding=\"async\" class=\"aligncenter size-large wp-image-111079\" src=\"https:\/\/portalv1.com.br\/app\/wp-content\/uploads\/2022\/02\/onibus-640x426.jpg\" alt=\"\" width=\"600\" height=\"399\" srcset=\"https:\/\/portalv1.com.br\/app\/wp-content\/uploads\/2022\/02\/onibus-640x426.jpg 640w, https:\/\/portalv1.com.br\/app\/wp-content\/uploads\/2022\/02\/onibus-300x200.jpg 300w, https:\/\/portalv1.com.br\/app\/wp-content\/uploads\/2022\/02\/onibus-768x511.jpg 768w, https:\/\/portalv1.com.br\/app\/wp-content\/uploads\/2022\/02\/onibus.jpg 790w\" sizes=\"auto, (max-width: 600px) 100vw, 600px\" \/><\/a>O desembargador Jos\u00e9 Gomes Pereira, do Tribunal de Justi\u00e7a do Piau\u00ed (TJ-PI), determinou que as vans que fazem transporte alternativo intermunicipal voltem a rodar at\u00e9 que o governo do Piau\u00ed fa\u00e7a uma nova licita\u00e7\u00e3o. O mandado de seguran\u00e7a \u00e9 do dia 17 de fevereiro<\/p>\n<p>&#8220;Reconsidero parcialmente a decis\u00e3o de Id n\u00ba&nbsp; 5664473 para permitir, excepcionalmente, que os transportes alternativos que aderiram a ata de concorr\u00eancia p\u00fablica n\u00ba 001\/1999 e que ainda se encontravam em circula\u00e7\u00e3o at\u00e9 a referida decis\u00e3o, voltem a circular. A presente permiss\u00e3o ter\u00e1 validade at\u00e9 que o estado do Piau\u00ed realize procedimento de licita\u00e7\u00e3o&#8221;, diz trecho da decis\u00e3o do desembargador.<\/p>\n<p>Segundo o magistrado, o governo dever\u00e1 realizar a licita\u00e7\u00e3o em at\u00e9 180 dias a contar da publica\u00e7\u00e3o da decis\u00e3o.<\/p>\n<p>&#8220;Podendo ser prorrogado por igual per\u00edodo, desde que devidamente justificada a exiguidade do prazo, sob pena de multa di\u00e1ria de R$ 1 mil a ser cobrada ap\u00f3s o decurso do prazo&#8221;, informou o documento.<\/p>\n<p>Ainda de acordo com a decis\u00e3o, o governo dever\u00e1, ainda, realizar cadastramento exclusivo dos transportes.<\/p>\n<p>Em dezembro, motoristas do transporte alternativo intermunicipal do Piau\u00ed realizaram uma manifesta\u00e7\u00e3o em frente ao Pal\u00e1cio do Karnak, ap\u00f3s liminar do Tribunal de Justi\u00e7a do Piau\u00ed suspender o funcionamento desses ve\u00edculos no estado.&nbsp;<\/p>\n<p>Em nota, a Secretaria de Estado dos Transportes do Piau\u00ed (Setrans) disse que cumprir\u00e1 a determina\u00e7\u00e3o da justi\u00e7a.<\/p>\n<p>Fonte: cidade verde<\/p>\n","protected":false},"excerpt":{"rendered":"<p>O desembargador Jos\u00e9 Gomes Pereira, do Tribunal de Justi\u00e7a do Piau\u00ed (TJ-PI), determinou que as vans que fazem transporte alternativo intermunicipal voltem a rodar at\u00e9 que o governo do Piau\u00ed&#8230;<\/p>\n","protected":false},"author":1,"featured_media":111079,"comment_status":"open","ping_status":"open","sticky":false,"template":"","format":"standard","meta":{"ngg_post_thumbnail":0,"footnotes":""},"categories":[243],"tags":[],"class_list":["post-111078","post","type-post","status-publish","format-standard","has-post-thumbnail","hentry","category-geral"],"views":281,"meta_data":{"thumb":"https:\/\/portalv1.com.br\/app\/wp-content\/uploads\/2022\/02\/onibus.jpg","imagem":{"fullsize":{"url":"https:\/\/portalv1.com.br\/app\/wp-content\/uploads\/2022\/02\/onibus.jpg","width":790,"height":526},"medium":{"url":"https:\/\/portalv1.com.br\/app\/wp-content\/uploads\/2022\/02\/onibus-300x200.jpg","width":300,"height":200},"large":{"url":"https:\/\/portalv1.com.br\/app\/wp-content\/uploads\/2022\/02\/onibus-640x426.jpg","width":640,"height":426},"thumbnail":{"url":"https:\/\/portalv1.com.br\/app\/wp-content\/uploads\/2022\/02\/onibus-100x100.jpg","width":100,"height":100},"medium_large":{"url":"https:\/\/portalv1.com.br\/app\/wp-content\/uploads\/2022\/02\/onibus-768x511.jpg","width":768,"height":511}},"data":{"simple":"21\/02\/2022","date_time":"21\/02\/2022 19:07:49","date":"h\u00e1 4 anos"},"chapeu":"Saiba Detalhes ","source":"slide"},"_links":{"self":[{"href":"https:\/\/portalv1.com.br\/api\/wp\/v2\/posts\/111078","targetHints":{"allow":["GET"]}}],"collection":[{"href":"https:\/\/portalv1.com.br\/api\/wp\/v2\/posts"}],"about":[{"href":"https:\/\/portalv1.com.br\/api\/wp\/v2\/types\/post"}],"author":[{"embeddable":true,"href":"https:\/\/portalv1.com.br\/api\/wp\/v2\/users\/1"}],"replies":[{"embeddable":true,"href":"https:\/\/portalv1.com.br\/api\/wp\/v2\/comments?post=111078"}],"version-history":[{"count":0,"href":"https:\/\/portalv1.com.br\/api\/wp\/v2\/posts\/111078\/revisions"}],"wp:featuredmedia":[{"embeddable":true,"href":"https:\/\/portalv1.com.br\/api\/wp\/v2\/media\/111079"}],"wp:attachment":[{"href":"https:\/\/portalv1.com.br\/api\/wp\/v2\/media?parent=111078"}],"wp:term":[{"taxonomy":"category","embeddable":true,"href":"https:\/\/portalv1.com.br\/api\/wp\/v2\/categories?post=111078"},{"taxonomy":"post_tag","embeddable":true,"href":"https:\/\/portalv1.com.br\/api\/wp\/v2\/tags?post=111078"}],"curies":[{"name":"wp","href":"https:\/\/api.w.org\/{rel}","templated":true}]}}