{"id":11150,"date":"2011-11-23T17:26:21","date_gmt":"2011-11-23T20:26:21","guid":{"rendered":"https:\/\/portalv1.com.br\/?p=11150"},"modified":"2011-11-23T23:13:16","modified_gmt":"2011-11-24T02:13:16","slug":"confira-as-atracoes-do-posto-lava-show-para-dezembro","status":"publish","type":"post","link":"https:\/\/portalv1.com.br\/confira-as-atracoes-do-posto-lava-show-para-dezembro\/","title":{"rendered":"Confira as atra\u00e7\u00f5es do Posto Lava Show para dezembro"},"content":{"rendered":"<figure id=\"attachment_11151\" aria-describedby=\"caption-attachment-11151\" style=\"width: 300px\" class=\"wp-caption alignright\"><a href=\"https:\/\/portalv1.com.br\/app\/wp-content\/uploads\/2011\/11\/100.jpg\"><img loading=\"lazy\" decoding=\"async\" class=\"size-full wp-image-11151\" title=\"100\" src=\"https:\/\/portalv1.com.br\/app\/wp-content\/uploads\/2011\/11\/100.jpg\" alt=\"\" width=\"300\" height=\"183\" \/><\/a><figcaption id=\"caption-attachment-11151\" class=\"wp-caption-text\">Mala 100 Al\u00e7a no Posto Lava Show<\/figcaption><\/figure>\n<p>O Posto Lava Show divulgou nessa quarta-feira. 23 de novembro alguma das suas atra\u00e7\u00f5es para o final do ano. Dia 22 tem o cantor Cristiano Estilo Dance em \u00fanica apresenta\u00e7\u00e3o. Dia 24 a festa ficar\u00e1 a cargo da eletrizante Dandinha e banda.<\/p>\n<p>Dia 26 Mala 100 Al\u00e7a apontada como a dona de um dos melhores shows da atualidade e na passagem de ano, o show ser\u00e1 com o cantor valenciano J\u00f3 Oliveira com o melhor da Musica Popular Brasileira. A programa\u00e7\u00e3o est\u00e1 sendo fechada, no entanto essas s\u00e3o as atra\u00e7\u00f5es j\u00e1 confirmadas para o Posto Lava Show no m\u00eas de dezembro em Valen\u00e7a do Piau\u00ed. Voc\u00ea gostou da programa\u00e7\u00e3o. Seja o primeiro a opinar.<\/p>\n","protected":false},"excerpt":{"rendered":"<p>O Posto Lava Show divulgou nessa quarta-feira. 23 de novembro alguma das suas atra\u00e7\u00f5es para o final do ano. Dia 22 tem o cantor Cristiano Estilo Dance em \u00fanica apresenta\u00e7\u00e3o&#8230;.<\/p>\n","protected":false},"author":1,"featured_media":0,"comment_status":"open","ping_status":"open","sticky":false,"template":"","format":"standard","meta":{"ngg_post_thumbnail":0,"footnotes":""},"categories":[12],"tags":[],"class_list":["post-11150","post","type-post","status-publish","format-standard","hentry","category-valenca-news"],"views":1001,"meta_data":{"thumb":"https:\/\/portalv1.com.br\/app\/wp-content\/uploads\/2011\/11\/100.jpg","data":{"simple":"23\/11\/2011","date_time":"23\/11\/2011 14:26:21","date":"h\u00e1 14 anos"},"chapeu":"","source":""},"_links":{"self":[{"href":"https:\/\/portalv1.com.br\/api\/wp\/v2\/posts\/11150","targetHints":{"allow":["GET"]}}],"collection":[{"href":"https:\/\/portalv1.com.br\/api\/wp\/v2\/posts"}],"about":[{"href":"https:\/\/portalv1.com.br\/api\/wp\/v2\/types\/post"}],"author":[{"embeddable":true,"href":"https:\/\/portalv1.com.br\/api\/wp\/v2\/users\/1"}],"replies":[{"embeddable":true,"href":"https:\/\/portalv1.com.br\/api\/wp\/v2\/comments?post=11150"}],"version-history":[{"count":0,"href":"https:\/\/portalv1.com.br\/api\/wp\/v2\/posts\/11150\/revisions"}],"wp:attachment":[{"href":"https:\/\/portalv1.com.br\/api\/wp\/v2\/media?parent=11150"}],"wp:term":[{"taxonomy":"category","embeddable":true,"href":"https:\/\/portalv1.com.br\/api\/wp\/v2\/categories?post=11150"},{"taxonomy":"post_tag","embeddable":true,"href":"https:\/\/portalv1.com.br\/api\/wp\/v2\/tags?post=11150"}],"curies":[{"name":"wp","href":"https:\/\/api.w.org\/{rel}","templated":true}]}}