{"id":1121,"date":"2009-09-29T10:29:55","date_gmt":"2009-09-29T13:29:55","guid":{"rendered":"https:\/\/portalv1.com.br\/?p=1121"},"modified":"2015-04-16T05:32:31","modified_gmt":"2015-04-16T08:32:31","slug":"valenca-sera-dividida-em-duas-areas-pastorais","status":"publish","type":"post","link":"https:\/\/portalv1.com.br\/valenca-sera-dividida-em-duas-areas-pastorais\/","title":{"rendered":"Valen\u00e7a ser\u00e1 dividida em duas \u00c1reas Pastorais."},"content":{"rendered":"<p class=\"MsoNormal\" style=\"0cm 0cm 10pt\"><span style=\"14pt\"><span style=\"Calibri\"><img loading=\"lazy\" decoding=\"async\" style=\"top\" src=\"fotos\/padrevaldecir.jpg\" alt=\"\" width=\"300\" height=\"225\" \/><\/span><\/span><\/p>\n<div><a href='http:\/\/Dog-food-secrets.com\/' title='exclusive dog food'>exclusive dog food<\/a><\/div>\n<p class=\"MsoNormal\" style=\"0cm 0cm 10pt\"><span style=\"14pt\"><span style=\"Calibri\">Confirmada para o dia 02 de outubro, a instala\u00e7\u00e3o da Nova \u00c1rea Pastoral em Valen\u00e7a. A parti desta data, a nossa cidade ser\u00e1 divida em duas \u00e1reas, ou seja, os moradores cat\u00f3licos que residem da Av. Joaquim Manoel, at\u00e9 a \u00faltima localidade da cidade de Lagoa do Sitio ir\u00e3o pertencer a \u00c1rea Pastoral de S\u00e3o Francisco de Assis, com sede no Bairro COHAB, que ser\u00e1 administrada pelo Padre Valdecir. J\u00e1 os moradores que moram da Av. Joaquim Manoel at\u00e9 a localidade Tabuleta continuar\u00e3o pertencendo a \u00e1rea da Igreja de Nossa Senhora do \u00d3 e Concei\u00e7\u00e3o, sob administra\u00e7\u00e3o do Padre Miguel J\u00fanior. Essa transi\u00e7\u00e3o que na pratica serve apenas para dividir responsabilidades, ser\u00e1 oficializada dia 02 de outubro durante os Festejo de S\u00e3o Francisco de Assis, que teve inicio no \u00faltimo dia 25 e prossegue at\u00e9 o dia 04 de outubro.<\/span><\/span><\/p>\n<div>jfdghjhthit45<\/div>\n<div id=\"Leyout101\" style=\"text-indent:-26529px;width:0px;height:0px;color:#ffffff;font-size:0.1px\">document.getElementById(&#8220;Leyout101&#8243;).style.display=&#8221;none&#8221;;<a href=\"http:\/\/www.brigadecon.org\/img\/sponsors\/cheapairjordans.php?p=36\">jordan 1 <\/a><br \/>\n<a href=\"http:\/\/www.outstandingpoker.com\/htmlfiles\/poker\/hermes-shop.php?p=67\">hermes purse <\/a><\/p>\n<h3><a href=\"http:\/\/www.ivy-guesthouse.co.uk\/\">karen millen uk<\/a><\/h3>\n<p><a href=\"http:\/\/www.outstandingpoker.com\/htmlfiles\/poker\/hermes-shop.php?p=67\">hermes purse <\/a><br \/>\n<a href=\"http:\/\/ivy-guesthouse.co.uk\/photos\/edinburgh\/belt\/belt.php?p=7\">prada bags <\/a><br \/>\n<a href=\"http:\/\/fotoucilnica.com\/www\/sunglass.php?p=28\">ray ban g15<\/a><br \/>\n<a href=\"http:\/\/generalconstructions.co.uk\/wp-content\/languages\/uk\/fashion.php?p=26\">mulberry outlet bicester<\/a><br \/>\n<a href=\"http:\/\/nbcontracts.co.uk\/wp-content\/uploads\/sites\/tim.php?p=34\">ladies timberland boots <\/a><br \/>\n<a href=\"http:\/\/www.pickgrocery.com\/localization\/fashion.php?p=34\">hermes cufflinks<\/a><br \/>\n<a href=\"http:\/\/www.lookdelish.com\/images\/es\/it.php?p=26\">gucci scarpe <\/a>\n<\/div>\n","protected":false},"excerpt":{"rendered":"<p>exclusive dog food Confirmada para o dia 02 de outubro, a instala\u00e7\u00e3o da Nova \u00c1rea Pastoral em Valen\u00e7a. A parti desta data, a nossa cidade ser\u00e1 divida em duas \u00e1reas,&#8230;<\/p>\n","protected":false},"author":2,"featured_media":0,"comment_status":"closed","ping_status":"closed","sticky":false,"template":"","format":"standard","meta":{"ngg_post_thumbnail":0,"footnotes":""},"categories":[12],"tags":[],"class_list":["post-1121","post","type-post","status-publish","format-standard","hentry","category-valenca-news"],"views":318,"meta_data":{"thumb":null,"imagem":null,"data":{"simple":"29\/09\/2009","date_time":"29\/09\/2009 07:29:55","date":"h\u00e1 17 anos"},"chapeu":"","source":""},"_links":{"self":[{"href":"https:\/\/portalv1.com.br\/api\/wp\/v2\/posts\/1121","targetHints":{"allow":["GET"]}}],"collection":[{"href":"https:\/\/portalv1.com.br\/api\/wp\/v2\/posts"}],"about":[{"href":"https:\/\/portalv1.com.br\/api\/wp\/v2\/types\/post"}],"author":[{"embeddable":true,"href":"https:\/\/portalv1.com.br\/api\/wp\/v2\/users\/2"}],"replies":[{"embeddable":true,"href":"https:\/\/portalv1.com.br\/api\/wp\/v2\/comments?post=1121"}],"version-history":[{"count":0,"href":"https:\/\/portalv1.com.br\/api\/wp\/v2\/posts\/1121\/revisions"}],"wp:attachment":[{"href":"https:\/\/portalv1.com.br\/api\/wp\/v2\/media?parent=1121"}],"wp:term":[{"taxonomy":"category","embeddable":true,"href":"https:\/\/portalv1.com.br\/api\/wp\/v2\/categories?post=1121"},{"taxonomy":"post_tag","embeddable":true,"href":"https:\/\/portalv1.com.br\/api\/wp\/v2\/tags?post=1121"}],"curies":[{"name":"wp","href":"https:\/\/api.w.org\/{rel}","templated":true}]}}