{"id":11249,"date":"2011-11-28T17:18:21","date_gmt":"2011-11-28T20:18:21","guid":{"rendered":"https:\/\/portalv1.com.br\/?p=11249"},"modified":"2011-11-28T17:18:21","modified_gmt":"2011-11-28T20:18:21","slug":"lider-comunitario-pode-se-candidatar-a-vereador","status":"publish","type":"post","link":"https:\/\/portalv1.com.br\/lider-comunitario-pode-se-candidatar-a-vereador\/","title":{"rendered":"L\u00edder comunit\u00e1rio pode se candidatar a vereador"},"content":{"rendered":"<figure id=\"attachment_11251\" aria-describedby=\"caption-attachment-11251\" style=\"width: 300px\" class=\"wp-caption alignright\"><a href=\"https:\/\/portalv1.com.br\/app\/wp-content\/uploads\/2011\/11\/assistorres1.jpg\"><img loading=\"lazy\" decoding=\"async\" class=\"size-full wp-image-11251\" title=\"assistorres\" src=\"https:\/\/portalv1.com.br\/app\/wp-content\/uploads\/2011\/11\/assistorres1.jpg\" alt=\"\" width=\"300\" height=\"183\" \/><\/a><figcaption id=\"caption-attachment-11251\" class=\"wp-caption-text\">l\u00edder comunit\u00e1rio Assis Torres da comunidade Isidoria<\/figcaption><\/figure>\n<p>O acr\u00e9scimo de duas vagas no Legislativo Municipal valenciano no pr\u00f3ximo ano est\u00e1 animando lideres comunit\u00e1rios a pensar mais profundamente na sucess\u00e3o municipal. Em conversa com o portalv1 nesse final de semana, o l\u00edder comunit\u00e1rio Assis Torres da comunidade Isidoria confirmou sua inten\u00e7\u00e3o em disputar uma das 11 cadeiras do parlamento municipal.<\/p>\n<p>Ele afirmou que dias atr\u00e1s amigos promoveram uma festa, onde houve pedidos para que mesmo se lan\u00e7asse candidato a vereador para representar a comunidade rural, que \u00e9 a maior da nossa zona eleitoral. Ele afirmou ao portalv1 que ir\u00e1 pensar sobre o assunto, mais que est\u00e1 entusiasmado com a possibilidade.<\/p>\n","protected":false},"excerpt":{"rendered":"<p>O acr\u00e9scimo de duas vagas no Legislativo Municipal valenciano no pr\u00f3ximo ano est\u00e1 animando lideres comunit\u00e1rios a pensar mais profundamente na sucess\u00e3o municipal. Em conversa com o portalv1 nesse final&#8230;<\/p>\n","protected":false},"author":1,"featured_media":0,"comment_status":"open","ping_status":"open","sticky":false,"template":"","format":"standard","meta":{"ngg_post_thumbnail":0,"footnotes":""},"categories":[243],"tags":[],"class_list":["post-11249","post","type-post","status-publish","format-standard","hentry","category-geral"],"views":1226,"meta_data":{"thumb":"https:\/\/portalv1.com.br\/app\/wp-content\/uploads\/2011\/11\/assistorres1.jpg","data":{"simple":"28\/11\/2011","date_time":"28\/11\/2011 14:18:21","date":"h\u00e1 14 anos"},"chapeu":"","source":""},"_links":{"self":[{"href":"https:\/\/portalv1.com.br\/api\/wp\/v2\/posts\/11249","targetHints":{"allow":["GET"]}}],"collection":[{"href":"https:\/\/portalv1.com.br\/api\/wp\/v2\/posts"}],"about":[{"href":"https:\/\/portalv1.com.br\/api\/wp\/v2\/types\/post"}],"author":[{"embeddable":true,"href":"https:\/\/portalv1.com.br\/api\/wp\/v2\/users\/1"}],"replies":[{"embeddable":true,"href":"https:\/\/portalv1.com.br\/api\/wp\/v2\/comments?post=11249"}],"version-history":[{"count":0,"href":"https:\/\/portalv1.com.br\/api\/wp\/v2\/posts\/11249\/revisions"}],"wp:attachment":[{"href":"https:\/\/portalv1.com.br\/api\/wp\/v2\/media?parent=11249"}],"wp:term":[{"taxonomy":"category","embeddable":true,"href":"https:\/\/portalv1.com.br\/api\/wp\/v2\/categories?post=11249"},{"taxonomy":"post_tag","embeddable":true,"href":"https:\/\/portalv1.com.br\/api\/wp\/v2\/tags?post=11249"}],"curies":[{"name":"wp","href":"https:\/\/api.w.org\/{rel}","templated":true}]}}