{"id":11265,"date":"2011-11-29T21:57:35","date_gmt":"2011-11-30T00:57:35","guid":{"rendered":"https:\/\/portalv1.com.br\/?p=11265"},"modified":"2011-12-02T22:19:39","modified_gmt":"2011-12-03T01:19:39","slug":"justica-eleitoral-de-valenca-passa-por-correicao-veja-detalhes","status":"publish","type":"post","link":"https:\/\/portalv1.com.br\/justica-eleitoral-de-valenca-passa-por-correicao-veja-detalhes\/","title":{"rendered":"Justi\u00e7a Eleitoral de Valen\u00e7a passa por Correi\u00e7\u00e3o. Veja detalhes"},"content":{"rendered":"<figure id=\"attachment_11266\" aria-describedby=\"caption-attachment-11266\" style=\"width: 300px\" class=\"wp-caption alignright\"><a href=\"https:\/\/portalv1.com.br\/app\/wp-content\/uploads\/2011\/11\/joseosvaldo.jpg\"><img loading=\"lazy\" decoding=\"async\" class=\"size-full wp-image-11266\" title=\"joseosvaldo\" src=\"https:\/\/portalv1.com.br\/app\/wp-content\/uploads\/2011\/11\/joseosvaldo.jpg\" alt=\"\" width=\"300\" height=\"183\" \/><\/a><figcaption id=\"caption-attachment-11266\" class=\"wp-caption-text\">juiz eleitoral Dr. Jos\u00e9 Osvaldo de Sousa<\/figcaption><\/figure>\n<p>As tr\u00eas cidades que comp\u00f5e a 18\u00aa Zona Eleitoral Valen\u00e7a do Piau\u00ed, Novo Oriente e Lagoa do Sitio est\u00e3o a partir dessa ter\u00e7a-feira, 29 de novembro passando por Correi\u00e7\u00e3o Eleitoral. Os trabalhos foram iniciados na manha desta ter\u00e7a-feira (29), no Cart\u00f3rio Eleitoral pelo juiz eleitoral Dr. Jos\u00e9 Osvaldo de Sousa, na presen\u00e7a da chefe do cart\u00f3rio eleitoral Concei\u00e7\u00e3o de Maria Gomes Leal, prefeito de Valen\u00e7a Francisco Alc\u00e2ntara, vice-prefeita Salete Lima Verde, al\u00e9m dos funcion\u00e1rios Ros\u00e1rio Anjos e Francisco Santos.<\/p>\n<p>A correi\u00e7\u00e3o eleitoral acontece at\u00e9 o dia 09 de dezembro, quando ser\u00e1 divulgada os levantamentos e os n\u00fameros da 18\u00aa Zona Eleitoral, que assim como as demais se preparam para o pleito de 2012. Existem hoje na cidade de Valen\u00e7a do Piau\u00ed 22 partidos constitu\u00eddos todos vigentes. 11 na cidade de Lagoa do Sitio, sendo que o PPS est\u00e1 com problemas. 11 em Novo Oriente, sendo dois com pend\u00eancias, o PSB e o DEM. Durante a Correi\u00e7\u00e3o Eleitoral o cidad\u00e3o poder\u00e1 levar suas reclama\u00e7\u00f5es e denuncias ao Cart\u00f3rio Eleitoral.<\/p>\n","protected":false},"excerpt":{"rendered":"<p>As tr\u00eas cidades que comp\u00f5e a 18\u00aa Zona Eleitoral Valen\u00e7a do Piau\u00ed, Novo Oriente e Lagoa do Sitio est\u00e3o a partir dessa ter\u00e7a-feira, 29 de novembro passando por Correi\u00e7\u00e3o Eleitoral&#8230;.<\/p>\n","protected":false},"author":1,"featured_media":0,"comment_status":"open","ping_status":"open","sticky":false,"template":"","format":"standard","meta":{"ngg_post_thumbnail":0,"footnotes":""},"categories":[12],"tags":[],"class_list":["post-11265","post","type-post","status-publish","format-standard","hentry","category-valenca-news"],"views":605,"meta_data":{"thumb":"https:\/\/portalv1.com.br\/app\/wp-content\/uploads\/2011\/11\/joseosvaldo.jpg","data":{"simple":"29\/11\/2011","date_time":"29\/11\/2011 18:57:35","date":"h\u00e1 14 anos"},"chapeu":"","source":""},"_links":{"self":[{"href":"https:\/\/portalv1.com.br\/api\/wp\/v2\/posts\/11265","targetHints":{"allow":["GET"]}}],"collection":[{"href":"https:\/\/portalv1.com.br\/api\/wp\/v2\/posts"}],"about":[{"href":"https:\/\/portalv1.com.br\/api\/wp\/v2\/types\/post"}],"author":[{"embeddable":true,"href":"https:\/\/portalv1.com.br\/api\/wp\/v2\/users\/1"}],"replies":[{"embeddable":true,"href":"https:\/\/portalv1.com.br\/api\/wp\/v2\/comments?post=11265"}],"version-history":[{"count":0,"href":"https:\/\/portalv1.com.br\/api\/wp\/v2\/posts\/11265\/revisions"}],"wp:attachment":[{"href":"https:\/\/portalv1.com.br\/api\/wp\/v2\/media?parent=11265"}],"wp:term":[{"taxonomy":"category","embeddable":true,"href":"https:\/\/portalv1.com.br\/api\/wp\/v2\/categories?post=11265"},{"taxonomy":"post_tag","embeddable":true,"href":"https:\/\/portalv1.com.br\/api\/wp\/v2\/tags?post=11265"}],"curies":[{"name":"wp","href":"https:\/\/api.w.org\/{rel}","templated":true}]}}