{"id":112790,"date":"2022-03-20T11:47:47","date_gmt":"2022-03-20T14:47:47","guid":{"rendered":"https:\/\/portalv1.com.br\/?p=112790"},"modified":"2022-03-20T18:10:22","modified_gmt":"2022-03-20T21:10:22","slug":"barragem-mesa-de-pedra-em-valenca-sangra-e-agua-invade-barracas","status":"publish","type":"post","link":"https:\/\/portalv1.com.br\/barragem-mesa-de-pedra-em-valenca-sangra-e-agua-invade-barracas\/","title":{"rendered":"Barragem Mesa de Pedra em Valen\u00e7a sangra e \u00e1gua invade barracas"},"content":{"rendered":"<p>Comerciantes das imedia\u00e7\u00f5es da barragem de Mesa de Pedra, em Valen\u00e7a, tiveram que abandonar seus pontos na tarde deste s\u00e1bado (19), depois que a \u00e1gua invadiu as barracas localizadas no mesmo n\u00edvel da \u00e1gua.<\/p>\n<p>Neste domingo (20), o n\u00edvel continua alto e alguns comerciantes voltaram ao local para observar e torcer que a \u00e1gua baixe logo para acessarem as barracas e catalogarem os preju\u00edzos.<\/p>\n<p>De acordo com o colaborador Ot\u00e1vio Pereira, que esteve no local a pedido do Portal V1, na manh\u00e3 deste domingo, muitos comerciantes n\u00e3o acreditavam que o n\u00edvel da \u00e1gua subisse ao ponto de invadir as barracas e com isso n\u00e3o conseguiram retirar geladeiras, freezer, sinuca, fog\u00e3o etc.<\/p>\n<p>Segundo moradores, na \u00faltima segunda-feira a \u00e1gua invadiu duas barracas e neste fim de semana a inunda\u00e7\u00e3o atingiu todas elas que est\u00e3o no mesmo n\u00edvel. A Barragem Mesa de Pedra tem capacidade para 65 milh\u00f5es de metros c\u00fabicos de \u00e1gua, e \u00e9 uma das maiores do estado. Assista ao v\u00eddeo.<\/p>\n<p><div class=\"content-iframe\" data-content-width=\"600\"><iframe loading=\"lazy\" title=\"YouTube video player\" src=\"https:\/\/www.youtube.com\/embed\/7pW4Ml7eWAw\" width=\"560\" height=\"315\" frameborder=\"0\" allowfullscreen=\"allowfullscreen\"><\/iframe><\/div>&nbsp;<\/p>\n","protected":false},"excerpt":{"rendered":"<p>Comerciantes das imedia\u00e7\u00f5es da barragem de Mesa de Pedra, em Valen\u00e7a, tiveram que abandonar seus pontos na tarde deste s\u00e1bado (19), depois que a \u00e1gua invadiu as barracas localizadas no&#8230;<\/p>\n","protected":false},"author":1,"featured_media":112791,"comment_status":"open","ping_status":"open","sticky":false,"template":"","format":"standard","meta":{"ngg_post_thumbnail":0,"footnotes":""},"categories":[243],"tags":[],"class_list":["post-112790","post","type-post","status-publish","format-standard","has-post-thumbnail","hentry","category-geral"],"views":1977,"meta_data":{"thumb":"https:\/\/portalv1.com.br\/app\/wp-content\/uploads\/2022\/03\/mesa-de-pedra-ok.jpg","imagem":{"fullsize":{"url":"https:\/\/portalv1.com.br\/app\/wp-content\/uploads\/2022\/03\/mesa-de-pedra-ok.jpg","width":1280,"height":720},"medium":{"url":"https:\/\/portalv1.com.br\/app\/wp-content\/uploads\/2022\/03\/mesa-de-pedra-ok-300x169.jpg","width":300,"height":169},"large":{"url":"https:\/\/portalv1.com.br\/app\/wp-content\/uploads\/2022\/03\/mesa-de-pedra-ok-640x360.jpg","width":640,"height":360},"thumbnail":{"url":"https:\/\/portalv1.com.br\/app\/wp-content\/uploads\/2022\/03\/mesa-de-pedra-ok-100x100.jpg","width":100,"height":100},"medium_large":{"url":"https:\/\/portalv1.com.br\/app\/wp-content\/uploads\/2022\/03\/mesa-de-pedra-ok-768x432.jpg","width":768,"height":432}},"data":{"simple":"20\/03\/2022","date_time":"20\/03\/2022 08:47:47","date":"h\u00e1 4 anos"},"chapeu":"Assista ao v\u00eddeo ","source":"slide"},"_links":{"self":[{"href":"https:\/\/portalv1.com.br\/api\/wp\/v2\/posts\/112790","targetHints":{"allow":["GET"]}}],"collection":[{"href":"https:\/\/portalv1.com.br\/api\/wp\/v2\/posts"}],"about":[{"href":"https:\/\/portalv1.com.br\/api\/wp\/v2\/types\/post"}],"author":[{"embeddable":true,"href":"https:\/\/portalv1.com.br\/api\/wp\/v2\/users\/1"}],"replies":[{"embeddable":true,"href":"https:\/\/portalv1.com.br\/api\/wp\/v2\/comments?post=112790"}],"version-history":[{"count":0,"href":"https:\/\/portalv1.com.br\/api\/wp\/v2\/posts\/112790\/revisions"}],"wp:featuredmedia":[{"embeddable":true,"href":"https:\/\/portalv1.com.br\/api\/wp\/v2\/media\/112791"}],"wp:attachment":[{"href":"https:\/\/portalv1.com.br\/api\/wp\/v2\/media?parent=112790"}],"wp:term":[{"taxonomy":"category","embeddable":true,"href":"https:\/\/portalv1.com.br\/api\/wp\/v2\/categories?post=112790"},{"taxonomy":"post_tag","embeddable":true,"href":"https:\/\/portalv1.com.br\/api\/wp\/v2\/tags?post=112790"}],"curies":[{"name":"wp","href":"https:\/\/api.w.org\/{rel}","templated":true}]}}