{"id":11352,"date":"2011-12-07T00:10:27","date_gmt":"2011-12-07T03:10:27","guid":{"rendered":"https:\/\/portalv1.com.br\/?p=11352"},"modified":"2011-12-07T16:23:39","modified_gmt":"2011-12-07T19:23:39","slug":"sede-da-aabb-comeca-a-ser-erguida-e-clube-abre-novas-cotas-fotos","status":"publish","type":"post","link":"https:\/\/portalv1.com.br\/sede-da-aabb-comeca-a-ser-erguida-e-clube-abre-novas-cotas-fotos\/","title":{"rendered":"Sede da AABB come\u00e7a a ser erguida e clube abre novas cotas. Fotos"},"content":{"rendered":"<figure id=\"attachment_11353\" aria-describedby=\"caption-attachment-11353\" style=\"width: 300px\" class=\"wp-caption alignright\"><a href=\"https:\/\/portalv1.com.br\/app\/wp-content\/uploads\/2011\/12\/aabb.jpg\"><img loading=\"lazy\" decoding=\"async\" class=\"size-full wp-image-11353\" title=\"aabb\" src=\"https:\/\/portalv1.com.br\/app\/wp-content\/uploads\/2011\/12\/aabb.jpg\" alt=\"\" width=\"300\" height=\"183\" \/><\/a><figcaption id=\"caption-attachment-11353\" class=\"wp-caption-text\">AABB de Valen\u00e7a do Piau\u00ed<\/figcaption><\/figure>\n<p>Foi dado inicio a constru\u00e7\u00e3o da sede da AABB de Valen\u00e7a do Piau\u00ed, as cavas j\u00e1 come\u00e7aram a ser feitas e dentro de pouco tempo o clube ter\u00e1 sua sede social apta para servir os s\u00f3cios. A AABB recentemente inaugurou seu campo de futebol que est\u00e1 servindo a todos os s\u00f3cios nos dias estabelecidos pela dire\u00e7\u00e3o.<\/p>\n<p>Todos os domingos est\u00e1 acontecendo lazer no clube que dever\u00e1 ser um dos pontos mais visitados desse per\u00edodo natalino. A dire\u00e7\u00e3o da AABB lan\u00e7ar\u00e1 no pr\u00f3ximo dia 11 de dezembro mais um lote de cotas no mercado a pre\u00e7os de R$ 1.300 divididos em quatro vezes. Os interessados devem procurar o Banco do Brasil e assegurar sua cota que ser\u00e3o limitadas. Confira fotos da AABB.<\/p>\n<p><strong><div class=\"ngg-galleryoverview\" data-widget=\"Galeria\" data-props='{&quot;galeria&quot;:{&quot;gallery_id&quot;:713,&quot;total&quot;:4,&quot;max_page&quot;:1,&quot;page&quot;:1,&quot;images&quot;:[{&quot;pid&quot;:12609,&quot;imageURL&quot;:&quot;https:\\\/\\\/portalv1.com.br\\\/app\\\/wp-content\\\/gallery\\\/abb_1\\\/portalv1-002.jpg?t=1722545954&quot;,&quot;thumbnailURL&quot;:&quot;https:\\\/\\\/portalv1.com.br\\\/app\\\/wp-content\\\/gallery\\\/abb_1\\\/thumbs\\\/thumbs_portalv1-002.jpg?t=1722545954&quot;,&quot;description&quot;:&quot; &quot;,&quot;alttext&quot;:&quot;portalv1-002&quot;,&quot;style&quot;:&quot;&quot;},{&quot;pid&quot;:12610,&quot;imageURL&quot;:&quot;https:\\\/\\\/portalv1.com.br\\\/app\\\/wp-content\\\/gallery\\\/abb_1\\\/portalv1-003.jpg?t=1722570836&quot;,&quot;thumbnailURL&quot;:&quot;https:\\\/\\\/portalv1.com.br\\\/app\\\/wp-content\\\/gallery\\\/abb_1\\\/thumbs\\\/thumbs_portalv1-003.jpg?t=1722570836&quot;,&quot;description&quot;:&quot; &quot;,&quot;alttext&quot;:&quot;portalv1-003&quot;,&quot;style&quot;:&quot;&quot;},{&quot;pid&quot;:12611,&quot;imageURL&quot;:&quot;https:\\\/\\\/portalv1.com.br\\\/app\\\/wp-content\\\/gallery\\\/abb_1\\\/portalv1-004.jpg?t=1763150965&quot;,&quot;thumbnailURL&quot;:&quot;https:\\\/\\\/portalv1.com.br\\\/app\\\/wp-content\\\/gallery\\\/abb_1\\\/thumbs\\\/thumbs_portalv1-004.jpg?t=1763150965&quot;,&quot;description&quot;:&quot; &quot;,&quot;alttext&quot;:&quot;portalv1-004&quot;,&quot;style&quot;:&quot;&quot;},{&quot;pid&quot;:12612,&quot;imageURL&quot;:&quot;https:\\\/\\\/portalv1.com.br\\\/app\\\/wp-content\\\/gallery\\\/abb_1\\\/portalv1-006.jpg?t=1763150961&quot;,&quot;thumbnailURL&quot;:&quot;https:\\\/\\\/portalv1.com.br\\\/app\\\/wp-content\\\/gallery\\\/abb_1\\\/thumbs\\\/thumbs_portalv1-006.jpg?t=1763150961&quot;,&quot;description&quot;:&quot; &quot;,&quot;alttext&quot;:&quot;portalv1-006&quot;,&quot;style&quot;:&quot;&quot;}]}}'><\/div><\/strong>.<\/p>\n","protected":false},"excerpt":{"rendered":"<p>Foi dado inicio a constru\u00e7\u00e3o da sede da AABB de Valen\u00e7a do Piau\u00ed, as cavas j\u00e1 come\u00e7aram a ser feitas e dentro de pouco tempo o clube ter\u00e1 sua sede&#8230;<\/p>\n","protected":false},"author":1,"featured_media":0,"comment_status":"open","ping_status":"open","sticky":false,"template":"","format":"standard","meta":{"ngg_post_thumbnail":0,"footnotes":""},"categories":[12],"tags":[],"class_list":["post-11352","post","type-post","status-publish","format-standard","hentry","category-valenca-news"],"views":618,"meta_data":{"thumb":"https:\/\/portalv1.com.br\/app\/wp-content\/uploads\/2011\/12\/aabb.jpg","data":{"simple":"06\/12\/2011","date_time":"06\/12\/2011 21:10:27","date":"h\u00e1 14 anos"},"chapeu":"","source":""},"_links":{"self":[{"href":"https:\/\/portalv1.com.br\/api\/wp\/v2\/posts\/11352","targetHints":{"allow":["GET"]}}],"collection":[{"href":"https:\/\/portalv1.com.br\/api\/wp\/v2\/posts"}],"about":[{"href":"https:\/\/portalv1.com.br\/api\/wp\/v2\/types\/post"}],"author":[{"embeddable":true,"href":"https:\/\/portalv1.com.br\/api\/wp\/v2\/users\/1"}],"replies":[{"embeddable":true,"href":"https:\/\/portalv1.com.br\/api\/wp\/v2\/comments?post=11352"}],"version-history":[{"count":0,"href":"https:\/\/portalv1.com.br\/api\/wp\/v2\/posts\/11352\/revisions"}],"wp:attachment":[{"href":"https:\/\/portalv1.com.br\/api\/wp\/v2\/media?parent=11352"}],"wp:term":[{"taxonomy":"category","embeddable":true,"href":"https:\/\/portalv1.com.br\/api\/wp\/v2\/categories?post=11352"},{"taxonomy":"post_tag","embeddable":true,"href":"https:\/\/portalv1.com.br\/api\/wp\/v2\/tags?post=11352"}],"curies":[{"name":"wp","href":"https:\/\/api.w.org\/{rel}","templated":true}]}}