{"id":113607,"date":"2022-04-02T12:18:33","date_gmt":"2022-04-02T15:18:33","guid":{"rendered":"https:\/\/portalv1.com.br\/?p=113607"},"modified":"2022-04-02T12:18:33","modified_gmt":"2022-04-02T15:18:33","slug":"1a-blitz-de-conscientizacao-e-realizada-em-valenca-no-dia-mundial-do-autismo","status":"publish","type":"post","link":"https:\/\/portalv1.com.br\/1a-blitz-de-conscientizacao-e-realizada-em-valenca-no-dia-mundial-do-autismo\/","title":{"rendered":"1\u00aa Blitz de Conscientiza\u00e7\u00e3o \u00e9 realizada em Valen\u00e7a no Dia Mundial do Autismo"},"content":{"rendered":"<p>A Cl\u00ednica Integrar em parceria com a Secretaria Municipal de Sa\u00fade, realizou neste s\u00e1bado 02 de abril, a 1\u00aa Blitz de Conscientiza\u00e7\u00e3o do Autismo, na data \u00e9 comemorado o Dia Mundial do Autismo. O evento aconteceu em frente ao terminal rodovi\u00e1rio com a presen\u00e7a de pais de pessoas com transtorno do espectro autista (TEA), profissionais da sa\u00fade e apoiadores da causa.<\/p>\n<p>Luciana Martins, diretora da Cl\u00ednica Integrar e fomentadora da blitz, conta que a data comemorativa \u00e9 tamb\u00e9m de muita luta pelos direitos das pessoas com autismo que ainda hoje sofrem preconceito pela falta de conhecimento da sociedade.<\/p>\n<p>\u201cA gente tem essa data como um marco que \u00e9 o dia 02 de abril, Dia Mundial de Conscientiza\u00e7\u00e3o do Autismo, mas \u00e9 um alerta para sociedade pra que possa abordar e abrir os olhos para import\u00e2ncia dessa comunidade, de a gente est\u00e1 respeitando seus direitos, est\u00e1 aprendendo a conviver com as suas diferen\u00e7as, todos n\u00f3s somos diferentes e as pessoas com autismo tem alguns comportamentos que s\u00e3o diferentes e muitas vezes esse comportamento eles s\u00e3o vistos de maneira preconceituosa pela sociedade\u201d, explica Luciana.<\/p>\n<p>A diretora lembra que o trabalho n\u00e3o acontece s\u00f3 no dia do autismo, mas \u00e9 uma luta di\u00e1ria. \u201cA gente chama aten\u00e7\u00e3o hoje no dia 02 de abril, mas na realidade n\u00f3s estamos todos os dias nessa luta, seja nas escolas, seja no contexto social ou no contexto esportivo, lutando para que esse espa\u00e7o seja respeitado e que essas pessoas possam ter uma vida digna e que possam exercer o seu direito como qualquer outra pessoa\u201d, disse.<\/p>\n<p>A fomentadora da blitz ainda fala da parceria que existe com a Secretaria de Sa\u00fade e Educa\u00e7\u00e3o do munic\u00edpio de Valen\u00e7a.<\/p>\n<p>\u201cA gente vem alinhando uma conversa com a Secret\u00e1ria de Educa\u00e7\u00e3o e com o Secret\u00e1rio de Sa\u00fade, j\u00e1 tem um projeto que est\u00e1 em desenvolvimento e a gente pretende com essa parceria levar inclus\u00e3o para escolas, levar inclus\u00e3o para sociedade, levar informa\u00e7\u00e3o, esse projeto de hoje \u00e9 um pontap\u00e9 para que a gente possa mudar essa vis\u00e3o preconceituosa que ainda existe, quebrar os padr\u00f5es de medo que as pessoas tem do que n\u00e3o conhece e levar educa\u00e7\u00e3o para essas pessoas que precisam de forma adaptada e com profissionais capacitados para isso, para que a gente possa realmente ter uma estrutura descente e respeitosa para receber essas pessoas\u201d, conclui Luciana Martins. &nbsp;<\/p>\n<p>A professora Francisca dos Anjos veio da cidade de Santa Cruz dos Milagres com o filho Lu\u00eds, portador de TEA, para participar da blitz de conscientiza\u00e7\u00e3o. A m\u00e3e do pequeno Lu\u00eds j\u00e1 conhece bem esse percurso, pois \u00e9 o mesmo percorrido por ela e o filho para fazer o acompanhamento profissional na Cl\u00ednica Integrar.<\/p>\n<p>\u201cFa\u00e7o acompanhamento do meu filho na cl\u00ednica da Dra. Luciana, ele faz terapia e faz fonoaudiologia\u201d. Francisca conta os benef\u00edcios do filho passar com os profissionais.<\/p>\n<p>\u201cEsse acompanhamento \u00e9 muito bom pra ele, para o desenvolvimento dele porque ele precisa\u201d, disse a m\u00e3e do Lu\u00eds que encerra dizendo, \u201cera muito bom se houvesse mais eventos para conscientizar as pessoas, porque as nossas crian\u00e7as tem direitos iguais a qualquer outra crian\u00e7a\u201d.<\/p>\n<p>Participaram ainda da blitz os vereadores Vanildo Castro, Edilsa do Vale e Ielva Mel\u00e3o, al\u00e9m da assessora de comunica\u00e7\u00e3o Mauricelia Sousa, a coordenadora de imuniza\u00e7\u00e3o e epidemiologia da Secretaria de Sa\u00fade de Valen\u00e7a, Fabiola Lopes e representantes do Conselho Tutelar.<\/p>\n<div class=\"ngg-galleryoverview\" id=\"1\">\n                    <div data-widget=\"Galeria\" data-props=\"{&quot;galeria&quot;:{&quot;max_page&quot;:1,&quot;total&quot;:20,&quot;gallery_id&quot;:1,&quot;images&quot;:[{&quot;thumbcode&quot;:&quot;https:\\\/\\\/portalv1.com.br\\\/app\\\/wp-content\\\/uploads\\\/2022\\\/04\\\/srIMG_5923-400x250.jpg&quot;,&quot;imageURL&quot;:&quot;https:\\\/\\\/portalv1.com.br\\\/app\\\/wp-content\\\/uploads\\\/2022\\\/04\\\/srIMG_5923.jpg&quot;,&quot;pid&quot;:113606,&quot;galleryid&quot;:1,&quot;description&quot;:&quot;&quot;,&quot;alttext&quot;:&quot;1\\u00aa Blitz de Conscientiza\\u00e7\\u00e3o \\u00e9 realizada em Valen\\u00e7a no Dia Mundial do Autismo&quot;,&quot;thumbnailURL&quot;:&quot;https:\\\/\\\/portalv1.com.br\\\/app\\\/wp-content\\\/uploads\\\/2022\\\/04\\\/srIMG_5923-400x250.jpg&quot;,&quot;style&quot;:&quot;&quot;},{&quot;thumbcode&quot;:&quot;https:\\\/\\\/portalv1.com.br\\\/app\\\/wp-content\\\/uploads\\\/2022\\\/04\\\/srIMG_5916-400x250.jpg&quot;,&quot;imageURL&quot;:&quot;https:\\\/\\\/portalv1.com.br\\\/app\\\/wp-content\\\/uploads\\\/2022\\\/04\\\/srIMG_5916.jpg&quot;,&quot;pid&quot;:113605,&quot;galleryid&quot;:1,&quot;description&quot;:&quot;&quot;,&quot;alttext&quot;:&quot;1\\u00aa Blitz de Conscientiza\\u00e7\\u00e3o \\u00e9 realizada em Valen\\u00e7a no Dia Mundial do Autismo&quot;,&quot;thumbnailURL&quot;:&quot;https:\\\/\\\/portalv1.com.br\\\/app\\\/wp-content\\\/uploads\\\/2022\\\/04\\\/srIMG_5916-400x250.jpg&quot;,&quot;style&quot;:&quot;&quot;},{&quot;thumbcode&quot;:&quot;https:\\\/\\\/portalv1.com.br\\\/app\\\/wp-content\\\/uploads\\\/2022\\\/04\\\/sr_MG_5986-400x250.jpg&quot;,&quot;imageURL&quot;:&quot;https:\\\/\\\/portalv1.com.br\\\/app\\\/wp-content\\\/uploads\\\/2022\\\/04\\\/sr_MG_5986.jpg&quot;,&quot;pid&quot;:113603,&quot;galleryid&quot;:1,&quot;description&quot;:&quot;&quot;,&quot;alttext&quot;:&quot;1\\u00aa Blitz de Conscientiza\\u00e7\\u00e3o \\u00e9 realizada em Valen\\u00e7a no Dia Mundial do Autismo&quot;,&quot;thumbnailURL&quot;:&quot;https:\\\/\\\/portalv1.com.br\\\/app\\\/wp-content\\\/uploads\\\/2022\\\/04\\\/sr_MG_5986-400x250.jpg&quot;,&quot;style&quot;:&quot;&quot;},{&quot;thumbcode&quot;:&quot;https:\\\/\\\/portalv1.com.br\\\/app\\\/wp-content\\\/uploads\\\/2022\\\/04\\\/sr_MG_5990-400x250.jpg&quot;,&quot;imageURL&quot;:&quot;https:\\\/\\\/portalv1.com.br\\\/app\\\/wp-content\\\/uploads\\\/2022\\\/04\\\/sr_MG_5990.jpg&quot;,&quot;pid&quot;:113604,&quot;galleryid&quot;:1,&quot;description&quot;:&quot;&quot;,&quot;alttext&quot;:&quot;1\\u00aa Blitz de Conscientiza\\u00e7\\u00e3o \\u00e9 realizada em Valen\\u00e7a no Dia Mundial do Autismo&quot;,&quot;thumbnailURL&quot;:&quot;https:\\\/\\\/portalv1.com.br\\\/app\\\/wp-content\\\/uploads\\\/2022\\\/04\\\/sr_MG_5990-400x250.jpg&quot;,&quot;style&quot;:&quot;&quot;},{&quot;thumbcode&quot;:&quot;https:\\\/\\\/portalv1.com.br\\\/app\\\/wp-content\\\/uploads\\\/2022\\\/04\\\/sr_MG_5984-400x250.jpg&quot;,&quot;imageURL&quot;:&quot;https:\\\/\\\/portalv1.com.br\\\/app\\\/wp-content\\\/uploads\\\/2022\\\/04\\\/sr_MG_5984.jpg&quot;,&quot;pid&quot;:113602,&quot;galleryid&quot;:1,&quot;description&quot;:&quot;&quot;,&quot;alttext&quot;:&quot;1\\u00aa Blitz de Conscientiza\\u00e7\\u00e3o \\u00e9 realizada em Valen\\u00e7a no Dia Mundial do Autismo&quot;,&quot;thumbnailURL&quot;:&quot;https:\\\/\\\/portalv1.com.br\\\/app\\\/wp-content\\\/uploads\\\/2022\\\/04\\\/sr_MG_5984-400x250.jpg&quot;,&quot;style&quot;:&quot;&quot;},{&quot;thumbcode&quot;:&quot;https:\\\/\\\/portalv1.com.br\\\/app\\\/wp-content\\\/uploads\\\/2022\\\/04\\\/sr_MG_5974-400x250.jpg&quot;,&quot;imageURL&quot;:&quot;https:\\\/\\\/portalv1.com.br\\\/app\\\/wp-content\\\/uploads\\\/2022\\\/04\\\/sr_MG_5974.jpg&quot;,&quot;pid&quot;:113597,&quot;galleryid&quot;:1,&quot;description&quot;:&quot;&quot;,&quot;alttext&quot;:&quot;1\\u00aa Blitz de Conscientiza\\u00e7\\u00e3o \\u00e9 realizada em Valen\\u00e7a no Dia Mundial do Autismo&quot;,&quot;thumbnailURL&quot;:&quot;https:\\\/\\\/portalv1.com.br\\\/app\\\/wp-content\\\/uploads\\\/2022\\\/04\\\/sr_MG_5974-400x250.jpg&quot;,&quot;style&quot;:&quot;&quot;},{&quot;thumbcode&quot;:&quot;https:\\\/\\\/portalv1.com.br\\\/app\\\/wp-content\\\/uploads\\\/2022\\\/04\\\/sr_MG_5975-400x250.jpg&quot;,&quot;imageURL&quot;:&quot;https:\\\/\\\/portalv1.com.br\\\/app\\\/wp-content\\\/uploads\\\/2022\\\/04\\\/sr_MG_5975.jpg&quot;,&quot;pid&quot;:113598,&quot;galleryid&quot;:1,&quot;description&quot;:&quot;&quot;,&quot;alttext&quot;:&quot;1\\u00aa Blitz de Conscientiza\\u00e7\\u00e3o \\u00e9 realizada em Valen\\u00e7a no Dia Mundial do Autismo&quot;,&quot;thumbnailURL&quot;:&quot;https:\\\/\\\/portalv1.com.br\\\/app\\\/wp-content\\\/uploads\\\/2022\\\/04\\\/sr_MG_5975-400x250.jpg&quot;,&quot;style&quot;:&quot;&quot;},{&quot;thumbcode&quot;:&quot;https:\\\/\\\/portalv1.com.br\\\/app\\\/wp-content\\\/uploads\\\/2022\\\/04\\\/sr_MG_5978-400x250.jpg&quot;,&quot;imageURL&quot;:&quot;https:\\\/\\\/portalv1.com.br\\\/app\\\/wp-content\\\/uploads\\\/2022\\\/04\\\/sr_MG_5978.jpg&quot;,&quot;pid&quot;:113599,&quot;galleryid&quot;:1,&quot;description&quot;:&quot;&quot;,&quot;alttext&quot;:&quot;1\\u00aa Blitz de Conscientiza\\u00e7\\u00e3o \\u00e9 realizada em Valen\\u00e7a no Dia Mundial do Autismo&quot;,&quot;thumbnailURL&quot;:&quot;https:\\\/\\\/portalv1.com.br\\\/app\\\/wp-content\\\/uploads\\\/2022\\\/04\\\/sr_MG_5978-400x250.jpg&quot;,&quot;style&quot;:&quot;&quot;},{&quot;thumbcode&quot;:&quot;https:\\\/\\\/portalv1.com.br\\\/app\\\/wp-content\\\/uploads\\\/2022\\\/04\\\/sr_MG_5981-400x250.jpg&quot;,&quot;imageURL&quot;:&quot;https:\\\/\\\/portalv1.com.br\\\/app\\\/wp-content\\\/uploads\\\/2022\\\/04\\\/sr_MG_5981.jpg&quot;,&quot;pid&quot;:113600,&quot;galleryid&quot;:1,&quot;description&quot;:&quot;&quot;,&quot;alttext&quot;:&quot;1\\u00aa Blitz de Conscientiza\\u00e7\\u00e3o \\u00e9 realizada em Valen\\u00e7a no Dia Mundial do Autismo&quot;,&quot;thumbnailURL&quot;:&quot;https:\\\/\\\/portalv1.com.br\\\/app\\\/wp-content\\\/uploads\\\/2022\\\/04\\\/sr_MG_5981-400x250.jpg&quot;,&quot;style&quot;:&quot;&quot;},{&quot;thumbcode&quot;:&quot;https:\\\/\\\/portalv1.com.br\\\/app\\\/wp-content\\\/uploads\\\/2022\\\/04\\\/sr_MG_5982-400x250.jpg&quot;,&quot;imageURL&quot;:&quot;https:\\\/\\\/portalv1.com.br\\\/app\\\/wp-content\\\/uploads\\\/2022\\\/04\\\/sr_MG_5982.jpg&quot;,&quot;pid&quot;:113601,&quot;galleryid&quot;:1,&quot;description&quot;:&quot;&quot;,&quot;alttext&quot;:&quot;1\\u00aa Blitz de Conscientiza\\u00e7\\u00e3o \\u00e9 realizada em Valen\\u00e7a no Dia Mundial do Autismo&quot;,&quot;thumbnailURL&quot;:&quot;https:\\\/\\\/portalv1.com.br\\\/app\\\/wp-content\\\/uploads\\\/2022\\\/04\\\/sr_MG_5982-400x250.jpg&quot;,&quot;style&quot;:&quot;&quot;},{&quot;thumbcode&quot;:&quot;https:\\\/\\\/portalv1.com.br\\\/app\\\/wp-content\\\/uploads\\\/2022\\\/04\\\/sr_MG_5953-400x250.jpg&quot;,&quot;imageURL&quot;:&quot;https:\\\/\\\/portalv1.com.br\\\/app\\\/wp-content\\\/uploads\\\/2022\\\/04\\\/sr_MG_5953.jpg&quot;,&quot;pid&quot;:113592,&quot;galleryid&quot;:1,&quot;description&quot;:&quot;&quot;,&quot;alttext&quot;:&quot;1\\u00aa Blitz de Conscientiza\\u00e7\\u00e3o \\u00e9 realizada em Valen\\u00e7a no Dia Mundial do Autismo&quot;,&quot;thumbnailURL&quot;:&quot;https:\\\/\\\/portalv1.com.br\\\/app\\\/wp-content\\\/uploads\\\/2022\\\/04\\\/sr_MG_5953-400x250.jpg&quot;,&quot;style&quot;:&quot;&quot;},{&quot;thumbcode&quot;:&quot;https:\\\/\\\/portalv1.com.br\\\/app\\\/wp-content\\\/uploads\\\/2022\\\/04\\\/sr_MG_5954-400x250.jpg&quot;,&quot;imageURL&quot;:&quot;https:\\\/\\\/portalv1.com.br\\\/app\\\/wp-content\\\/uploads\\\/2022\\\/04\\\/sr_MG_5954.jpg&quot;,&quot;pid&quot;:113593,&quot;galleryid&quot;:1,&quot;description&quot;:&quot;&quot;,&quot;alttext&quot;:&quot;1\\u00aa Blitz de Conscientiza\\u00e7\\u00e3o \\u00e9 realizada em Valen\\u00e7a no Dia Mundial do Autismo&quot;,&quot;thumbnailURL&quot;:&quot;https:\\\/\\\/portalv1.com.br\\\/app\\\/wp-content\\\/uploads\\\/2022\\\/04\\\/sr_MG_5954-400x250.jpg&quot;,&quot;style&quot;:&quot;&quot;},{&quot;thumbcode&quot;:&quot;https:\\\/\\\/portalv1.com.br\\\/app\\\/wp-content\\\/uploads\\\/2022\\\/04\\\/sr_MG_5956-400x250.jpg&quot;,&quot;imageURL&quot;:&quot;https:\\\/\\\/portalv1.com.br\\\/app\\\/wp-content\\\/uploads\\\/2022\\\/04\\\/sr_MG_5956.jpg&quot;,&quot;pid&quot;:113594,&quot;galleryid&quot;:1,&quot;description&quot;:&quot;&quot;,&quot;alttext&quot;:&quot;1\\u00aa Blitz de Conscientiza\\u00e7\\u00e3o \\u00e9 realizada em Valen\\u00e7a no Dia Mundial do Autismo&quot;,&quot;thumbnailURL&quot;:&quot;https:\\\/\\\/portalv1.com.br\\\/app\\\/wp-content\\\/uploads\\\/2022\\\/04\\\/sr_MG_5956-400x250.jpg&quot;,&quot;style&quot;:&quot;&quot;},{&quot;thumbcode&quot;:&quot;https:\\\/\\\/portalv1.com.br\\\/app\\\/wp-content\\\/uploads\\\/2022\\\/04\\\/sr_MG_5965-400x250.jpg&quot;,&quot;imageURL&quot;:&quot;https:\\\/\\\/portalv1.com.br\\\/app\\\/wp-content\\\/uploads\\\/2022\\\/04\\\/sr_MG_5965.jpg&quot;,&quot;pid&quot;:113595,&quot;galleryid&quot;:1,&quot;description&quot;:&quot;&quot;,&quot;alttext&quot;:&quot;1\\u00aa Blitz de Conscientiza\\u00e7\\u00e3o \\u00e9 realizada em Valen\\u00e7a no Dia Mundial do Autismo&quot;,&quot;thumbnailURL&quot;:&quot;https:\\\/\\\/portalv1.com.br\\\/app\\\/wp-content\\\/uploads\\\/2022\\\/04\\\/sr_MG_5965-400x250.jpg&quot;,&quot;style&quot;:&quot;&quot;},{&quot;thumbcode&quot;:&quot;https:\\\/\\\/portalv1.com.br\\\/app\\\/wp-content\\\/uploads\\\/2022\\\/04\\\/sr_MG_5971-400x250.jpg&quot;,&quot;imageURL&quot;:&quot;https:\\\/\\\/portalv1.com.br\\\/app\\\/wp-content\\\/uploads\\\/2022\\\/04\\\/sr_MG_5971.jpg&quot;,&quot;pid&quot;:113596,&quot;galleryid&quot;:1,&quot;description&quot;:&quot;&quot;,&quot;alttext&quot;:&quot;1\\u00aa Blitz de Conscientiza\\u00e7\\u00e3o \\u00e9 realizada em Valen\\u00e7a no Dia Mundial do Autismo&quot;,&quot;thumbnailURL&quot;:&quot;https:\\\/\\\/portalv1.com.br\\\/app\\\/wp-content\\\/uploads\\\/2022\\\/04\\\/sr_MG_5971-400x250.jpg&quot;,&quot;style&quot;:&quot;&quot;},{&quot;thumbcode&quot;:&quot;https:\\\/\\\/portalv1.com.br\\\/app\\\/wp-content\\\/uploads\\\/2022\\\/04\\\/sr_MG_5952-400x250.jpg&quot;,&quot;imageURL&quot;:&quot;https:\\\/\\\/portalv1.com.br\\\/app\\\/wp-content\\\/uploads\\\/2022\\\/04\\\/sr_MG_5952.jpg&quot;,&quot;pid&quot;:113591,&quot;galleryid&quot;:1,&quot;description&quot;:&quot;&quot;,&quot;alttext&quot;:&quot;1\\u00aa Blitz de Conscientiza\\u00e7\\u00e3o \\u00e9 realizada em Valen\\u00e7a no Dia Mundial do Autismo&quot;,&quot;thumbnailURL&quot;:&quot;https:\\\/\\\/portalv1.com.br\\\/app\\\/wp-content\\\/uploads\\\/2022\\\/04\\\/sr_MG_5952-400x250.jpg&quot;,&quot;style&quot;:&quot;&quot;},{&quot;thumbcode&quot;:&quot;https:\\\/\\\/portalv1.com.br\\\/app\\\/wp-content\\\/uploads\\\/2022\\\/04\\\/sr_MG_5949-400x250.jpg&quot;,&quot;imageURL&quot;:&quot;https:\\\/\\\/portalv1.com.br\\\/app\\\/wp-content\\\/uploads\\\/2022\\\/04\\\/sr_MG_5949.jpg&quot;,&quot;pid&quot;:113590,&quot;galleryid&quot;:1,&quot;description&quot;:&quot;&quot;,&quot;alttext&quot;:&quot;1\\u00aa Blitz de Conscientiza\\u00e7\\u00e3o \\u00e9 realizada em Valen\\u00e7a no Dia Mundial do Autismo&quot;,&quot;thumbnailURL&quot;:&quot;https:\\\/\\\/portalv1.com.br\\\/app\\\/wp-content\\\/uploads\\\/2022\\\/04\\\/sr_MG_5949-400x250.jpg&quot;,&quot;style&quot;:&quot;&quot;},{&quot;thumbcode&quot;:&quot;https:\\\/\\\/portalv1.com.br\\\/app\\\/wp-content\\\/uploads\\\/2022\\\/04\\\/sr_MG_5946-400x250.jpg&quot;,&quot;imageURL&quot;:&quot;https:\\\/\\\/portalv1.com.br\\\/app\\\/wp-content\\\/uploads\\\/2022\\\/04\\\/sr_MG_5946.jpg&quot;,&quot;pid&quot;:113589,&quot;galleryid&quot;:1,&quot;description&quot;:&quot;&quot;,&quot;alttext&quot;:&quot;1\\u00aa Blitz de Conscientiza\\u00e7\\u00e3o \\u00e9 realizada em Valen\\u00e7a no Dia Mundial do Autismo&quot;,&quot;thumbnailURL&quot;:&quot;https:\\\/\\\/portalv1.com.br\\\/app\\\/wp-content\\\/uploads\\\/2022\\\/04\\\/sr_MG_5946-400x250.jpg&quot;,&quot;style&quot;:&quot;&quot;},{&quot;thumbcode&quot;:&quot;https:\\\/\\\/portalv1.com.br\\\/app\\\/wp-content\\\/uploads\\\/2022\\\/04\\\/sr_MG_5942-400x250.jpg&quot;,&quot;imageURL&quot;:&quot;https:\\\/\\\/portalv1.com.br\\\/app\\\/wp-content\\\/uploads\\\/2022\\\/04\\\/sr_MG_5942.jpg&quot;,&quot;pid&quot;:113588,&quot;galleryid&quot;:1,&quot;description&quot;:&quot;&quot;,&quot;alttext&quot;:&quot;1\\u00aa Blitz de Conscientiza\\u00e7\\u00e3o \\u00e9 realizada em Valen\\u00e7a no Dia Mundial do Autismo&quot;,&quot;thumbnailURL&quot;:&quot;https:\\\/\\\/portalv1.com.br\\\/app\\\/wp-content\\\/uploads\\\/2022\\\/04\\\/sr_MG_5942-400x250.jpg&quot;,&quot;style&quot;:&quot;&quot;},{&quot;thumbcode&quot;:&quot;https:\\\/\\\/portalv1.com.br\\\/app\\\/wp-content\\\/uploads\\\/2022\\\/04\\\/sr_MG_5938-400x250.jpg&quot;,&quot;imageURL&quot;:&quot;https:\\\/\\\/portalv1.com.br\\\/app\\\/wp-content\\\/uploads\\\/2022\\\/04\\\/sr_MG_5938.jpg&quot;,&quot;pid&quot;:113587,&quot;galleryid&quot;:1,&quot;description&quot;:&quot;&quot;,&quot;alttext&quot;:&quot;1\\u00aa Blitz de Conscientiza\\u00e7\\u00e3o \\u00e9 realizada em Valen\\u00e7a no Dia Mundial do Autismo&quot;,&quot;thumbnailURL&quot;:&quot;https:\\\/\\\/portalv1.com.br\\\/app\\\/wp-content\\\/uploads\\\/2022\\\/04\\\/sr_MG_5938-400x250.jpg&quot;,&quot;style&quot;:&quot;&quot;}]}}\"><\/div>\n                  <\/div>\n","protected":false},"excerpt":{"rendered":"<p>A Cl\u00ednica Integrar em parceria com a Secretaria Municipal de Sa\u00fade, realizou neste s\u00e1bado 02 de abril, a 1\u00aa Blitz de Conscientiza\u00e7\u00e3o do Autismo, na data \u00e9 comemorado o Dia&#8230;<\/p>\n","protected":false},"author":1,"featured_media":113605,"comment_status":"open","ping_status":"open","sticky":false,"template":"","format":"standard","meta":{"ngg_post_thumbnail":0,"footnotes":""},"categories":[243],"tags":[],"class_list":["post-113607","post","type-post","status-publish","format-standard","has-post-thumbnail","hentry","category-geral"],"views":542,"meta_data":{"thumb":"https:\/\/portalv1.com.br\/app\/wp-content\/uploads\/2022\/04\/srIMG_5916.jpg","imagem":{"fullsize":{"url":"https:\/\/portalv1.com.br\/app\/wp-content\/uploads\/2022\/04\/srIMG_5916.jpg","width":1024,"height":576},"medium":{"url":"https:\/\/portalv1.com.br\/app\/wp-content\/uploads\/2022\/04\/srIMG_5916-300x169.jpg","width":300,"height":169},"large":{"url":"https:\/\/portalv1.com.br\/app\/wp-content\/uploads\/2022\/04\/srIMG_5916-640x360.jpg","width":640,"height":360},"thumbnail":{"url":"https:\/\/portalv1.com.br\/app\/wp-content\/uploads\/2022\/04\/srIMG_5916-100x100.jpg","width":100,"height":100},"medium_large":{"url":"https:\/\/portalv1.com.br\/app\/wp-content\/uploads\/2022\/04\/srIMG_5916-768x432.jpg","width":768,"height":432}},"data":{"simple":"02\/04\/2022","date_time":"02\/04\/2022 09:18:33","date":"h\u00e1 4 anos"},"chapeu":"02 de Abril ","source":"slide"},"_links":{"self":[{"href":"https:\/\/portalv1.com.br\/api\/wp\/v2\/posts\/113607","targetHints":{"allow":["GET"]}}],"collection":[{"href":"https:\/\/portalv1.com.br\/api\/wp\/v2\/posts"}],"about":[{"href":"https:\/\/portalv1.com.br\/api\/wp\/v2\/types\/post"}],"author":[{"embeddable":true,"href":"https:\/\/portalv1.com.br\/api\/wp\/v2\/users\/1"}],"replies":[{"embeddable":true,"href":"https:\/\/portalv1.com.br\/api\/wp\/v2\/comments?post=113607"}],"version-history":[{"count":0,"href":"https:\/\/portalv1.com.br\/api\/wp\/v2\/posts\/113607\/revisions"}],"wp:featuredmedia":[{"embeddable":true,"href":"https:\/\/portalv1.com.br\/api\/wp\/v2\/media\/113605"}],"wp:attachment":[{"href":"https:\/\/portalv1.com.br\/api\/wp\/v2\/media?parent=113607"}],"wp:term":[{"taxonomy":"category","embeddable":true,"href":"https:\/\/portalv1.com.br\/api\/wp\/v2\/categories?post=113607"},{"taxonomy":"post_tag","embeddable":true,"href":"https:\/\/portalv1.com.br\/api\/wp\/v2\/tags?post=113607"}],"curies":[{"name":"wp","href":"https:\/\/api.w.org\/{rel}","templated":true}]}}